























































































































































































































































































{"id":618,"date":"2017-01-29T22:09:42","date_gmt":"2017-01-29T20:09:42","guid":{"rendered":"http:\/\/www2.waldex.ch\/wordpress\/?p=618"},"modified":"2022-02-04T14:09:04","modified_gmt":"2022-02-04T12:09:04","slug":"kamerfahrt-auf-der-modulanlage","status":"publish","type":"post","link":"https:\/\/www2.waldex.ch\/wordpress\/?p=618","title":{"rendered":"Kamerfahrt auf der Modulanlage"},"content":{"rendered":"<p>Endlich! Eine <a href=\"https:\/\/www.roco.cc\/de\/product\/235895-0-0-1-4-00-501-002002\/products.html\">Roco-RE460 mit WLAN-Kamera<\/a> macht es m\u00f6glich: In einem strahlengesch\u00fctztem Luftschutzkeller (&#8222;Bunker&#8220;) k\u00f6nnen Strahlen weder rein noch raus&#8230;.da analoge Funkkameras (idR mit 4 Funkkan\u00e4len), die geliebte, gute alte&nbsp;<a href=\"http:\/\/www.esu.eu\/produkte\/fruehere-produkte\/ecoscontrol-radio\/\">EcOSControl Radio<\/a>* und zudem noch das WLAN auf dem 2.4Ghz-Band kommunizieren wirds bzgl. \u00dcbertragung richtig eng&#8230;..und &#8211; eben strahlengesch\u00fctzter Raum &#8211; l\u00e4sst nicht nur kein Strahlen rein, sondern auch keine raus&#8230; und wer mal <a href=\"https:\/\/de.wikipedia.org\/wiki\/Wellengleichung\">Wellengleichungen <\/a>(be)rechnen musste weiss, dass solche W\u00e4nde beinahe perfekte Reflexionen der Wellen erm\u00f6glichen&#8230;zum leide des Filmens auf meiner Modellbahn&#8230;.<br \/>\nNuja, einige Funkkameras wurden fr\u00fchzeitig in Pension gesandt und die ControlRadio mal ausgeschaltet&#8230;.und so l\u00e4sst sich das Video der &#8222;alten&#8220; Anlage (bevor Waldingen 3b verbaut wird) schon mal ansehen.<\/p>\n<p>Hier noch die Beschreibung der Fahrt: Die Strecke ist vom Gleisplan her wie ein Hundeknochen:Vom Durchgangsbahnhof geht&#8217;s \u00fcber das Eck- und das Abzweigemodul ins Kehrmodul (&#8222;Wendemodul&#8220;, wie man ausserhalb der Schweiz sagt&#8230;hat also nix mit dem Lux Staubsaugerwagen oder andren Reinigungen zu tun \ud83d\ude42 ). Vom Kehrmodul wieder zur\u00fcck zum Durchgangsbahnhof und dann den 2.5-fachen Wendel runter \u00fcber die Rampe in den Schattenbahnhof &#8222;Bern&#8220;. Von dort geht es wieder hoch in den Durchgangsbahnhof. Anmerkung: das Video ist ohne Ton. Viel Spass beim Anschauen des Fahr-Videos!<\/p>\n<div style=\"width: 426px;\" class=\"wp-video\"><!--[if lt IE 9]><script>document.createElement('video');<\/script><![endif]-->\n<video class=\"wp-video-shortcode\" id=\"video-618-1\" width=\"426\" height=\"240\" preload=\"metadata\" controls=\"controls\"><source type=\"video\/mp4\" src=\"http:\/\/www2.waldex.ch\/wordpress\/wp-content\/uploads\/2017\/10\/Kamerafahrt_Videolok_20170129.mp4?_=1\" \/><a href=\"http:\/\/www2.waldex.ch\/wordpress\/wp-content\/uploads\/2017\/10\/Kamerafahrt_Videolok_20170129.mp4\">http:\/\/www2.waldex.ch\/wordpress\/wp-content\/uploads\/2017\/10\/Kamerafahrt_Videolok_20170129.mp4<\/a><\/video><\/div>\n<p>*) Fast ironisch nehme ich zur Kenntnis: &#8222;EcOSControl Radio &#8211; Die neue Freiheit&#8220; &#8211; &#8222;Freiheit durch Funk!&#8220; wie die Website verspricht. Wohl erlebe ich das nicht so&nbsp;denn&nbsp;wie beschrieben ist die Frequenz schon sehr belegt dass es eher beengend als befreiend ist f\u00fcr mich \ud83d\ude09<\/p>\n","protected":false},"excerpt":{"rendered":"<p>Endlich! Eine Roco-RE460 mit WLAN-Kamera macht es m\u00f6glich: In einem strahlengesch\u00fctztem Luftschutzkeller (&#8222;Bunker&#8220;) k\u00f6nnen Strahlen weder rein noch raus&#8230;.da analoge Funkkameras (idR mit 4 Funkkan\u00e4len), die geliebte, gute alte&nbsp;EcOSControl Radio* und zudem noch das WLAN auf dem 2.4Ghz-Band kommunizieren wirds bzgl. \u00dcbertragung richtig eng&#8230;..und &#8211; eben strahlengesch\u00fctzter Raum &#8211; l\u00e4sst nicht nur kein Strahlen rein, &hellip; <\/p>\n<p class=\"link-more\"><a href=\"https:\/\/www2.waldex.ch\/wordpress\/?p=618\" class=\"more-link\"><span class=\"screen-reader-text\">&#8222;Kamerfahrt auf der Modulanlage&#8220;<\/span> weiterlesen<\/a><\/p>\n","protected":false},"author":250,"featured_media":5189,"comment_status":"open","ping_status":"open","sticky":false,"template":"","format":"standard","meta":{"ngg_post_thumbnail":0,"footnotes":""},"categories":[11],"tags":[],"class_list":["post-618","post","type-post","status-publish","format-standard","has-post-thumbnail","hentry","category-fahren-betrieb"],"_links":{"self":[{"href":"https:\/\/www2.waldex.ch\/wordpress\/index.php?rest_route=\/wp\/v2\/posts\/618","targetHints":{"allow":["GET"]}}],"collection":[{"href":"https:\/\/www2.waldex.ch\/wordpress\/index.php?rest_route=\/wp\/v2\/posts"}],"about":[{"href":"https:\/\/www2.waldex.ch\/wordpress\/index.php?rest_route=\/wp\/v2\/types\/post"}],"author":[{"embeddable":true,"href":"https:\/\/www2.waldex.ch\/wordpress\/index.php?rest_route=\/wp\/v2\/users\/250"}],"replies":[{"embeddable":true,"href":"https:\/\/www2.waldex.ch\/wordpress\/index.php?rest_route=%2Fwp%2Fv2%2Fcomments&post=618"}],"version-history":[{"count":0,"href":"https:\/\/www2.waldex.ch\/wordpress\/index.php?rest_route=\/wp\/v2\/posts\/618\/revisions"}],"wp:featuredmedia":[{"embeddable":true,"href":"https:\/\/www2.waldex.ch\/wordpress\/index.php?rest_route=\/wp\/v2\/media\/5189"}],"wp:attachment":[{"href":"https:\/\/www2.waldex.ch\/wordpress\/index.php?rest_route=%2Fwp%2Fv2%2Fmedia&parent=618"}],"wp:term":[{"taxonomy":"category","embeddable":true,"href":"https:\/\/www2.waldex.ch\/wordpress\/index.php?rest_route=%2Fwp%2Fv2%2Fcategories&post=618"},{"taxonomy":"post_tag","embeddable":true,"href":"https:\/\/www2.waldex.ch\/wordpress\/index.php?rest_route=%2Fwp%2Fv2%2Ftags&post=618"}],"curies":[{"name":"wp","href":"https:\/\/api.w.org\/{rel}","templated":true}]}}