







































































































































































































































































{"id":6133,"date":"2023-12-26T23:15:26","date_gmt":"2023-12-26T21:15:26","guid":{"rendered":"https:\/\/www2.waldex.ch\/wordpress\/?p=6133"},"modified":"2023-12-26T23:59:02","modified_gmt":"2023-12-26T21:59:02","slug":"2023-weiterbau-an-den-segmenten","status":"publish","type":"post","link":"https:\/\/www2.waldex.ch\/wordpress\/?p=6133","title":{"rendered":"2023: Weiterbau an den Segmenten"},"content":{"rendered":"\n\n\n<p>2023 stand voll im Zeichen des Carsystems: F\u00fcr die ersten zwei Segmente war urspr\u00fcnglich ein Abstellplatz f\u00fcr 7 Fahrzeugen mit der Faller Parkharfe + Erweiterung geplant.<\/p>\n\n\n\n<figure class=\"wp-block-image size-large is-resized\"><img loading=\"lazy\" decoding=\"async\" width=\"1024\" height=\"959\" src=\"https:\/\/www2.waldex.ch\/wordpress\/wp-content\/uploads\/2023\/12\/Wdg3b_FCS_Seg1u2-2-1024x959.png\" alt=\"\" class=\"wp-image-6141\" style=\"width:674px;height:631px\" srcset=\"https:\/\/www2.waldex.ch\/wordpress\/wp-content\/uploads\/2023\/12\/Wdg3b_FCS_Seg1u2-2-1024x959.png 1024w, https:\/\/www2.waldex.ch\/wordpress\/wp-content\/uploads\/2023\/12\/Wdg3b_FCS_Seg1u2-2-300x281.png 300w, https:\/\/www2.waldex.ch\/wordpress\/wp-content\/uploads\/2023\/12\/Wdg3b_FCS_Seg1u2-2-768x720.png 768w, https:\/\/www2.waldex.ch\/wordpress\/wp-content\/uploads\/2023\/12\/Wdg3b_FCS_Seg1u2-2.png 1492w\" sizes=\"auto, (max-width: 767px) 89vw, (max-width: 1000px) 54vw, (max-width: 1071px) 543px, 580px\" \/><figcaption class=\"wp-element-caption\">Urspr\u00fcngliche Planung mit Faller Lasercut-Elementen. Linkerhand die Zufahrt noch durch den Tunnel, oben die &#8222;kleine&#8220; Parkharfe mit &#8222;nur&#8220; 7 Abstellpl\u00e4tzen<\/figcaption><\/figure>\n\n\n\n<p>Nuja, wie fr\u00fcher berichtet (<a href=\"https:\/\/www2.waldex.ch\/wordpress\/?p=5439\">Nicht immer geht alles nach Plan: Laufend neue Ideen machen sich breit\u2026.. \u2013 Waldingen Online (waldex.ch)<\/a>), wurden da einige \u00c4nderungen vorgenommen:<\/p>\n\n\n\n<p>Neben dass die Zufahrtsstrasse neu &#8222;aussen rum&#8220; f\u00fchrt und bei einer Autobahnbaustelle in den Tunnel geht k\u00f6nnen neu 15 Fahrzeuge abgestellt werden. Davon sind 6 Haltestellen f\u00fcr Autos, auch mit Anh\u00e4nger, geplant. Um die 5 Haltestellen f\u00fcr kurze Fahrzeuge (LKWs ohne Anh\u00e4nger und Busse) und der Rest f\u00fcr gr\u00f6ssere Gespanne. Alles in Form eines &#8222;Schattenparkplatzes&#8220;.&nbsp;<\/p>\n\n\n\n<figure class=\"wp-block-image size-large is-resized\"><img loading=\"lazy\" decoding=\"async\" width=\"1703\" height=\"1320\" src=\"https:\/\/www2.waldex.ch\/wordpress\/wp-content\/uploads\/2023\/12\/FCS_Parkplatz_Seg12-edited.png\" alt=\"\" class=\"wp-image-6142\" style=\"width:655px\" srcset=\"https:\/\/www2.waldex.ch\/wordpress\/wp-content\/uploads\/2023\/12\/FCS_Parkplatz_Seg12-edited.png 1703w, https:\/\/www2.waldex.ch\/wordpress\/wp-content\/uploads\/2023\/12\/FCS_Parkplatz_Seg12-edited-300x233.png 300w, https:\/\/www2.waldex.ch\/wordpress\/wp-content\/uploads\/2023\/12\/FCS_Parkplatz_Seg12-edited-1024x794.png 1024w, https:\/\/www2.waldex.ch\/wordpress\/wp-content\/uploads\/2023\/12\/FCS_Parkplatz_Seg12-edited-768x595.png 768w, https:\/\/www2.waldex.ch\/wordpress\/wp-content\/uploads\/2023\/12\/FCS_Parkplatz_Seg12-edited-1536x1191.png 1536w\" sizes=\"auto, (max-width: 767px) 89vw, (max-width: 1000px) 54vw, (max-width: 1071px) 543px, 580px\" \/><figcaption class=\"wp-element-caption\">Schematische Darstellun inkl. Code\/Adresse der Magnetartikel und R\u00fcckmeldung der erweiterten Parkharfe \u00fcber Segment 1+2. Links: Weiterf\u00fchrung der Strasse zum sp\u00e4teren Segment 3<\/figcaption><\/figure>\n\n\n\n<p>Als Folge davon entstanden Umplanungen: Mit der Rillenfr\u00e4se wurde &#8211; wie im obengelinkten Artikel beschrieben &#8211; neue &#8222;Elemente&#8220; kreiert. Abzweigungen und Parkharfe sowie R\u00fcckmeldekontakte wurden aufgrund der in der fr\u00fcheren Modulanlage gemachten Erfahrungen neu positioniert.<\/p>\n\n\n\n<figure class=\"wp-block-image size-large\"><img loading=\"lazy\" decoding=\"async\" width=\"1024\" height=\"768\" src=\"https:\/\/www2.waldex.ch\/wordpress\/wp-content\/uploads\/2023\/12\/img_0082-1024x768.jpg\" alt=\"\" class=\"wp-image-6159\" srcset=\"https:\/\/www2.waldex.ch\/wordpress\/wp-content\/uploads\/2023\/12\/img_0082-1024x768.jpg 1024w, https:\/\/www2.waldex.ch\/wordpress\/wp-content\/uploads\/2023\/12\/img_0082-300x225.jpg 300w, https:\/\/www2.waldex.ch\/wordpress\/wp-content\/uploads\/2023\/12\/img_0082-768x576.jpg 768w, https:\/\/www2.waldex.ch\/wordpress\/wp-content\/uploads\/2023\/12\/img_0082-1536x1152.jpg 1536w, https:\/\/www2.waldex.ch\/wordpress\/wp-content\/uploads\/2023\/12\/img_0082.jpg 2000w\" sizes=\"auto, (max-width: 767px) 89vw, (max-width: 1000px) 54vw, (max-width: 1071px) 543px, 580px\" \/><\/figure>\n\n\n\n<figure class=\"wp-block-image size-large\"><img loading=\"lazy\" decoding=\"async\" width=\"768\" height=\"1024\" src=\"https:\/\/www2.waldex.ch\/wordpress\/wp-content\/uploads\/2023\/12\/img_0068-768x1024.jpg\" alt=\"\" class=\"wp-image-6160\" srcset=\"https:\/\/www2.waldex.ch\/wordpress\/wp-content\/uploads\/2023\/12\/img_0068-768x1024.jpg 768w, https:\/\/www2.waldex.ch\/wordpress\/wp-content\/uploads\/2023\/12\/img_0068-225x300.jpg 225w, https:\/\/www2.waldex.ch\/wordpress\/wp-content\/uploads\/2023\/12\/img_0068-1152x1536.jpg 1152w, https:\/\/www2.waldex.ch\/wordpress\/wp-content\/uploads\/2023\/12\/img_0068.jpg 1500w\" sizes=\"auto, (max-width: 767px) 89vw, (max-width: 1000px) 54vw, (max-width: 1071px) 543px, 580px\" \/><\/figure>\n\n\n\n<figure class=\"wp-block-image size-large\"><img loading=\"lazy\" decoding=\"async\" width=\"768\" height=\"1024\" src=\"https:\/\/www2.waldex.ch\/wordpress\/wp-content\/uploads\/2023\/12\/img_0054-768x1024.jpg\" alt=\"\" class=\"wp-image-6161\" srcset=\"https:\/\/www2.waldex.ch\/wordpress\/wp-content\/uploads\/2023\/12\/img_0054-768x1024.jpg 768w, https:\/\/www2.waldex.ch\/wordpress\/wp-content\/uploads\/2023\/12\/img_0054-225x300.jpg 225w, https:\/\/www2.waldex.ch\/wordpress\/wp-content\/uploads\/2023\/12\/img_0054-1152x1536.jpg 1152w, https:\/\/www2.waldex.ch\/wordpress\/wp-content\/uploads\/2023\/12\/img_0054.jpg 1500w\" sizes=\"auto, (max-width: 767px) 89vw, (max-width: 1000px) 54vw, (max-width: 1071px) 543px, 580px\" \/><figcaption class=\"wp-element-caption\">Und auch hier kurz vor der Ausfahrt wurden noch einige Stockstellen f\u00fcr Autos dazu gef\u00fcgt<\/figcaption><\/figure>\n\n\n\n<figure class=\"wp-block-image size-large\"><img loading=\"lazy\" decoding=\"async\" width=\"768\" height=\"1024\" src=\"https:\/\/www2.waldex.ch\/wordpress\/wp-content\/uploads\/2023\/12\/img_0065-768x1024.jpg\" alt=\"\" class=\"wp-image-6162\" srcset=\"https:\/\/www2.waldex.ch\/wordpress\/wp-content\/uploads\/2023\/12\/img_0065-768x1024.jpg 768w, https:\/\/www2.waldex.ch\/wordpress\/wp-content\/uploads\/2023\/12\/img_0065-225x300.jpg 225w, https:\/\/www2.waldex.ch\/wordpress\/wp-content\/uploads\/2023\/12\/img_0065-1152x1536.jpg 1152w, https:\/\/www2.waldex.ch\/wordpress\/wp-content\/uploads\/2023\/12\/img_0065.jpg 1500w\" sizes=\"auto, (max-width: 767px) 89vw, (max-width: 1000px) 54vw, (max-width: 1071px) 543px, 580px\" \/><figcaption class=\"wp-element-caption\">Rechts unten: zwei Abstellpl\u00e4tze f\u00fcr Autos mit Anh\u00e4ngen. Links und oben: Abstellpl\u00e4tze f\u00fcr Lastkraftwagen mit Anh\u00e4nger, zum Teil sind es die Strassenteile von Faller, zum Teil eigene<\/figcaption><\/figure>\n\n\n\n<figure class=\"wp-block-image size-large\"><img loading=\"lazy\" decoding=\"async\" width=\"768\" height=\"1024\" src=\"https:\/\/www2.waldex.ch\/wordpress\/wp-content\/uploads\/2023\/12\/img_0067-768x1024.jpg\" alt=\"\" class=\"wp-image-6163\" srcset=\"https:\/\/www2.waldex.ch\/wordpress\/wp-content\/uploads\/2023\/12\/img_0067-768x1024.jpg 768w, https:\/\/www2.waldex.ch\/wordpress\/wp-content\/uploads\/2023\/12\/img_0067-225x300.jpg 225w, https:\/\/www2.waldex.ch\/wordpress\/wp-content\/uploads\/2023\/12\/img_0067-1152x1536.jpg 1152w, https:\/\/www2.waldex.ch\/wordpress\/wp-content\/uploads\/2023\/12\/img_0067.jpg 1500w\" sizes=\"auto, (max-width: 767px) 89vw, (max-width: 1000px) 54vw, (max-width: 1071px) 543px, 580px\" \/><figcaption class=\"wp-element-caption\">Vier Autos mit Anh\u00e4nger werden neben der \u00dcberholspur, hier ganz rechts geparkt. Wobei rechts \u00fcberholen ist etwas un\u00fcblich aber bei parken kann man ja noch ein Auge zu dr\u00fccken<\/figcaption><\/figure>\n\n\n\n<p>Grundtr\u00e4ger mussten ebenfalls neue gemacht werden f\u00fcr diese Ebene &#8211; und ber\u00fccksichtigt werden musste auch, dass die Faller Steuerungen (va. die Abzweigung und der Parkplatz) nicht zu tief \u00fcber die Gleise h\u00e4ngen &#8211; es k\u00f6nnten ja Z\u00fcge oder Stromabnehmer auf der darunterliegenden Ebene zu schaden kommen!<\/p>\n\n\n\n<p><\/p>\n\n\n\n<figure class=\"wp-block-image size-large\"><img loading=\"lazy\" decoding=\"async\" width=\"1024\" height=\"623\" src=\"https:\/\/www2.waldex.ch\/wordpress\/wp-content\/uploads\/2023\/12\/Segment2_Fahrhoehe_unter_Parkplatz-1024x623.png\" alt=\"\" class=\"wp-image-6144\" srcset=\"https:\/\/www2.waldex.ch\/wordpress\/wp-content\/uploads\/2023\/12\/Segment2_Fahrhoehe_unter_Parkplatz-1024x623.png 1024w, https:\/\/www2.waldex.ch\/wordpress\/wp-content\/uploads\/2023\/12\/Segment2_Fahrhoehe_unter_Parkplatz-300x183.png 300w, https:\/\/www2.waldex.ch\/wordpress\/wp-content\/uploads\/2023\/12\/Segment2_Fahrhoehe_unter_Parkplatz-768x468.png 768w, https:\/\/www2.waldex.ch\/wordpress\/wp-content\/uploads\/2023\/12\/Segment2_Fahrhoehe_unter_Parkplatz.png 1048w\" sizes=\"auto, (max-width: 767px) 89vw, (max-width: 1000px) 54vw, (max-width: 1071px) 543px, 580px\" \/><figcaption class=\"wp-element-caption\">2 Die Parkharfen musste ca. 2cm erh\u00f6ht gebaut werden, sodass die Z\u00fcge unten durch passten: Links eine Spule f\u00fcr den Parkplatz, rechts die NEM-Normen f\u00fcr Lichtraumprofile der darunter fahrenden Z\u00fcge.<\/figcaption><\/figure>\n\n\n\n<figure class=\"wp-block-image size-full\"><img loading=\"lazy\" decoding=\"async\" width=\"768\" height=\"1024\" src=\"https:\/\/www2.waldex.ch\/wordpress\/wp-content\/uploads\/2023\/12\/Durchfahrttest1.jpg\" alt=\"\" class=\"wp-image-6146\" srcset=\"https:\/\/www2.waldex.ch\/wordpress\/wp-content\/uploads\/2023\/12\/Durchfahrttest1.jpg 768w, https:\/\/www2.waldex.ch\/wordpress\/wp-content\/uploads\/2023\/12\/Durchfahrttest1-225x300.jpg 225w\" sizes=\"auto, (max-width: 767px) 89vw, (max-width: 1000px) 54vw, (max-width: 1071px) 543px, 580px\" \/><figcaption class=\"wp-element-caption\">An der letzten Abzweigung (A187 gem. obigen Schema) kommen alle Z\u00fcge mit Pantos gehoben gut durch. Die Re 4\/4 IV stammt aus meiner Kindheit (man beachte die Laksch\u00e4den mal nicht)<\/figcaption><\/figure>\n\n\n\n<figure class=\"wp-block-image size-full\"><img loading=\"lazy\" decoding=\"async\" width=\"768\" height=\"1024\" src=\"https:\/\/www2.waldex.ch\/wordpress\/wp-content\/uploads\/2023\/12\/Durchfahrttest2.jpg\" alt=\"\" class=\"wp-image-6148\" srcset=\"https:\/\/www2.waldex.ch\/wordpress\/wp-content\/uploads\/2023\/12\/Durchfahrttest2.jpg 768w, https:\/\/www2.waldex.ch\/wordpress\/wp-content\/uploads\/2023\/12\/Durchfahrttest2-225x300.jpg 225w\" sizes=\"auto, (max-width: 767px) 89vw, (max-width: 1000px) 54vw, (max-width: 1071px) 543px, 580px\" \/><figcaption class=\"wp-element-caption\">Auch an der kritischsten Parkspule kommen sogar lange Doppelstock-Wagen unten durch (Test von P186 nach obigem Schema)<\/figcaption><\/figure>\n\n\n\n<figure class=\"wp-block-image size-full\"><img loading=\"lazy\" decoding=\"async\" width=\"768\" height=\"1024\" src=\"https:\/\/www2.waldex.ch\/wordpress\/wp-content\/uploads\/2023\/12\/Durchfahrttest3.jpg\" alt=\"\" class=\"wp-image-6149\" srcset=\"https:\/\/www2.waldex.ch\/wordpress\/wp-content\/uploads\/2023\/12\/Durchfahrttest3.jpg 768w, https:\/\/www2.waldex.ch\/wordpress\/wp-content\/uploads\/2023\/12\/Durchfahrttest3-225x300.jpg 225w\" sizes=\"auto, (max-width: 767px) 89vw, (max-width: 1000px) 54vw, (max-width: 1071px) 543px, 580px\" \/><figcaption class=\"wp-element-caption\">&#8230;aber mit gehobenem Panto nicht zu empfehlen&#8230;.<\/figcaption><\/figure>\n\n\n\n<p>In 2023 wurde neben der Finalisierung der Tr\u00e4ger f\u00fcr die Lasercut-Street auch s\u00e4mtliche Aussparungen in den selbstgefr\u00e4sten Strassenelementen eingelassen: Abzweigungen, Stoppstellen und R\u00fcckmeldekontakte wollen ihre Perforation vorab haben. <\/p>\n\n\n\n<p>Und auch wichtig: Kabelf\u00fchrungen! Am g\u00fcnstigsten und effizientesten sind Binder\u00fccken f\u00fcr  Papierhefte. Da passen genug viele d\u00fcnne Litzen rein. Vorbehalt: f\u00fcr die (Sicherheits?)-Elektronik, dass die Parkplatzspulen nicht \u00fcberhitzen, musste ich einen Kabelschacht nehmen (neben den Gleisen in den obigen drei Bildern), welche gleichzeitig als &#8222;Steigschacht&#8220; dient da alle M\u00e4rklin-Decoder (K84) unter der Anlage angebracht sind. Die 82-Ohm-Widerst\u00e4nde zum Schutz der Abzweigungen sind ebenfalls vor den Decodern in den Kabel eingel\u00f6tet.<\/p>\n\n\n\n<figure class=\"wp-block-image size-large\"><img loading=\"lazy\" decoding=\"async\" width=\"1024\" height=\"768\" src=\"https:\/\/www2.waldex.ch\/wordpress\/wp-content\/uploads\/2023\/12\/img_0153-1024x768.jpg\" alt=\"\" class=\"wp-image-6151\" srcset=\"https:\/\/www2.waldex.ch\/wordpress\/wp-content\/uploads\/2023\/12\/img_0153-1024x768.jpg 1024w, https:\/\/www2.waldex.ch\/wordpress\/wp-content\/uploads\/2023\/12\/img_0153-300x225.jpg 300w, https:\/\/www2.waldex.ch\/wordpress\/wp-content\/uploads\/2023\/12\/img_0153-768x576.jpg 768w, https:\/\/www2.waldex.ch\/wordpress\/wp-content\/uploads\/2023\/12\/img_0153-1536x1152.jpg 1536w, https:\/\/www2.waldex.ch\/wordpress\/wp-content\/uploads\/2023\/12\/img_0153.jpg 2000w\" sizes=\"auto, (max-width: 767px) 89vw, (max-width: 1000px) 54vw, (max-width: 1071px) 543px, 580px\" \/><figcaption class=\"wp-element-caption\">Der Steigschacht von den Decodern unter der Anlage hoch zur Strasse<\/figcaption><\/figure>\n\n\n\n<p>Auch wenn die Faller Anleitungen f\u00fcr die Steuerkomponenten (Parkplatz, Abzweigung, Stoppstelle) verschiedene Spannungen und sowohl DC als auch AC angeben, haben meine empirischen Tests ergeben, dass mit 22V DC (gespiesen \u00fcber ein altes Laptop-Netzteil) das beste Verhalten gibt (auch beim Betrieb mit Autos, nicht nur Busse und LKWs).<\/p>\n\n\n\n<figure class=\"wp-block-image size-large\"><img loading=\"lazy\" decoding=\"async\" width=\"576\" height=\"1024\" src=\"https:\/\/www2.waldex.ch\/wordpress\/wp-content\/uploads\/2023\/12\/ca568893-be38-43f2-b374-a5dc6fc2b93a-1-576x1024.jpg\" alt=\"\" class=\"wp-image-6154\" srcset=\"https:\/\/www2.waldex.ch\/wordpress\/wp-content\/uploads\/2023\/12\/ca568893-be38-43f2-b374-a5dc6fc2b93a-1-576x1024.jpg 576w, https:\/\/www2.waldex.ch\/wordpress\/wp-content\/uploads\/2023\/12\/ca568893-be38-43f2-b374-a5dc6fc2b93a-1-169x300.jpg 169w, https:\/\/www2.waldex.ch\/wordpress\/wp-content\/uploads\/2023\/12\/ca568893-be38-43f2-b374-a5dc6fc2b93a-1-768x1365.jpg 768w, https:\/\/www2.waldex.ch\/wordpress\/wp-content\/uploads\/2023\/12\/ca568893-be38-43f2-b374-a5dc6fc2b93a-1-864x1536.jpg 864w, https:\/\/www2.waldex.ch\/wordpress\/wp-content\/uploads\/2023\/12\/ca568893-be38-43f2-b374-a5dc6fc2b93a-1.jpg 1125w\" sizes=\"auto, (max-width: 576px) 100vw, 576px\" \/><figcaption class=\"wp-element-caption\">Alles muss genau passen, insbesondere wenn man es selber baut<\/figcaption><\/figure>\n\n\n\n<figure class=\"wp-block-image size-large\"><img loading=\"lazy\" decoding=\"async\" width=\"768\" height=\"1024\" src=\"https:\/\/www2.waldex.ch\/wordpress\/wp-content\/uploads\/2023\/12\/img_0019-768x1024.jpg\" alt=\"\" class=\"wp-image-6156\" srcset=\"https:\/\/www2.waldex.ch\/wordpress\/wp-content\/uploads\/2023\/12\/img_0019-768x1024.jpg 768w, https:\/\/www2.waldex.ch\/wordpress\/wp-content\/uploads\/2023\/12\/img_0019-225x300.jpg 225w, https:\/\/www2.waldex.ch\/wordpress\/wp-content\/uploads\/2023\/12\/img_0019-1152x1536.jpg 1152w, https:\/\/www2.waldex.ch\/wordpress\/wp-content\/uploads\/2023\/12\/img_0019.jpg 1500w\" sizes=\"auto, (max-width: 767px) 89vw, (max-width: 1000px) 54vw, (max-width: 1071px) 543px, 580px\" \/><figcaption class=\"wp-element-caption\">Erst Montage von stop stellen und Sensoren<\/figcaption><\/figure>\n\n\n\n<figure class=\"wp-block-image size-large\"><img loading=\"lazy\" decoding=\"async\" width=\"768\" height=\"1024\" src=\"https:\/\/www2.waldex.ch\/wordpress\/wp-content\/uploads\/2023\/12\/img_0291-768x1024.jpg\" alt=\"\" class=\"wp-image-6153\" srcset=\"https:\/\/www2.waldex.ch\/wordpress\/wp-content\/uploads\/2023\/12\/img_0291-768x1024.jpg 768w, https:\/\/www2.waldex.ch\/wordpress\/wp-content\/uploads\/2023\/12\/img_0291-225x300.jpg 225w, https:\/\/www2.waldex.ch\/wordpress\/wp-content\/uploads\/2023\/12\/img_0291-1152x1536.jpg 1152w, https:\/\/www2.waldex.ch\/wordpress\/wp-content\/uploads\/2023\/12\/img_0291.jpg 1500w\" sizes=\"auto, (max-width: 767px) 89vw, (max-width: 1000px) 54vw, (max-width: 1071px) 543px, 580px\" \/><figcaption class=\"wp-element-caption\">Beschriftungen und Kabelf\u00fchrungen. Noch nicht alle Lizen sind durchgezogen.<\/figcaption><\/figure>\n\n\n\n<figure class=\"wp-block-image size-large\"><img loading=\"lazy\" decoding=\"async\" width=\"1024\" height=\"768\" src=\"https:\/\/www2.waldex.ch\/wordpress\/wp-content\/uploads\/2023\/12\/img_0289-1024x768.jpg\" alt=\"\" class=\"wp-image-6152\" srcset=\"https:\/\/www2.waldex.ch\/wordpress\/wp-content\/uploads\/2023\/12\/img_0289-1024x768.jpg 1024w, https:\/\/www2.waldex.ch\/wordpress\/wp-content\/uploads\/2023\/12\/img_0289-300x225.jpg 300w, https:\/\/www2.waldex.ch\/wordpress\/wp-content\/uploads\/2023\/12\/img_0289-768x576.jpg 768w, https:\/\/www2.waldex.ch\/wordpress\/wp-content\/uploads\/2023\/12\/img_0289-1536x1152.jpg 1536w, https:\/\/www2.waldex.ch\/wordpress\/wp-content\/uploads\/2023\/12\/img_0289.jpg 2000w\" sizes=\"auto, (max-width: 767px) 89vw, (max-width: 1000px) 54vw, (max-width: 1071px) 543px, 580px\" \/><figcaption class=\"wp-element-caption\">Sieht doch ein bisschen ordentlich aus?<\/figcaption><\/figure>\n\n\n\n<figure class=\"wp-block-image size-large\"><img loading=\"lazy\" decoding=\"async\" width=\"1024\" height=\"768\" src=\"https:\/\/www2.waldex.ch\/wordpress\/wp-content\/uploads\/2023\/12\/img_0091-1024x768.jpg\" alt=\"\" class=\"wp-image-6155\" srcset=\"https:\/\/www2.waldex.ch\/wordpress\/wp-content\/uploads\/2023\/12\/img_0091-1024x768.jpg 1024w, https:\/\/www2.waldex.ch\/wordpress\/wp-content\/uploads\/2023\/12\/img_0091-300x225.jpg 300w, https:\/\/www2.waldex.ch\/wordpress\/wp-content\/uploads\/2023\/12\/img_0091-768x576.jpg 768w, https:\/\/www2.waldex.ch\/wordpress\/wp-content\/uploads\/2023\/12\/img_0091-1536x1152.jpg 1536w, https:\/\/www2.waldex.ch\/wordpress\/wp-content\/uploads\/2023\/12\/img_0091.jpg 2000w\" sizes=\"auto, (max-width: 767px) 89vw, (max-width: 1000px) 54vw, (max-width: 1071px) 543px, 580px\" \/><figcaption class=\"wp-element-caption\">Erste Tests\u2026 stoppt das Auto? Noch ohne Fahrdraht, da in einem feuchten Aussenraum gearbeitet wird.<\/figcaption><\/figure>\n\n\n\n<p><\/p>\n\n\n\n<p><\/p>\n","protected":false},"excerpt":{"rendered":"<p>2023 stand voll im Zeichen des Carsystems: F\u00fcr die ersten zwei Segmente war urspr\u00fcnglich ein Abstellplatz f\u00fcr 7 Fahrzeugen mit der Faller Parkharfe + Erweiterung geplant. Nuja, wie fr\u00fcher berichtet (Nicht immer geht alles nach Plan: Laufend neue Ideen machen sich breit\u2026.. \u2013 Waldingen Online (waldex.ch)), wurden da einige \u00c4nderungen vorgenommen: Neben dass die Zufahrtsstrasse &hellip; <\/p>\n<p class=\"link-more\"><a href=\"https:\/\/www2.waldex.ch\/wordpress\/?p=6133\" class=\"more-link\"><span class=\"screen-reader-text\">&#8222;2023: Weiterbau an den Segmenten&#8220;<\/span> weiterlesen<\/a><\/p>\n","protected":false},"author":250,"featured_media":6135,"comment_status":"closed","ping_status":"open","sticky":false,"template":"","format":"standard","meta":{"ngg_post_thumbnail":0,"footnotes":""},"categories":[8],"tags":[],"class_list":["post-6133","post","type-post","status-publish","format-standard","has-post-thumbnail","hentry","category-build"],"_links":{"self":[{"href":"https:\/\/www2.waldex.ch\/wordpress\/index.php?rest_route=\/wp\/v2\/posts\/6133","targetHints":{"allow":["GET"]}}],"collection":[{"href":"https:\/\/www2.waldex.ch\/wordpress\/index.php?rest_route=\/wp\/v2\/posts"}],"about":[{"href":"https:\/\/www2.waldex.ch\/wordpress\/index.php?rest_route=\/wp\/v2\/types\/post"}],"author":[{"embeddable":true,"href":"https:\/\/www2.waldex.ch\/wordpress\/index.php?rest_route=\/wp\/v2\/users\/250"}],"replies":[{"embeddable":true,"href":"https:\/\/www2.waldex.ch\/wordpress\/index.php?rest_route=%2Fwp%2Fv2%2Fcomments&post=6133"}],"version-history":[{"count":0,"href":"https:\/\/www2.waldex.ch\/wordpress\/index.php?rest_route=\/wp\/v2\/posts\/6133\/revisions"}],"wp:featuredmedia":[{"embeddable":true,"href":"https:\/\/www2.waldex.ch\/wordpress\/index.php?rest_route=\/wp\/v2\/media\/6135"}],"wp:attachment":[{"href":"https:\/\/www2.waldex.ch\/wordpress\/index.php?rest_route=%2Fwp%2Fv2%2Fmedia&parent=6133"}],"wp:term":[{"taxonomy":"category","embeddable":true,"href":"https:\/\/www2.waldex.ch\/wordpress\/index.php?rest_route=%2Fwp%2Fv2%2Fcategories&post=6133"},{"taxonomy":"post_tag","embeddable":true,"href":"https:\/\/www2.waldex.ch\/wordpress\/index.php?rest_route=%2Fwp%2Fv2%2Ftags&post=6133"}],"curies":[{"name":"wp","href":"https:\/\/api.w.org\/{rel}","templated":true}]}}