







































































































































































































































































{"id":6100,"date":"2023-11-01T14:25:48","date_gmt":"2023-11-01T12:25:48","guid":{"rendered":"https:\/\/www2.waldex.ch\/wordpress\/?p=6100"},"modified":"2023-12-28T22:21:33","modified_gmt":"2023-12-28T20:21:33","slug":"macht-roco-auch-probefahrten-update-roco-hat-geholfen","status":"publish","type":"post","link":"https:\/\/www2.waldex.ch\/wordpress\/?p=6100","title":{"rendered":"Macht Roco auch Probefahrten? (Update: Roco hat geholfen)"},"content":{"rendered":"\n<p>Endlich! Die Wagen f\u00fcr meinen IC2000 in der neuesten Farbgebung sind gekommen.!<\/p>\n\n\n\n<p>Ich hab mich sehr erfreut, zumal ich auch \u00fcber die Wagen mit der alten Farbe immer gutes geh\u00f6rt hatte. <\/p>\n\n\n\n<p>Aber leider hat sich das bei den neuen Wagen anders rausgestellt als gedacht: einerseits fallen die Kupplungs Funktionen der Kurz Kupplungen weg \u00fcber die M\u00e4rklin K-Gleis- Weichen und andernfalls verh\u00e4ngen sich die Wagen oder entgleisen. <\/p>\n\n\n\n<figure class=\"wp-block-image size-large\"><img loading=\"lazy\" decoding=\"async\" width=\"1024\" height=\"768\" src=\"https:\/\/www2.waldex.ch\/wordpress\/wp-content\/uploads\/2023\/11\/img_7320-1024x768.jpg\" alt=\"\" class=\"wp-image-6106\" srcset=\"https:\/\/www2.waldex.ch\/wordpress\/wp-content\/uploads\/2023\/11\/img_7320-1024x768.jpg 1024w, https:\/\/www2.waldex.ch\/wordpress\/wp-content\/uploads\/2023\/11\/img_7320-300x225.jpg 300w, https:\/\/www2.waldex.ch\/wordpress\/wp-content\/uploads\/2023\/11\/img_7320-768x576.jpg 768w, https:\/\/www2.waldex.ch\/wordpress\/wp-content\/uploads\/2023\/11\/img_7320-1536x1152.jpg 1536w, https:\/\/www2.waldex.ch\/wordpress\/wp-content\/uploads\/2023\/11\/img_7320-2048x1536.jpg 2048w\" sizes=\"auto, (max-width: 767px) 89vw, (max-width: 1000px) 54vw, (max-width: 1071px) 543px, 580px\" \/><figcaption class=\"wp-element-caption\">Nach vielen Entgleisungen fahren wir mal mit nur einem Wagen- selbes Verhalten!<\/figcaption><\/figure>\n\n\n\n<p>Nach langem Suchen im Internet, wo viele Foren vor das zweite meiner Befunde best\u00e4tigt hatten, hatte ich s\u00e4mtliche Federn Der Chassis blenden getauscht. Jetzt sind schw\u00e4chere drin und die Wagen im Gleise nicht in Kurven oder Einstieg im Gef\u00e4lle. Sie fahren schlechter als alle meine anderen Z\u00fcge aber trotzdem ein bisschen besser. <\/p>\n\n\n\n<figure class=\"wp-block-image size-large\"><img loading=\"lazy\" decoding=\"async\" width=\"1024\" height=\"768\" src=\"https:\/\/www2.waldex.ch\/wordpress\/wp-content\/uploads\/2023\/11\/img_7322-1024x768.jpg\" alt=\"\" class=\"wp-image-6107\" srcset=\"https:\/\/www2.waldex.ch\/wordpress\/wp-content\/uploads\/2023\/11\/img_7322-1024x768.jpg 1024w, https:\/\/www2.waldex.ch\/wordpress\/wp-content\/uploads\/2023\/11\/img_7322-300x225.jpg 300w, https:\/\/www2.waldex.ch\/wordpress\/wp-content\/uploads\/2023\/11\/img_7322-768x576.jpg 768w, https:\/\/www2.waldex.ch\/wordpress\/wp-content\/uploads\/2023\/11\/img_7322-1536x1152.jpg 1536w, https:\/\/www2.waldex.ch\/wordpress\/wp-content\/uploads\/2023\/11\/img_7322-2048x1536.jpg 2048w\" sizes=\"auto, (max-width: 767px) 89vw, (max-width: 1000px) 54vw, (max-width: 1071px) 543px, 580px\" \/><figcaption class=\"wp-element-caption\">\u2026 dann inkrementell weiter: Tests mit 2 Wagen\u2026<\/figcaption><\/figure>\n\n\n\n<p>Interessante Beobachtung: wenn die Lok die Wagen st\u00f6sst, dann habe ich wenigen Gleissung als wenn ich die Wagen ziehe.<\/p>\n\n\n\n<p>.Ferner wie erw\u00e4hnt habe ich alle Kupplung gegen h\u00f6henverstellbare Kupplung getauscht, so dass die Punktkontakte auf den weichen diese nicht mehr ber\u00fchren.<\/p>\n\n\n\n<figure class=\"wp-block-image size-large\"><img loading=\"lazy\" decoding=\"async\" width=\"768\" height=\"1024\" src=\"https:\/\/www2.waldex.ch\/wordpress\/wp-content\/uploads\/2023\/12\/img_8159-768x1024.jpg\" alt=\"\" class=\"wp-image-6445\" srcset=\"https:\/\/www2.waldex.ch\/wordpress\/wp-content\/uploads\/2023\/12\/img_8159-768x1024.jpg 768w, https:\/\/www2.waldex.ch\/wordpress\/wp-content\/uploads\/2023\/12\/img_8159-225x300.jpg 225w, https:\/\/www2.waldex.ch\/wordpress\/wp-content\/uploads\/2023\/12\/img_8159-1152x1536.jpg 1152w, https:\/\/www2.waldex.ch\/wordpress\/wp-content\/uploads\/2023\/12\/img_8159.jpg 1500w\" sizes=\"auto, (max-width: 767px) 89vw, (max-width: 1000px) 54vw, (max-width: 1071px) 543px, 580px\" \/><\/figure>\n\n\n\n<p><a href=\"https:\/\/www.roco.cc\/rde\/produkte\/zubehor\/sonstiges\/40287-kurzkupplungskopfe-hohenverstellbar.html\">40287 Kurzkupplungsk\u00f6pfe, h\u00f6henverstellbar (roco.cc)<\/a> <\/p>\n\n\n\n<p>Nat\u00fcrlich haben die Wagengarantie und ich hatte sie auch eingesandt, der Effekt danach war aber nur wenig besser. Aber somit mit diesen h\u00e4ndigen Korrekturen kommen wir langsam hin, dass die Wagen auf meinen anspruchsvollen Streckenf\u00fchrungen um auch richtig und st\u00f6rungsfrei fahren<\/p>\n\n\n\n<figure class=\"wp-block-image size-large\"><img loading=\"lazy\" decoding=\"async\" width=\"768\" height=\"1024\" src=\"https:\/\/www2.waldex.ch\/wordpress\/wp-content\/uploads\/2023\/11\/img_6173-768x1024.jpg\" alt=\"\" class=\"wp-image-6099\" srcset=\"https:\/\/www2.waldex.ch\/wordpress\/wp-content\/uploads\/2023\/11\/img_6173-768x1024.jpg 768w, https:\/\/www2.waldex.ch\/wordpress\/wp-content\/uploads\/2023\/11\/img_6173-225x300.jpg 225w, https:\/\/www2.waldex.ch\/wordpress\/wp-content\/uploads\/2023\/11\/img_6173-1152x1536.jpg 1152w, https:\/\/www2.waldex.ch\/wordpress\/wp-content\/uploads\/2023\/11\/img_6173-1536x2048.jpg 1536w, https:\/\/www2.waldex.ch\/wordpress\/wp-content\/uploads\/2023\/11\/img_6173-scaled.jpg 1920w\" sizes=\"auto, (max-width: 767px) 89vw, (max-width: 1000px) 54vw, (max-width: 1071px) 543px, 580px\" \/><figcaption class=\"wp-element-caption\">Wagen in Bearbeiteung<\/figcaption><\/figure>\n\n\n\n\n\n<h2 class=\"wp-block-heading\">** Update Dezember 2023 **<\/h2>\n\n\n\n<p>Alternative Produkte von Fischer-Modell:<\/p>\n\n\n\n<figure class=\"wp-block-image size-large\"><img loading=\"lazy\" decoding=\"async\" width=\"576\" height=\"1024\" src=\"https:\/\/www2.waldex.ch\/wordpress\/wp-content\/uploads\/2023\/12\/0e3b295b-1e30-44c6-8bba-1a2a683dd6b7-1-1-576x1024.jpg\" alt=\"\" class=\"wp-image-6384\" srcset=\"https:\/\/www2.waldex.ch\/wordpress\/wp-content\/uploads\/2023\/12\/0e3b295b-1e30-44c6-8bba-1a2a683dd6b7-1-1-576x1024.jpg 576w, https:\/\/www2.waldex.ch\/wordpress\/wp-content\/uploads\/2023\/12\/0e3b295b-1e30-44c6-8bba-1a2a683dd6b7-1-1-169x300.jpg 169w, https:\/\/www2.waldex.ch\/wordpress\/wp-content\/uploads\/2023\/12\/0e3b295b-1e30-44c6-8bba-1a2a683dd6b7-1-1-768x1365.jpg 768w, https:\/\/www2.waldex.ch\/wordpress\/wp-content\/uploads\/2023\/12\/0e3b295b-1e30-44c6-8bba-1a2a683dd6b7-1-1-864x1536.jpg 864w, https:\/\/www2.waldex.ch\/wordpress\/wp-content\/uploads\/2023\/12\/0e3b295b-1e30-44c6-8bba-1a2a683dd6b7-1-1.jpg 1125w\" sizes=\"auto, (max-width: 576px) 100vw, 576px\" \/><\/figure>\n\n\n\n\n\n<p>Jedoch hat sich dies er\u00fcbrigt: Roco war so freundlich und hat mir nach einem Schwatz auf dem Messestand im Friedrichshafen anfangs November GRATIS genug viele Deichsel- und Drehgestellblenden zugesandt (f\u00fcr &#8211; wie von mir erw\u00fcnscht &#8211; selber tauschen)<\/p>\n<p>Super!!! Danke, Roco!<\/p>\n","protected":false},"excerpt":{"rendered":"<p>Endlich! Die Wagen f\u00fcr meinen IC2000 in der neuesten Farbgebung sind gekommen.! Ich hab mich sehr erfreut, zumal ich auch \u00fcber die Wagen mit der alten Farbe immer gutes geh\u00f6rt hatte. Aber leider hat sich das bei den neuen Wagen anders rausgestellt als gedacht: einerseits fallen die Kupplungs Funktionen der Kurz Kupplungen weg \u00fcber die &hellip; <\/p>\n<p class=\"link-more\"><a href=\"https:\/\/www2.waldex.ch\/wordpress\/?p=6100\" class=\"more-link\"><span class=\"screen-reader-text\">&#8222;Macht Roco auch Probefahrten? (Update: Roco hat geholfen)&#8220;<\/span> weiterlesen<\/a><\/p>\n","protected":false},"author":250,"featured_media":6363,"comment_status":"open","ping_status":"open","sticky":false,"template":"","format":"standard","meta":{"ngg_post_thumbnail":0,"footnotes":""},"categories":[11],"tags":[],"class_list":["post-6100","post","type-post","status-publish","format-standard","has-post-thumbnail","hentry","category-fahren-betrieb"],"_links":{"self":[{"href":"https:\/\/www2.waldex.ch\/wordpress\/index.php?rest_route=\/wp\/v2\/posts\/6100","targetHints":{"allow":["GET"]}}],"collection":[{"href":"https:\/\/www2.waldex.ch\/wordpress\/index.php?rest_route=\/wp\/v2\/posts"}],"about":[{"href":"https:\/\/www2.waldex.ch\/wordpress\/index.php?rest_route=\/wp\/v2\/types\/post"}],"author":[{"embeddable":true,"href":"https:\/\/www2.waldex.ch\/wordpress\/index.php?rest_route=\/wp\/v2\/users\/250"}],"replies":[{"embeddable":true,"href":"https:\/\/www2.waldex.ch\/wordpress\/index.php?rest_route=%2Fwp%2Fv2%2Fcomments&post=6100"}],"version-history":[{"count":0,"href":"https:\/\/www2.waldex.ch\/wordpress\/index.php?rest_route=\/wp\/v2\/posts\/6100\/revisions"}],"wp:featuredmedia":[{"embeddable":true,"href":"https:\/\/www2.waldex.ch\/wordpress\/index.php?rest_route=\/wp\/v2\/media\/6363"}],"wp:attachment":[{"href":"https:\/\/www2.waldex.ch\/wordpress\/index.php?rest_route=%2Fwp%2Fv2%2Fmedia&parent=6100"}],"wp:term":[{"taxonomy":"category","embeddable":true,"href":"https:\/\/www2.waldex.ch\/wordpress\/index.php?rest_route=%2Fwp%2Fv2%2Fcategories&post=6100"},{"taxonomy":"post_tag","embeddable":true,"href":"https:\/\/www2.waldex.ch\/wordpress\/index.php?rest_route=%2Fwp%2Fv2%2Ftags&post=6100"}],"curies":[{"name":"wp","href":"https:\/\/api.w.org\/{rel}","templated":true}]}}