







































































































































































































































































{"id":5439,"date":"2022-03-27T03:37:44","date_gmt":"2022-03-27T01:37:44","guid":{"rendered":"https:\/\/www2.waldex.ch\/wordpress\/?p=5439"},"modified":"2022-04-09T20:20:53","modified_gmt":"2022-04-09T18:20:53","slug":"laufend-neue-ideen-machen-sich-breit","status":"publish","type":"post","link":"https:\/\/www2.waldex.ch\/wordpress\/?p=5439","title":{"rendered":"Nicht immer geht alles nach Plan: Laufend neue Ideen machen sich breit&#8230;.."},"content":{"rendered":"\n<figure class=\"wp-block-image\"><img loading=\"lazy\" decoding=\"async\" width=\"2560\" height=\"1920\" src=\"https:\/\/www2.waldex.ch\/wordpress\/wp-content\/uploads\/2022\/03\/IMG_20220324_190147-3-scaled.jpg\" alt=\"\" class=\"wp-image-5438\" srcset=\"https:\/\/www2.waldex.ch\/wordpress\/wp-content\/uploads\/2022\/03\/IMG_20220324_190147-3-scaled.jpg 2560w, https:\/\/www2.waldex.ch\/wordpress\/wp-content\/uploads\/2022\/03\/IMG_20220324_190147-3-300x225.jpg 300w, https:\/\/www2.waldex.ch\/wordpress\/wp-content\/uploads\/2022\/03\/IMG_20220324_190147-3-1024x768.jpg 1024w, https:\/\/www2.waldex.ch\/wordpress\/wp-content\/uploads\/2022\/03\/IMG_20220324_190147-3-768x576.jpg 768w, https:\/\/www2.waldex.ch\/wordpress\/wp-content\/uploads\/2022\/03\/IMG_20220324_190147-3-1536x1152.jpg 1536w, https:\/\/www2.waldex.ch\/wordpress\/wp-content\/uploads\/2022\/03\/IMG_20220324_190147-3-2048x1536.jpg 2048w\" sizes=\"auto, (max-width: 767px) 89vw, (max-width: 1000px) 54vw, (max-width: 1071px) 543px, 580px\" \/><\/figure>\n\n\n\n<p>Eigentlich war es das Ziel, endlich die erste Rundstrecke f\u00fcrs Car System zu finalisieren. Doch da machen sich beim Bau neue Ideen bereit: mehr Abstellpl\u00e4tze f\u00fcr Autos zus\u00e4tzlich zur LKW &#8211; Parkharfe&#8230;&#8230; Wichtig war, dass unter der Strasse die Z\u00fcge durchkommen. Die Abzweigungen von Faller sind recht hoch (50 mm), doch zum Gl\u00fcck hatte ich gen\u00fcgend Abstand f\u00fcr Durchfahrtsh\u00f6hen nach NEM eingeplant <\/p>\n\n\n\n<figure class=\"wp-block-image\"><img loading=\"lazy\" decoding=\"async\" width=\"1920\" height=\"2560\" src=\"https:\/\/www2.waldex.ch\/wordpress\/wp-content\/uploads\/2022\/03\/IMG_20220326_152430-3-scaled.jpg\" alt=\"\" class=\"wp-image-5436\" srcset=\"https:\/\/www2.waldex.ch\/wordpress\/wp-content\/uploads\/2022\/03\/IMG_20220326_152430-3-scaled.jpg 1920w, https:\/\/www2.waldex.ch\/wordpress\/wp-content\/uploads\/2022\/03\/IMG_20220326_152430-3-225x300.jpg 225w, https:\/\/www2.waldex.ch\/wordpress\/wp-content\/uploads\/2022\/03\/IMG_20220326_152430-3-768x1024.jpg 768w, https:\/\/www2.waldex.ch\/wordpress\/wp-content\/uploads\/2022\/03\/IMG_20220326_152430-3-1152x1536.jpg 1152w, https:\/\/www2.waldex.ch\/wordpress\/wp-content\/uploads\/2022\/03\/IMG_20220326_152430-3-1536x2048.jpg 1536w\" sizes=\"auto, (max-width: 767px) 89vw, (max-width: 1000px) 54vw, (max-width: 1071px) 543px, 580px\" \/><\/figure>\n\n\n\n<p>Radien lassen sich gut einzeichnen mit dem Rundlineal (f\u00fcr Strassenmarkierungen von Noch) oder aus dem Teller-Fundus aus der hauseigenen K\u00fcche \uf600<\/p>\n\n\n\n<figure class=\"wp-block-image\"><img loading=\"lazy\" decoding=\"async\" width=\"1920\" height=\"2560\" src=\"https:\/\/www2.waldex.ch\/wordpress\/wp-content\/uploads\/2022\/03\/IMG_20220326_152845-3-scaled.jpg\" alt=\"\" class=\"wp-image-5435\" srcset=\"https:\/\/www2.waldex.ch\/wordpress\/wp-content\/uploads\/2022\/03\/IMG_20220326_152845-3-scaled.jpg 1920w, https:\/\/www2.waldex.ch\/wordpress\/wp-content\/uploads\/2022\/03\/IMG_20220326_152845-3-225x300.jpg 225w, https:\/\/www2.waldex.ch\/wordpress\/wp-content\/uploads\/2022\/03\/IMG_20220326_152845-3-768x1024.jpg 768w, https:\/\/www2.waldex.ch\/wordpress\/wp-content\/uploads\/2022\/03\/IMG_20220326_152845-3-1152x1536.jpg 1152w, https:\/\/www2.waldex.ch\/wordpress\/wp-content\/uploads\/2022\/03\/IMG_20220326_152845-3-1536x2048.jpg 1536w\" sizes=\"auto, (max-width: 767px) 89vw, (max-width: 1000px) 54vw, (max-width: 1071px) 543px, 580px\" \/><\/figure>\n\n\n\n<figure class=\"wp-block-image\"><img loading=\"lazy\" decoding=\"async\" width=\"1920\" height=\"2560\" src=\"https:\/\/www2.waldex.ch\/wordpress\/wp-content\/uploads\/2022\/03\/IMG_20220326_151928-2-scaled.jpg\" alt=\"\" class=\"wp-image-5429\" srcset=\"https:\/\/www2.waldex.ch\/wordpress\/wp-content\/uploads\/2022\/03\/IMG_20220326_151928-2-scaled.jpg 1920w, https:\/\/www2.waldex.ch\/wordpress\/wp-content\/uploads\/2022\/03\/IMG_20220326_151928-2-225x300.jpg 225w, https:\/\/www2.waldex.ch\/wordpress\/wp-content\/uploads\/2022\/03\/IMG_20220326_151928-2-768x1024.jpg 768w, https:\/\/www2.waldex.ch\/wordpress\/wp-content\/uploads\/2022\/03\/IMG_20220326_151928-2-1152x1536.jpg 1152w, https:\/\/www2.waldex.ch\/wordpress\/wp-content\/uploads\/2022\/03\/IMG_20220326_151928-2-1536x2048.jpg 1536w\" sizes=\"auto, (max-width: 767px) 89vw, (max-width: 1000px) 54vw, (max-width: 1071px) 543px, 580px\" \/><\/figure>\n\n\n\n<figure class=\"wp-block-image\"><img loading=\"lazy\" decoding=\"async\" width=\"1920\" height=\"2560\" src=\"https:\/\/www2.waldex.ch\/wordpress\/wp-content\/uploads\/2022\/03\/IMG_20220324_190734-2-scaled.jpg\" alt=\"\" class=\"wp-image-5431\" srcset=\"https:\/\/www2.waldex.ch\/wordpress\/wp-content\/uploads\/2022\/03\/IMG_20220324_190734-2-scaled.jpg 1920w, https:\/\/www2.waldex.ch\/wordpress\/wp-content\/uploads\/2022\/03\/IMG_20220324_190734-2-225x300.jpg 225w, https:\/\/www2.waldex.ch\/wordpress\/wp-content\/uploads\/2022\/03\/IMG_20220324_190734-2-768x1024.jpg 768w, https:\/\/www2.waldex.ch\/wordpress\/wp-content\/uploads\/2022\/03\/IMG_20220324_190734-2-1152x1536.jpg 1152w, https:\/\/www2.waldex.ch\/wordpress\/wp-content\/uploads\/2022\/03\/IMG_20220324_190734-2-1536x2048.jpg 1536w\" sizes=\"auto, (max-width: 767px) 89vw, (max-width: 1000px) 54vw, (max-width: 1071px) 543px, 580px\" \/><figcaption>Ein erster Versuch f\u00fcr Abstellen von Autos. Wurde vor Einbau bereits durch eine verbesserte Version ersetzt <\/figcaption><\/figure>\n\n\n\n<figure class=\"wp-block-image\"><img loading=\"lazy\" decoding=\"async\" width=\"1920\" height=\"2560\" src=\"https:\/\/www2.waldex.ch\/wordpress\/wp-content\/uploads\/2022\/03\/IMG_20220324_190049-2-scaled.jpg\" alt=\"\" class=\"wp-image-5433\" srcset=\"https:\/\/www2.waldex.ch\/wordpress\/wp-content\/uploads\/2022\/03\/IMG_20220324_190049-2-scaled.jpg 1920w, https:\/\/www2.waldex.ch\/wordpress\/wp-content\/uploads\/2022\/03\/IMG_20220324_190049-2-225x300.jpg 225w, https:\/\/www2.waldex.ch\/wordpress\/wp-content\/uploads\/2022\/03\/IMG_20220324_190049-2-768x1024.jpg 768w, https:\/\/www2.waldex.ch\/wordpress\/wp-content\/uploads\/2022\/03\/IMG_20220324_190049-2-1152x1536.jpg 1152w, https:\/\/www2.waldex.ch\/wordpress\/wp-content\/uploads\/2022\/03\/IMG_20220324_190049-2-1536x2048.jpg 1536w\" sizes=\"auto, (max-width: 767px) 89vw, (max-width: 1000px) 54vw, (max-width: 1071px) 543px, 580px\" \/><figcaption>Neue, erweiterte Abstellfl\u00e4che vor der grossen Parkharfe <\/figcaption><\/figure>\n\n\n\n<figure class=\"wp-block-image\"><img loading=\"lazy\" decoding=\"async\" width=\"1920\" height=\"2560\" src=\"https:\/\/www2.waldex.ch\/wordpress\/wp-content\/uploads\/2022\/03\/IMG_20220326_151931-2-scaled.jpg\" alt=\"\" class=\"wp-image-5432\" srcset=\"https:\/\/www2.waldex.ch\/wordpress\/wp-content\/uploads\/2022\/03\/IMG_20220326_151931-2-scaled.jpg 1920w, https:\/\/www2.waldex.ch\/wordpress\/wp-content\/uploads\/2022\/03\/IMG_20220326_151931-2-225x300.jpg 225w, https:\/\/www2.waldex.ch\/wordpress\/wp-content\/uploads\/2022\/03\/IMG_20220326_151931-2-768x1024.jpg 768w, https:\/\/www2.waldex.ch\/wordpress\/wp-content\/uploads\/2022\/03\/IMG_20220326_151931-2-1152x1536.jpg 1152w, https:\/\/www2.waldex.ch\/wordpress\/wp-content\/uploads\/2022\/03\/IMG_20220326_151931-2-1536x2048.jpg 1536w\" sizes=\"auto, (max-width: 767px) 89vw, (max-width: 1000px) 54vw, (max-width: 1071px) 543px, 580px\" \/><\/figure>\n\n\n\n<figure class=\"wp-block-image\"><img loading=\"lazy\" decoding=\"async\" width=\"1920\" height=\"2560\" src=\"https:\/\/www2.waldex.ch\/wordpress\/wp-content\/uploads\/2022\/03\/IMG_20220326_151933-3-scaled.jpg\" alt=\"\" class=\"wp-image-5437\" srcset=\"https:\/\/www2.waldex.ch\/wordpress\/wp-content\/uploads\/2022\/03\/IMG_20220326_151933-3-scaled.jpg 1920w, https:\/\/www2.waldex.ch\/wordpress\/wp-content\/uploads\/2022\/03\/IMG_20220326_151933-3-225x300.jpg 225w, https:\/\/www2.waldex.ch\/wordpress\/wp-content\/uploads\/2022\/03\/IMG_20220326_151933-3-768x1024.jpg 768w, https:\/\/www2.waldex.ch\/wordpress\/wp-content\/uploads\/2022\/03\/IMG_20220326_151933-3-1152x1536.jpg 1152w, https:\/\/www2.waldex.ch\/wordpress\/wp-content\/uploads\/2022\/03\/IMG_20220326_151933-3-1536x2048.jpg 1536w\" sizes=\"auto, (max-width: 767px) 89vw, (max-width: 1000px) 54vw, (max-width: 1071px) 543px, 580px\" \/><figcaption>Hier die Zufahrt aus dem sichtbaren Bereich. Idee ist, hier eine Baustelle bei der Tunneleinfahrt zu realisieren <\/figcaption><\/figure>\n\n\n\n<figure class=\"wp-block-image\"><img loading=\"lazy\" decoding=\"async\" width=\"1920\" height=\"2560\" src=\"https:\/\/www2.waldex.ch\/wordpress\/wp-content\/uploads\/2022\/03\/IMG_20220326_154906-2-scaled.jpg\" alt=\"\" class=\"wp-image-5430\" srcset=\"https:\/\/www2.waldex.ch\/wordpress\/wp-content\/uploads\/2022\/03\/IMG_20220326_154906-2-scaled.jpg 1920w, https:\/\/www2.waldex.ch\/wordpress\/wp-content\/uploads\/2022\/03\/IMG_20220326_154906-2-225x300.jpg 225w, https:\/\/www2.waldex.ch\/wordpress\/wp-content\/uploads\/2022\/03\/IMG_20220326_154906-2-768x1024.jpg 768w, https:\/\/www2.waldex.ch\/wordpress\/wp-content\/uploads\/2022\/03\/IMG_20220326_154906-2-1152x1536.jpg 1152w, https:\/\/www2.waldex.ch\/wordpress\/wp-content\/uploads\/2022\/03\/IMG_20220326_154906-2-1536x2048.jpg 1536w\" sizes=\"auto, (max-width: 767px) 89vw, (max-width: 1000px) 54vw, (max-width: 1071px) 543px, 580px\" \/><figcaption>Nicht nur vor sondern auch neben der LKW &#8211; Parkharfe sind neu Abstellpl\u00e4tze f\u00fcr PKWs geplant. Wichtig ist, dass auch Anh\u00e4ngerfahrzeuge an einander vorbei kommen&#8230;.. <\/figcaption><\/figure>\n\n\n\n<figure class=\"wp-block-image\"><img loading=\"lazy\" decoding=\"async\" width=\"2560\" height=\"1920\" src=\"https:\/\/www2.waldex.ch\/wordpress\/wp-content\/uploads\/2022\/03\/IMG_20220326_151937-3-scaled.jpg\" alt=\"\" class=\"wp-image-5434\" srcset=\"https:\/\/www2.waldex.ch\/wordpress\/wp-content\/uploads\/2022\/03\/IMG_20220326_151937-3-scaled.jpg 2560w, https:\/\/www2.waldex.ch\/wordpress\/wp-content\/uploads\/2022\/03\/IMG_20220326_151937-3-300x225.jpg 300w, https:\/\/www2.waldex.ch\/wordpress\/wp-content\/uploads\/2022\/03\/IMG_20220326_151937-3-1024x768.jpg 1024w, https:\/\/www2.waldex.ch\/wordpress\/wp-content\/uploads\/2022\/03\/IMG_20220326_151937-3-768x576.jpg 768w, https:\/\/www2.waldex.ch\/wordpress\/wp-content\/uploads\/2022\/03\/IMG_20220326_151937-3-1536x1152.jpg 1536w, https:\/\/www2.waldex.ch\/wordpress\/wp-content\/uploads\/2022\/03\/IMG_20220326_151937-3-2048x1536.jpg 2048w\" sizes=\"auto, (max-width: 767px) 89vw, (max-width: 1000px) 54vw, (max-width: 1071px) 543px, 580px\" \/><figcaption>Mit gleich dickem Sperrholz wird die Faller Parkharfe um die eigene Entwicklung erweitert <\/figcaption><\/figure>\n\n\n\n<figure class=\"wp-block-image size-large\"><img loading=\"lazy\" decoding=\"async\" width=\"1920\" height=\"2560\" src=\"https:\/\/www2.waldex.ch\/wordpress\/wp-content\/uploads\/2022\/03\/IMG_20220327_125712-scaled.jpg\" alt=\"\" class=\"wp-image-5451\" srcset=\"https:\/\/www2.waldex.ch\/wordpress\/wp-content\/uploads\/2022\/03\/IMG_20220327_125712-scaled.jpg 1920w, https:\/\/www2.waldex.ch\/wordpress\/wp-content\/uploads\/2022\/03\/IMG_20220327_125712-225x300.jpg 225w, https:\/\/www2.waldex.ch\/wordpress\/wp-content\/uploads\/2022\/03\/IMG_20220327_125712-768x1024.jpg 768w, https:\/\/www2.waldex.ch\/wordpress\/wp-content\/uploads\/2022\/03\/IMG_20220327_125712-1152x1536.jpg 1152w, https:\/\/www2.waldex.ch\/wordpress\/wp-content\/uploads\/2022\/03\/IMG_20220327_125712-1536x2048.jpg 1536w\" sizes=\"auto, (max-width: 767px) 89vw, (max-width: 1000px) 54vw, (max-width: 1071px) 543px, 580px\" \/><figcaption>Die Tr\u00e4ger f\u00fcr die Strassen teile m\u00fcssen pass genau sein und Weichen , Stoppstellen, Parkplatzspulen sowie r\u00fcck melde Kontakte unten Platz bieten. Mal abgesehen von den Kabeln&#8230;.. <\/figcaption><\/figure>\n\n\n\n<p><\/p>\n\n\n\n<figure class=\"wp-block-image\"><img loading=\"lazy\" decoding=\"async\" width=\"1920\" height=\"2560\" src=\"https:\/\/www2.waldex.ch\/wordpress\/wp-content\/uploads\/2022\/03\/IMG_20220327_125647-scaled.jpg\" alt=\"\" class=\"wp-image-5448\" srcset=\"https:\/\/www2.waldex.ch\/wordpress\/wp-content\/uploads\/2022\/03\/IMG_20220327_125647-scaled.jpg 1920w, https:\/\/www2.waldex.ch\/wordpress\/wp-content\/uploads\/2022\/03\/IMG_20220327_125647-225x300.jpg 225w, https:\/\/www2.waldex.ch\/wordpress\/wp-content\/uploads\/2022\/03\/IMG_20220327_125647-768x1024.jpg 768w, https:\/\/www2.waldex.ch\/wordpress\/wp-content\/uploads\/2022\/03\/IMG_20220327_125647-1152x1536.jpg 1152w, https:\/\/www2.waldex.ch\/wordpress\/wp-content\/uploads\/2022\/03\/IMG_20220327_125647-1536x2048.jpg 1536w\" sizes=\"auto, (max-width: 767px) 89vw, (max-width: 1000px) 54vw, (max-width: 1071px) 543px, 580px\" \/><\/figure>\n\n\n\n<figure class=\"wp-block-image\"><img loading=\"lazy\" decoding=\"async\" width=\"1920\" height=\"2560\" src=\"https:\/\/www2.waldex.ch\/wordpress\/wp-content\/uploads\/2022\/03\/IMG_20220327_125854-scaled.jpg\" alt=\"\" class=\"wp-image-5447\" srcset=\"https:\/\/www2.waldex.ch\/wordpress\/wp-content\/uploads\/2022\/03\/IMG_20220327_125854-scaled.jpg 1920w, https:\/\/www2.waldex.ch\/wordpress\/wp-content\/uploads\/2022\/03\/IMG_20220327_125854-225x300.jpg 225w, https:\/\/www2.waldex.ch\/wordpress\/wp-content\/uploads\/2022\/03\/IMG_20220327_125854-768x1024.jpg 768w, https:\/\/www2.waldex.ch\/wordpress\/wp-content\/uploads\/2022\/03\/IMG_20220327_125854-1152x1536.jpg 1152w, https:\/\/www2.waldex.ch\/wordpress\/wp-content\/uploads\/2022\/03\/IMG_20220327_125854-1536x2048.jpg 1536w\" sizes=\"auto, (max-width: 767px) 89vw, (max-width: 1000px) 54vw, (max-width: 1071px) 543px, 580px\" \/><\/figure>\n\n\n\n<figure class=\"wp-block-image\"><img loading=\"lazy\" decoding=\"async\" width=\"1920\" height=\"2560\" src=\"https:\/\/www2.waldex.ch\/wordpress\/wp-content\/uploads\/2022\/03\/IMG_20220327_114707-scaled.jpg\" alt=\"\" class=\"wp-image-5449\" srcset=\"https:\/\/www2.waldex.ch\/wordpress\/wp-content\/uploads\/2022\/03\/IMG_20220327_114707-scaled.jpg 1920w, https:\/\/www2.waldex.ch\/wordpress\/wp-content\/uploads\/2022\/03\/IMG_20220327_114707-225x300.jpg 225w, https:\/\/www2.waldex.ch\/wordpress\/wp-content\/uploads\/2022\/03\/IMG_20220327_114707-768x1024.jpg 768w, https:\/\/www2.waldex.ch\/wordpress\/wp-content\/uploads\/2022\/03\/IMG_20220327_114707-1152x1536.jpg 1152w, https:\/\/www2.waldex.ch\/wordpress\/wp-content\/uploads\/2022\/03\/IMG_20220327_114707-1536x2048.jpg 1536w\" sizes=\"auto, (max-width: 767px) 89vw, (max-width: 1000px) 54vw, (max-width: 1071px) 543px, 580px\" \/><\/figure>\n\n\n\n<figure class=\"wp-block-image\"><img loading=\"lazy\" decoding=\"async\" width=\"2560\" height=\"1920\" src=\"https:\/\/www2.waldex.ch\/wordpress\/wp-content\/uploads\/2022\/03\/IMG_20220327_114658-scaled.jpg\" alt=\"\" class=\"wp-image-5450\" srcset=\"https:\/\/www2.waldex.ch\/wordpress\/wp-content\/uploads\/2022\/03\/IMG_20220327_114658-scaled.jpg 2560w, https:\/\/www2.waldex.ch\/wordpress\/wp-content\/uploads\/2022\/03\/IMG_20220327_114658-300x225.jpg 300w, https:\/\/www2.waldex.ch\/wordpress\/wp-content\/uploads\/2022\/03\/IMG_20220327_114658-1024x768.jpg 1024w, https:\/\/www2.waldex.ch\/wordpress\/wp-content\/uploads\/2022\/03\/IMG_20220327_114658-768x576.jpg 768w, https:\/\/www2.waldex.ch\/wordpress\/wp-content\/uploads\/2022\/03\/IMG_20220327_114658-1536x1152.jpg 1536w, https:\/\/www2.waldex.ch\/wordpress\/wp-content\/uploads\/2022\/03\/IMG_20220327_114658-2048x1536.jpg 2048w\" sizes=\"auto, (max-width: 767px) 89vw, (max-width: 1000px) 54vw, (max-width: 1071px) 543px, 580px\" \/><figcaption>Besuch eines Fernreisezuges <\/figcaption><\/figure>\n\n\n\n<figure class=\"wp-block-image\"><img loading=\"lazy\" decoding=\"async\" width=\"2560\" height=\"1920\" src=\"https:\/\/www2.waldex.ch\/wordpress\/wp-content\/uploads\/2022\/03\/IMG_20220327_114654-scaled.jpg\" alt=\"\" class=\"wp-image-5452\" srcset=\"https:\/\/www2.waldex.ch\/wordpress\/wp-content\/uploads\/2022\/03\/IMG_20220327_114654-scaled.jpg 2560w, https:\/\/www2.waldex.ch\/wordpress\/wp-content\/uploads\/2022\/03\/IMG_20220327_114654-300x225.jpg 300w, https:\/\/www2.waldex.ch\/wordpress\/wp-content\/uploads\/2022\/03\/IMG_20220327_114654-1024x768.jpg 1024w, https:\/\/www2.waldex.ch\/wordpress\/wp-content\/uploads\/2022\/03\/IMG_20220327_114654-768x576.jpg 768w, https:\/\/www2.waldex.ch\/wordpress\/wp-content\/uploads\/2022\/03\/IMG_20220327_114654-1536x1152.jpg 1536w, https:\/\/www2.waldex.ch\/wordpress\/wp-content\/uploads\/2022\/03\/IMG_20220327_114654-2048x1536.jpg 2048w\" sizes=\"auto, (max-width: 767px) 89vw, (max-width: 1000px) 54vw, (max-width: 1071px) 543px, 580px\" \/><\/figure>\n\n\n\n<p>Baustelle im \u00dcberblick <\/p>\n\n\n\n<p>Noch etwas zu &#8222;nicht immer alles l\u00e4uft nach Plan&#8220; : dummerweise beim Fr\u00e4sen abgerutscht&#8230; Hat den Verlust eines Gleises bedeutet und musste getaucht werden \uf64a<\/p>\n\n\n\n<figure class=\"wp-block-image size-large\"><img loading=\"lazy\" decoding=\"async\" width=\"2560\" height=\"1920\" src=\"https:\/\/www2.waldex.ch\/wordpress\/wp-content\/uploads\/2022\/03\/IMG_20220327_184825-2-scaled.jpg\" alt=\"\" class=\"wp-image-5456\" srcset=\"https:\/\/www2.waldex.ch\/wordpress\/wp-content\/uploads\/2022\/03\/IMG_20220327_184825-2-scaled.jpg 2560w, https:\/\/www2.waldex.ch\/wordpress\/wp-content\/uploads\/2022\/03\/IMG_20220327_184825-2-300x225.jpg 300w, https:\/\/www2.waldex.ch\/wordpress\/wp-content\/uploads\/2022\/03\/IMG_20220327_184825-2-1024x768.jpg 1024w, https:\/\/www2.waldex.ch\/wordpress\/wp-content\/uploads\/2022\/03\/IMG_20220327_184825-2-768x576.jpg 768w, https:\/\/www2.waldex.ch\/wordpress\/wp-content\/uploads\/2022\/03\/IMG_20220327_184825-2-1536x1152.jpg 1536w, https:\/\/www2.waldex.ch\/wordpress\/wp-content\/uploads\/2022\/03\/IMG_20220327_184825-2-2048x1536.jpg 2048w\" sizes=\"auto, (max-width: 767px) 89vw, (max-width: 1000px) 54vw, (max-width: 1071px) 543px, 580px\" \/><figcaption>Pech gehabt <\/figcaption><\/figure>\n\n\n\n<figure class=\"wp-block-image size-large\"><img loading=\"lazy\" decoding=\"async\" width=\"2560\" height=\"1920\" src=\"https:\/\/www2.waldex.ch\/wordpress\/wp-content\/uploads\/2022\/03\/IMG_20220327_194249-2-scaled.jpg\" alt=\"\" class=\"wp-image-5458\" srcset=\"https:\/\/www2.waldex.ch\/wordpress\/wp-content\/uploads\/2022\/03\/IMG_20220327_194249-2-scaled.jpg 2560w, https:\/\/www2.waldex.ch\/wordpress\/wp-content\/uploads\/2022\/03\/IMG_20220327_194249-2-300x225.jpg 300w, https:\/\/www2.waldex.ch\/wordpress\/wp-content\/uploads\/2022\/03\/IMG_20220327_194249-2-1024x768.jpg 1024w, https:\/\/www2.waldex.ch\/wordpress\/wp-content\/uploads\/2022\/03\/IMG_20220327_194249-2-768x576.jpg 768w, https:\/\/www2.waldex.ch\/wordpress\/wp-content\/uploads\/2022\/03\/IMG_20220327_194249-2-1536x1152.jpg 1536w, https:\/\/www2.waldex.ch\/wordpress\/wp-content\/uploads\/2022\/03\/IMG_20220327_194249-2-2048x1536.jpg 2048w\" sizes=\"auto, (max-width: 767px) 89vw, (max-width: 1000px) 54vw, (max-width: 1071px) 543px, 580px\" \/><figcaption>Defektes Gleis konnte noch entfernt werden <\/figcaption><\/figure>\n\n\n\n<figure class=\"wp-block-image size-large\"><img loading=\"lazy\" decoding=\"async\" width=\"1920\" height=\"2560\" src=\"https:\/\/www2.waldex.ch\/wordpress\/wp-content\/uploads\/2022\/04\/IMG_20220409_200912-scaled.jpg\" alt=\"\" class=\"wp-image-5462\" srcset=\"https:\/\/www2.waldex.ch\/wordpress\/wp-content\/uploads\/2022\/04\/IMG_20220409_200912-scaled.jpg 1920w, https:\/\/www2.waldex.ch\/wordpress\/wp-content\/uploads\/2022\/04\/IMG_20220409_200912-225x300.jpg 225w, https:\/\/www2.waldex.ch\/wordpress\/wp-content\/uploads\/2022\/04\/IMG_20220409_200912-768x1024.jpg 768w, https:\/\/www2.waldex.ch\/wordpress\/wp-content\/uploads\/2022\/04\/IMG_20220409_200912-1152x1536.jpg 1152w, https:\/\/www2.waldex.ch\/wordpress\/wp-content\/uploads\/2022\/04\/IMG_20220409_200912-1536x2048.jpg 1536w\" sizes=\"auto, (max-width: 767px) 89vw, (max-width: 1000px) 54vw, (max-width: 1071px) 543px, 580px\" \/><figcaption>Der neue Akkuschlagbohrer hat echt power \uf4aa\uf44d<\/figcaption><\/figure>\n\n\n\n<figure class=\"wp-block-image\"><img loading=\"lazy\" decoding=\"async\" width=\"2560\" height=\"1920\" src=\"https:\/\/www2.waldex.ch\/wordpress\/wp-content\/uploads\/2022\/04\/IMG_20220409_200304-scaled.jpg\" alt=\"\" class=\"wp-image-5460\" srcset=\"https:\/\/www2.waldex.ch\/wordpress\/wp-content\/uploads\/2022\/04\/IMG_20220409_200304-scaled.jpg 2560w, https:\/\/www2.waldex.ch\/wordpress\/wp-content\/uploads\/2022\/04\/IMG_20220409_200304-300x225.jpg 300w, https:\/\/www2.waldex.ch\/wordpress\/wp-content\/uploads\/2022\/04\/IMG_20220409_200304-1024x768.jpg 1024w, https:\/\/www2.waldex.ch\/wordpress\/wp-content\/uploads\/2022\/04\/IMG_20220409_200304-768x576.jpg 768w, https:\/\/www2.waldex.ch\/wordpress\/wp-content\/uploads\/2022\/04\/IMG_20220409_200304-1536x1152.jpg 1536w, https:\/\/www2.waldex.ch\/wordpress\/wp-content\/uploads\/2022\/04\/IMG_20220409_200304-2048x1536.jpg 2048w\" sizes=\"auto, (max-width: 767px) 89vw, (max-width: 1000px) 54vw, (max-width: 1071px) 543px, 580px\" \/><figcaption>Endlich! Ein Anwendungsfall f\u00fcr den neuen Akkuschlagbohrer<\/figcaption><\/figure>\n\n\n\n<figure class=\"wp-block-image\"><img loading=\"lazy\" decoding=\"async\" width=\"1920\" height=\"2560\" src=\"https:\/\/www2.waldex.ch\/wordpress\/wp-content\/uploads\/2022\/04\/IMG_20220409_200230-scaled.jpg\" alt=\"\" class=\"wp-image-5464\" srcset=\"https:\/\/www2.waldex.ch\/wordpress\/wp-content\/uploads\/2022\/04\/IMG_20220409_200230-scaled.jpg 1920w, https:\/\/www2.waldex.ch\/wordpress\/wp-content\/uploads\/2022\/04\/IMG_20220409_200230-225x300.jpg 225w, https:\/\/www2.waldex.ch\/wordpress\/wp-content\/uploads\/2022\/04\/IMG_20220409_200230-768x1024.jpg 768w, https:\/\/www2.waldex.ch\/wordpress\/wp-content\/uploads\/2022\/04\/IMG_20220409_200230-1152x1536.jpg 1152w, https:\/\/www2.waldex.ch\/wordpress\/wp-content\/uploads\/2022\/04\/IMG_20220409_200230-1536x2048.jpg 1536w\" sizes=\"auto, (max-width: 767px) 89vw, (max-width: 1000px) 54vw, (max-width: 1071px) 543px, 580px\" \/><figcaption>Vogel Flug Sicht \u00fcber den ersten Teil des car systems <\/figcaption><\/figure>\n\n\n\n<figure class=\"wp-block-image\"><img loading=\"lazy\" decoding=\"async\" width=\"2560\" height=\"1920\" src=\"https:\/\/www2.waldex.ch\/wordpress\/wp-content\/uploads\/2022\/04\/IMG_20220409_200157-scaled.jpg\" alt=\"\" class=\"wp-image-5461\" srcset=\"https:\/\/www2.waldex.ch\/wordpress\/wp-content\/uploads\/2022\/04\/IMG_20220409_200157-scaled.jpg 2560w, https:\/\/www2.waldex.ch\/wordpress\/wp-content\/uploads\/2022\/04\/IMG_20220409_200157-300x225.jpg 300w, https:\/\/www2.waldex.ch\/wordpress\/wp-content\/uploads\/2022\/04\/IMG_20220409_200157-1024x768.jpg 1024w, https:\/\/www2.waldex.ch\/wordpress\/wp-content\/uploads\/2022\/04\/IMG_20220409_200157-768x576.jpg 768w, https:\/\/www2.waldex.ch\/wordpress\/wp-content\/uploads\/2022\/04\/IMG_20220409_200157-1536x1152.jpg 1536w, https:\/\/www2.waldex.ch\/wordpress\/wp-content\/uploads\/2022\/04\/IMG_20220409_200157-2048x1536.jpg 2048w\" sizes=\"auto, (max-width: 767px) 89vw, (max-width: 1000px) 54vw, (max-width: 1071px) 543px, 580px\" \/><figcaption>Durchsicht \u00fcber die k\u00fcnftige Park Harfe&#8230; Gaaanz lange <\/figcaption><\/figure>\n\n\n\n<figure class=\"wp-block-image size-large\"><img loading=\"lazy\" decoding=\"async\" width=\"1920\" height=\"2560\" src=\"https:\/\/www2.waldex.ch\/wordpress\/wp-content\/uploads\/2022\/04\/IMG_20220409_200103-scaled.jpg\" alt=\"\" class=\"wp-image-5466\" srcset=\"https:\/\/www2.waldex.ch\/wordpress\/wp-content\/uploads\/2022\/04\/IMG_20220409_200103-scaled.jpg 1920w, https:\/\/www2.waldex.ch\/wordpress\/wp-content\/uploads\/2022\/04\/IMG_20220409_200103-225x300.jpg 225w, https:\/\/www2.waldex.ch\/wordpress\/wp-content\/uploads\/2022\/04\/IMG_20220409_200103-768x1024.jpg 768w, https:\/\/www2.waldex.ch\/wordpress\/wp-content\/uploads\/2022\/04\/IMG_20220409_200103-1152x1536.jpg 1152w, https:\/\/www2.waldex.ch\/wordpress\/wp-content\/uploads\/2022\/04\/IMG_20220409_200103-1536x2048.jpg 1536w\" sizes=\"auto, (max-width: 767px) 89vw, (max-width: 1000px) 54vw, (max-width: 1071px) 543px, 580px\" \/><figcaption>Park Harfe auf Segment 2.. Hier wird neu eine ganze Platte verwendet. Einzelne St\u00fccke etwas instabil ohne grosse Grundplatte wie auf Segment 1<\/figcaption><\/figure>\n\n\n\n<figure class=\"wp-block-image\"><img loading=\"lazy\" decoding=\"async\" width=\"2560\" height=\"1920\" src=\"https:\/\/www2.waldex.ch\/wordpress\/wp-content\/uploads\/2022\/04\/IMG_20220409_200113-scaled.jpg\" alt=\"\" class=\"wp-image-5467\" srcset=\"https:\/\/www2.waldex.ch\/wordpress\/wp-content\/uploads\/2022\/04\/IMG_20220409_200113-scaled.jpg 2560w, https:\/\/www2.waldex.ch\/wordpress\/wp-content\/uploads\/2022\/04\/IMG_20220409_200113-300x225.jpg 300w, https:\/\/www2.waldex.ch\/wordpress\/wp-content\/uploads\/2022\/04\/IMG_20220409_200113-1024x768.jpg 1024w, https:\/\/www2.waldex.ch\/wordpress\/wp-content\/uploads\/2022\/04\/IMG_20220409_200113-768x576.jpg 768w, https:\/\/www2.waldex.ch\/wordpress\/wp-content\/uploads\/2022\/04\/IMG_20220409_200113-1536x1152.jpg 1536w, https:\/\/www2.waldex.ch\/wordpress\/wp-content\/uploads\/2022\/04\/IMG_20220409_200113-2048x1536.jpg 2048w\" sizes=\"auto, (max-width: 767px) 89vw, (max-width: 1000px) 54vw, (max-width: 1071px) 543px, 580px\" \/><figcaption>Parkharfe auf dem Segment 1<\/figcaption><\/figure>\n","protected":false},"excerpt":{"rendered":"<p>Eigentlich war es das Ziel, endlich die erste Rundstrecke f\u00fcrs Car System zu finalisieren. Doch da machen sich beim Bau neue Ideen bereit: mehr Abstellpl\u00e4tze f\u00fcr Autos zus\u00e4tzlich zur LKW &#8211; Parkharfe&#8230;&#8230; Wichtig war, dass unter der Strasse die Z\u00fcge durchkommen. Die Abzweigungen von Faller sind recht hoch (50 mm), doch zum Gl\u00fcck hatte ich &hellip; <\/p>\n<p class=\"link-more\"><a href=\"https:\/\/www2.waldex.ch\/wordpress\/?p=5439\" class=\"more-link\"><span class=\"screen-reader-text\">&#8222;Nicht immer geht alles nach Plan: Laufend neue Ideen machen sich breit&#8230;..&#8220;<\/span> weiterlesen<\/a><\/p>\n","protected":false},"author":250,"featured_media":5444,"comment_status":"open","ping_status":"open","sticky":false,"template":"","format":"standard","meta":{"ngg_post_thumbnail":0,"footnotes":""},"categories":[8],"tags":[],"class_list":["post-5439","post","type-post","status-publish","format-standard","has-post-thumbnail","hentry","category-build"],"_links":{"self":[{"href":"https:\/\/www2.waldex.ch\/wordpress\/index.php?rest_route=\/wp\/v2\/posts\/5439","targetHints":{"allow":["GET"]}}],"collection":[{"href":"https:\/\/www2.waldex.ch\/wordpress\/index.php?rest_route=\/wp\/v2\/posts"}],"about":[{"href":"https:\/\/www2.waldex.ch\/wordpress\/index.php?rest_route=\/wp\/v2\/types\/post"}],"author":[{"embeddable":true,"href":"https:\/\/www2.waldex.ch\/wordpress\/index.php?rest_route=\/wp\/v2\/users\/250"}],"replies":[{"embeddable":true,"href":"https:\/\/www2.waldex.ch\/wordpress\/index.php?rest_route=%2Fwp%2Fv2%2Fcomments&post=5439"}],"version-history":[{"count":0,"href":"https:\/\/www2.waldex.ch\/wordpress\/index.php?rest_route=\/wp\/v2\/posts\/5439\/revisions"}],"wp:featuredmedia":[{"embeddable":true,"href":"https:\/\/www2.waldex.ch\/wordpress\/index.php?rest_route=\/wp\/v2\/media\/5444"}],"wp:attachment":[{"href":"https:\/\/www2.waldex.ch\/wordpress\/index.php?rest_route=%2Fwp%2Fv2%2Fmedia&parent=5439"}],"wp:term":[{"taxonomy":"category","embeddable":true,"href":"https:\/\/www2.waldex.ch\/wordpress\/index.php?rest_route=%2Fwp%2Fv2%2Fcategories&post=5439"},{"taxonomy":"post_tag","embeddable":true,"href":"https:\/\/www2.waldex.ch\/wordpress\/index.php?rest_route=%2Fwp%2Fv2%2Ftags&post=5439"}],"curies":[{"name":"wp","href":"https:\/\/api.w.org\/{rel}","templated":true}]}}