























































































































































































































































































{"id":524,"date":"2017-10-01T17:12:34","date_gmt":"2017-10-01T15:12:34","guid":{"rendered":"http:\/\/www2.waldex.ch\/wordpress\/?p=524"},"modified":"2022-02-06T10:07:30","modified_gmt":"2022-02-06T08:07:30","slug":"endlich-wiedermal-ein-update","status":"publish","type":"post","link":"https:\/\/www2.waldex.ch\/wordpress\/?p=524","title":{"rendered":"Endlich wiedermal ein Update &#8211; weitere Folgen gleich!"},"content":{"rendered":"\n<p>Ja &#8211; erschreckend &#8211; fast 3 Jahre ist es her, bis heute hier wieder ein Update erfolgt. &#8222;Shame on me&#8220; oder positiv gesagt: Besten Dank an die treue Community, die immer noch die Seite besucht.<\/p>\n\n\n\n<p>Weitere Artikel werden b\u00e4lde folgen. Nicht immer selber schauen wollen? Kein Problem &#8211; wir bieten einen Newsletter per Email an: Du kannst Dich als &#8222;B\u00fcrger von Waldingen&#8220; registrieren lassen (Registrationsformular &#8211; momentan abgeschaltet) Auf der Rechten Seite von dieser Homepage) &#8211; dann erh\u00e4ltst Du jederzeit ein Update sobald ein neuer Artikel online ist!<\/p>\n\n\n\n<p>Also wurden immer wieder Fahrten auf der Modulanlage gemacht. Hier einige Bilder<\/p>\n\n\nngg_shortcode_0_placeholder\n\n\n<p>Ja, ein Wandel kommt: Auf der &#8222;alten&#8220; Modulanlage wird bis heute immer noch gefahren und betrieben &#8211; und das auch wenn bereits neue Pl\u00e4ne f\u00fcr &#8222;Waldingen 3b&#8220; vorhanden sind, um den Raum optimal zu nutzen (siehe fr\u00fchere und sp\u00e4tere Blogs vom Bau sowie die 3D-Visualisierung oben). Waldingen 3b wird nicht mehr aus Modulen, sondern aus Segmenten bestehen. Und das Gute: M\u00f6glichst viel, was schon gebaut ist wird verwendet (bspw. der grosse Schattenbahnhof).\u00a0<\/p>\n\n\n\n<figure class=\"wp-block-image size-large\"><img loading=\"lazy\" decoding=\"async\" width=\"1024\" height=\"502\" src=\"https:\/\/www2.waldex.ch\/wordpress\/wp-content\/uploads\/2017\/10\/20181021_WDG3b_Blick_ab_Berg-1024x502.jpg\" alt=\"\" class=\"wp-image-5266\" srcset=\"https:\/\/www2.waldex.ch\/wordpress\/wp-content\/uploads\/2017\/10\/20181021_WDG3b_Blick_ab_Berg-1024x502.jpg 1024w, https:\/\/www2.waldex.ch\/wordpress\/wp-content\/uploads\/2017\/10\/20181021_WDG3b_Blick_ab_Berg-300x147.jpg 300w, https:\/\/www2.waldex.ch\/wordpress\/wp-content\/uploads\/2017\/10\/20181021_WDG3b_Blick_ab_Berg-768x376.jpg 768w, https:\/\/www2.waldex.ch\/wordpress\/wp-content\/uploads\/2017\/10\/20181021_WDG3b_Blick_ab_Berg-1536x753.jpg 1536w, https:\/\/www2.waldex.ch\/wordpress\/wp-content\/uploads\/2017\/10\/20181021_WDG3b_Blick_ab_Berg-2048x1004.jpg 2048w\" sizes=\"auto, (max-width: 767px) 89vw, (max-width: 1000px) 54vw, (max-width: 1071px) 543px, 580px\" \/><figcaption><em>Titelbild: Sicht &#8222;aus der Wand&#8220; auf die geplante Segmentanlage<\/em><\/figcaption><\/figure>\n\n\n\n<p><\/p>\n","protected":false},"excerpt":{"rendered":"<p>Ja &#8211; erschreckend &#8211; fast 3 Jahre ist es her, bis heute hier wieder ein Update erfolgt. &#8222;Shame on me&#8220; oder positiv gesagt: Besten Dank an die treue Community, die immer noch die Seite besucht. Weitere Artikel werden b\u00e4lde folgen. Nicht immer selber schauen wollen? Kein Problem &#8211; wir bieten einen Newsletter per Email an: &hellip; <\/p>\n<p class=\"link-more\"><a href=\"https:\/\/www2.waldex.ch\/wordpress\/?p=524\" class=\"more-link\"><span class=\"screen-reader-text\">&#8222;Endlich wiedermal ein Update &#8211; weitere Folgen gleich!&#8220;<\/span> weiterlesen<\/a><\/p>\n","protected":false},"author":250,"featured_media":5271,"comment_status":"open","ping_status":"open","sticky":false,"template":"","format":"standard","meta":{"ngg_post_thumbnail":131,"footnotes":""},"categories":[1,8,11],"tags":[],"class_list":["post-524","post","type-post","status-publish","format-standard","has-post-thumbnail","hentry","category-allgemein","category-build","category-fahren-betrieb"],"_links":{"self":[{"href":"https:\/\/www2.waldex.ch\/wordpress\/index.php?rest_route=\/wp\/v2\/posts\/524","targetHints":{"allow":["GET"]}}],"collection":[{"href":"https:\/\/www2.waldex.ch\/wordpress\/index.php?rest_route=\/wp\/v2\/posts"}],"about":[{"href":"https:\/\/www2.waldex.ch\/wordpress\/index.php?rest_route=\/wp\/v2\/types\/post"}],"author":[{"embeddable":true,"href":"https:\/\/www2.waldex.ch\/wordpress\/index.php?rest_route=\/wp\/v2\/users\/250"}],"replies":[{"embeddable":true,"href":"https:\/\/www2.waldex.ch\/wordpress\/index.php?rest_route=%2Fwp%2Fv2%2Fcomments&post=524"}],"version-history":[{"count":0,"href":"https:\/\/www2.waldex.ch\/wordpress\/index.php?rest_route=\/wp\/v2\/posts\/524\/revisions"}],"wp:featuredmedia":[{"embeddable":true,"href":"https:\/\/www2.waldex.ch\/wordpress\/index.php?rest_route=\/wp\/v2\/media\/5271"}],"wp:attachment":[{"href":"https:\/\/www2.waldex.ch\/wordpress\/index.php?rest_route=%2Fwp%2Fv2%2Fmedia&parent=524"}],"wp:term":[{"taxonomy":"category","embeddable":true,"href":"https:\/\/www2.waldex.ch\/wordpress\/index.php?rest_route=%2Fwp%2Fv2%2Fcategories&post=524"},{"taxonomy":"post_tag","embeddable":true,"href":"https:\/\/www2.waldex.ch\/wordpress\/index.php?rest_route=%2Fwp%2Fv2%2Ftags&post=524"}],"curies":[{"name":"wp","href":"https:\/\/api.w.org\/{rel}","templated":true}]}}