







































































































































































































































































{"id":5232,"date":"2022-02-04T20:09:19","date_gmt":"2022-02-04T18:09:19","guid":{"rendered":"https:\/\/www2.waldex.ch\/wordpress\/?p=5232"},"modified":"2022-02-04T20:12:15","modified_gmt":"2022-02-04T18:12:15","slug":"macht-diese-logik-sinn-%f0%9f%a4%94","status":"publish","type":"post","link":"https:\/\/www2.waldex.ch\/wordpress\/?p=5232","title":{"rendered":"Macht diese Logik Sinn? &#x1f914;"},"content":{"rendered":"\n<p><\/p>\n\n\n\n<p>Ich liebe diese Logik: nat\u00fcrlich soll man im \u00d6V auf die Maskenpflicht hinweisen. Aber ehrlich gesagt&#8230; Wieviele Fahrg\u00e4ste steigen \u00fcber die &#8222;Ladebucht&#8220; vom Speisewagen in den Zug? Wohl niemand, wohl nicht mal das Personal! Wohl ist es wichtig, dass Dinge wie Kaffeebohnebn, die dort zugeladen werden, auch alle eine Maske tragen \uf604\uf637<\/p>\n","protected":false},"excerpt":{"rendered":"<p>Ich liebe diese Logik: nat\u00fcrlich soll man im \u00d6V auf die Maskenpflicht hinweisen. Aber ehrlich gesagt&#8230; Wieviele Fahrg\u00e4ste steigen \u00fcber die &#8222;Ladebucht&#8220; vom Speisewagen in den Zug? Wohl niemand, wohl nicht mal das Personal! Wohl ist es wichtig, dass Dinge wie Kaffeebohnebn, die dort zugeladen werden, auch alle eine Maske tragen \uf604\uf637<\/p>\n","protected":false},"author":250,"featured_media":5234,"comment_status":"open","ping_status":"open","sticky":false,"template":"","format":"standard","meta":{"ngg_post_thumbnail":0,"footnotes":""},"categories":[8],"tags":[26],"class_list":["post-5232","post","type-post","status-publish","format-standard","has-post-thumbnail","hentry","category-build","tag-oev"],"_links":{"self":[{"href":"https:\/\/www2.waldex.ch\/wordpress\/index.php?rest_route=\/wp\/v2\/posts\/5232","targetHints":{"allow":["GET"]}}],"collection":[{"href":"https:\/\/www2.waldex.ch\/wordpress\/index.php?rest_route=\/wp\/v2\/posts"}],"about":[{"href":"https:\/\/www2.waldex.ch\/wordpress\/index.php?rest_route=\/wp\/v2\/types\/post"}],"author":[{"embeddable":true,"href":"https:\/\/www2.waldex.ch\/wordpress\/index.php?rest_route=\/wp\/v2\/users\/250"}],"replies":[{"embeddable":true,"href":"https:\/\/www2.waldex.ch\/wordpress\/index.php?rest_route=%2Fwp%2Fv2%2Fcomments&post=5232"}],"version-history":[{"count":0,"href":"https:\/\/www2.waldex.ch\/wordpress\/index.php?rest_route=\/wp\/v2\/posts\/5232\/revisions"}],"wp:featuredmedia":[{"embeddable":true,"href":"https:\/\/www2.waldex.ch\/wordpress\/index.php?rest_route=\/wp\/v2\/media\/5234"}],"wp:attachment":[{"href":"https:\/\/www2.waldex.ch\/wordpress\/index.php?rest_route=%2Fwp%2Fv2%2Fmedia&parent=5232"}],"wp:term":[{"taxonomy":"category","embeddable":true,"href":"https:\/\/www2.waldex.ch\/wordpress\/index.php?rest_route=%2Fwp%2Fv2%2Fcategories&post=5232"},{"taxonomy":"post_tag","embeddable":true,"href":"https:\/\/www2.waldex.ch\/wordpress\/index.php?rest_route=%2Fwp%2Fv2%2Ftags&post=5232"}],"curies":[{"name":"wp","href":"https:\/\/api.w.org\/{rel}","templated":true}]}}