







































































































































































































































































{"id":5019,"date":"2022-02-09T17:31:00","date_gmt":"2022-02-09T15:31:00","guid":{"rendered":"http:\/\/www2.waldex.ch\/wordpress\/?p=5019"},"modified":"2022-02-04T14:22:59","modified_gmt":"2022-02-04T12:22:59","slug":"was-bedeutet-maerklin-garantie","status":"publish","type":"post","link":"https:\/\/www2.waldex.ch\/wordpress\/?p=5019","title":{"rendered":"Was bedeutet &#8222;M\u00e4rklin Garantie&#8220; genau? Warum muss ich nach Erhalt das Modell selber flicken?"},"content":{"rendered":"\n<p><a href=\"https:\/\/www.maerklin.de\/de\/produkte\/details\/article\/39250\">M\u00e4rklin 39520 C 5\/6 &#8222;Elephant&#8220;<\/a>. Neu gekauft, 1x probe gefahren. Dann in Vitrine. Nach einem Jahr: Rauchgeni geht nicht. Auf Garantie 2x (!) eingesandt (nach 1. mal ging der Rauch immer noch nicht) dann ging es \u00fcber Monate hinweg bis was zur\u00fcckkam, Lok ging verloren, am Schluss musste ich den Rauchgenerator (auf eigene Kosten und Arbeit) selber tauschen! Aber jetzt l\u00e4uft die Lok!!<\/p>\n\n\n\n<figure class=\"wp-block-gallery columns-2 is-cropped wp-block-gallery-1 is-layout-flex wp-block-gallery-is-layout-flex\"><ul class=\"blocks-gallery-grid\"><li class=\"blocks-gallery-item\"><figure><img loading=\"lazy\" decoding=\"async\" width=\"768\" height=\"1024\" src=\"http:\/\/www2.waldex.ch\/wordpress\/wp-content\/uploads\/2022\/02\/IMG_20210512_134246-768x1024.jpg\" alt=\"\" data-id=\"5073\" data-full-url=\"http:\/\/www2.waldex.ch\/wordpress\/wp-content\/uploads\/2022\/02\/IMG_20210512_134246-scaled.jpg\" data-link=\"http:\/\/www2.waldex.ch\/wordpress\/?attachment_id=5073\" class=\"wp-image-5073\" srcset=\"https:\/\/www2.waldex.ch\/wordpress\/wp-content\/uploads\/2022\/02\/IMG_20210512_134246-768x1024.jpg 768w, https:\/\/www2.waldex.ch\/wordpress\/wp-content\/uploads\/2022\/02\/IMG_20210512_134246-225x300.jpg 225w, https:\/\/www2.waldex.ch\/wordpress\/wp-content\/uploads\/2022\/02\/IMG_20210512_134246-1152x1536.jpg 1152w, https:\/\/www2.waldex.ch\/wordpress\/wp-content\/uploads\/2022\/02\/IMG_20210512_134246-1536x2048.jpg 1536w, https:\/\/www2.waldex.ch\/wordpress\/wp-content\/uploads\/2022\/02\/IMG_20210512_134246-scaled.jpg 1920w\" sizes=\"auto, (max-width: 767px) 89vw, (max-width: 1000px) 54vw, (max-width: 1071px) 543px, 580px\" \/><\/figure><\/li><li class=\"blocks-gallery-item\"><figure><img loading=\"lazy\" decoding=\"async\" width=\"1024\" height=\"768\" src=\"http:\/\/www2.waldex.ch\/wordpress\/wp-content\/uploads\/2022\/02\/IMG_20210512_131653-1024x768.jpg\" alt=\"\" data-id=\"5074\" data-full-url=\"http:\/\/www2.waldex.ch\/wordpress\/wp-content\/uploads\/2022\/02\/IMG_20210512_131653-scaled.jpg\" data-link=\"http:\/\/www2.waldex.ch\/wordpress\/?attachment_id=5074\" class=\"wp-image-5074\" srcset=\"https:\/\/www2.waldex.ch\/wordpress\/wp-content\/uploads\/2022\/02\/IMG_20210512_131653-1024x768.jpg 1024w, https:\/\/www2.waldex.ch\/wordpress\/wp-content\/uploads\/2022\/02\/IMG_20210512_131653-300x225.jpg 300w, https:\/\/www2.waldex.ch\/wordpress\/wp-content\/uploads\/2022\/02\/IMG_20210512_131653-768x576.jpg 768w, https:\/\/www2.waldex.ch\/wordpress\/wp-content\/uploads\/2022\/02\/IMG_20210512_131653-1536x1152.jpg 1536w, https:\/\/www2.waldex.ch\/wordpress\/wp-content\/uploads\/2022\/02\/IMG_20210512_131653-2048x1536.jpg 2048w\" sizes=\"auto, (max-width: 767px) 89vw, (max-width: 1000px) 54vw, (max-width: 1071px) 543px, 580px\" \/><\/figure><\/li><\/ul><figcaption class=\"blocks-gallery-caption\">Nein, das ist keine Impfung gegen Corona! &#x1f489;&#x1f682; (12.5.2021)<\/figcaption><\/figure>\n\n\n\n<figure class=\"wp-block-video\"><video controls src=\"http:\/\/www2.waldex.ch\/wordpress\/wp-content\/uploads\/2022\/02\/VID_20210512_130043.mp4\"><\/video><figcaption>Juhui geht! Rauchgeni getauscht! Selber reparieren ist immer noch am erfolgreichsten&#8230;.&#x1f636;<\/figcaption><\/figure>\n\n\n\n<figure class=\"wp-block-video\"><video controls src=\"http:\/\/www2.waldex.ch\/wordpress\/wp-content\/uploads\/2022\/02\/VID_20210512_134603.mp4\"><\/video><figcaption>Auch zusammengebaut noch in ordnung: Es dampft, raucht und hat Licht &#8230;was will man mehr!<\/figcaption><\/figure>\n\n\n\n<h2 class=\"wp-block-heading\">Probefahrt &#x1f601; &#8211; Juhui!<\/h2>\n\n\n\n<figure class=\"wp-block-video\"><video controls src=\"http:\/\/www2.waldex.ch\/wordpress\/wp-content\/uploads\/2022\/02\/VID_20210512_132524_c.mp4\"><\/video><figcaption>Modellbahn sind reine Emotionen. Aus andern Gr\u00fcnden braucht man sie (als Erwachender) nicht wirklich &#8211; ausser man ist in der Branche t\u00e4tig &#x1f35e;&#x1f956;<\/figcaption><\/figure>\n\n\n\n<h2 class=\"wp-block-heading\">Nur ein Einzelfall?!?<\/h2>\n\n\n\n<p><strong>Allgemein<\/strong>: ich werde nicht mehr auf Garantie einsenden, denn nach meiner Erfahrung n\u00fctzt es nichts! Die Garantie-Zertifikate sind somit unbrauchbar! Einzelfall? Hmmmm&#8230; ich hatte selbes mit dem <a href=\"https:\/\/www.maerklin.de\/de\/produkte\/details\/article\/76501\">M\u00e4rklin Portalkran 76501 <\/a>: Die fristgerechte, gut dokumentierte, eingereichte und vom H\u00e4ndler best\u00e4tigte Garantiereperatur kam nach einem Jahr mit einer Rechnung zur\u00fcck! M\u00e4rklin konnte bei meiner Beanstandung nicht helfen&#8230;. der Anwalt des H\u00e4ndlers hatte gesagt, es sei ein klarer Fall, dass M\u00e4rklin  dies \u00fcbernehmen sollte. Schade um das Renom\u00e9e des Herstellers!<\/p>\n\n\n\n<h2 class=\"wp-block-heading\">..und am Schluss wie immer noch das spezielle Bild<\/h2>\n\n\n\n<figure class=\"wp-block-image size-large\"><img loading=\"lazy\" decoding=\"async\" width=\"1024\" height=\"768\" src=\"http:\/\/www2.waldex.ch\/wordpress\/wp-content\/uploads\/2022\/02\/IMG_20210522_185437-1024x768.jpg\" alt=\"\" class=\"wp-image-5075\" srcset=\"https:\/\/www2.waldex.ch\/wordpress\/wp-content\/uploads\/2022\/02\/IMG_20210522_185437-1024x768.jpg 1024w, https:\/\/www2.waldex.ch\/wordpress\/wp-content\/uploads\/2022\/02\/IMG_20210522_185437-300x225.jpg 300w, https:\/\/www2.waldex.ch\/wordpress\/wp-content\/uploads\/2022\/02\/IMG_20210522_185437-768x576.jpg 768w, https:\/\/www2.waldex.ch\/wordpress\/wp-content\/uploads\/2022\/02\/IMG_20210522_185437-1536x1152.jpg 1536w, https:\/\/www2.waldex.ch\/wordpress\/wp-content\/uploads\/2022\/02\/IMG_20210522_185437-2048x1536.jpg 2048w\" sizes=\"auto, (max-width: 767px) 89vw, (max-width: 1000px) 54vw, (max-width: 1071px) 543px, 580px\" \/><figcaption>Nein, die beiden M\u00e4rklin 3000er haben keine Garantie mehr&#8230;.aber sie fahren ja auch einwandfrei (mit Delta-Decodern)&#8230;unzerst\u00f6rbar!<\/figcaption><\/figure>\n","protected":false},"excerpt":{"rendered":"<p>M\u00e4rklin 39520 C 5\/6 &#8222;Elephant&#8220;. Neu gekauft, 1x probe gefahren. Dann in Vitrine. Nach einem Jahr: Rauchgeni geht nicht. Auf Garantie 2x (!) eingesandt (nach 1. mal ging der Rauch immer noch nicht) dann ging es \u00fcber Monate hinweg bis was zur\u00fcckkam, Lok ging verloren, am Schluss musste ich den Rauchgenerator (auf eigene Kosten und &hellip; <\/p>\n<p class=\"link-more\"><a href=\"https:\/\/www2.waldex.ch\/wordpress\/?p=5019\" class=\"more-link\"><span class=\"screen-reader-text\">&#8222;Was bedeutet &#8222;M\u00e4rklin Garantie&#8220; genau? Warum muss ich nach Erhalt das Modell selber flicken?&#8220;<\/span> weiterlesen<\/a><\/p>\n","protected":false},"author":250,"featured_media":5199,"comment_status":"open","ping_status":"open","sticky":false,"template":"","format":"standard","meta":{"ngg_post_thumbnail":0,"footnotes":""},"categories":[1],"tags":[],"class_list":["post-5019","post","type-post","status-publish","format-standard","has-post-thumbnail","hentry","category-allgemein"],"_links":{"self":[{"href":"https:\/\/www2.waldex.ch\/wordpress\/index.php?rest_route=\/wp\/v2\/posts\/5019","targetHints":{"allow":["GET"]}}],"collection":[{"href":"https:\/\/www2.waldex.ch\/wordpress\/index.php?rest_route=\/wp\/v2\/posts"}],"about":[{"href":"https:\/\/www2.waldex.ch\/wordpress\/index.php?rest_route=\/wp\/v2\/types\/post"}],"author":[{"embeddable":true,"href":"https:\/\/www2.waldex.ch\/wordpress\/index.php?rest_route=\/wp\/v2\/users\/250"}],"replies":[{"embeddable":true,"href":"https:\/\/www2.waldex.ch\/wordpress\/index.php?rest_route=%2Fwp%2Fv2%2Fcomments&post=5019"}],"version-history":[{"count":0,"href":"https:\/\/www2.waldex.ch\/wordpress\/index.php?rest_route=\/wp\/v2\/posts\/5019\/revisions"}],"wp:featuredmedia":[{"embeddable":true,"href":"https:\/\/www2.waldex.ch\/wordpress\/index.php?rest_route=\/wp\/v2\/media\/5199"}],"wp:attachment":[{"href":"https:\/\/www2.waldex.ch\/wordpress\/index.php?rest_route=%2Fwp%2Fv2%2Fmedia&parent=5019"}],"wp:term":[{"taxonomy":"category","embeddable":true,"href":"https:\/\/www2.waldex.ch\/wordpress\/index.php?rest_route=%2Fwp%2Fv2%2Fcategories&post=5019"},{"taxonomy":"post_tag","embeddable":true,"href":"https:\/\/www2.waldex.ch\/wordpress\/index.php?rest_route=%2Fwp%2Fv2%2Ftags&post=5019"}],"curies":[{"name":"wp","href":"https:\/\/api.w.org\/{rel}","templated":true}]}}