







































































































































































































































































{"id":4925,"date":"2022-02-04T19:02:58","date_gmt":"2022-02-04T17:02:58","guid":{"rendered":"http:\/\/www2.waldex.ch\/wordpress\/?p=4925"},"modified":"2022-02-04T14:46:07","modified_gmt":"2022-02-04T12:46:07","slug":"auch-auf-der-modulanlage-tut-sich-etwas","status":"publish","type":"post","link":"https:\/\/www2.waldex.ch\/wordpress\/?p=4925","title":{"rendered":"Auch auf der Modulanlage tut sich etwas"},"content":{"rendered":"\n<p>Hauptfocus ist Weiterbau der Segmentanlage. Nichsdestotrotz sollte die Modulanlage fahrbereit sein. Da brauchts ab und zu mal eine Nacharbeit aka &#8222;kleine Basteleien&#8220;. Einige sind hier fotodokumentarisch abgelegt.<\/p>\n\n\n\n<figure class=\"wp-block-image size-large\"><img loading=\"lazy\" decoding=\"async\" width=\"1024\" height=\"768\" src=\"http:\/\/www2.waldex.ch\/wordpress\/wp-content\/uploads\/2022\/02\/IMG_20190419_144226-1024x768.jpg\" alt=\"\" class=\"wp-image-4927\" srcset=\"https:\/\/www2.waldex.ch\/wordpress\/wp-content\/uploads\/2022\/02\/IMG_20190419_144226-1024x768.jpg 1024w, https:\/\/www2.waldex.ch\/wordpress\/wp-content\/uploads\/2022\/02\/IMG_20190419_144226-300x225.jpg 300w, https:\/\/www2.waldex.ch\/wordpress\/wp-content\/uploads\/2022\/02\/IMG_20190419_144226-768x576.jpg 768w, https:\/\/www2.waldex.ch\/wordpress\/wp-content\/uploads\/2022\/02\/IMG_20190419_144226-1536x1152.jpg 1536w, https:\/\/www2.waldex.ch\/wordpress\/wp-content\/uploads\/2022\/02\/IMG_20190419_144226-2048x1536.jpg 2048w\" sizes=\"auto, (max-width: 767px) 89vw, (max-width: 1000px) 54vw, (max-width: 1071px) 543px, 580px\" \/><figcaption>F\u00fcr das Gewitter auf der Anlage ist &#8211; neben der Nebelmaschine &#8211; ein Strobo und Dolby 5.1 f\u00fcr Ger\u00e4usche installiert. Die Nebelmaschine war oft etwas \u00fcberhitzt. Aus Restmaterial liess sich so eine kleine Schaltuhr bauen, die die Nebelmaschine nach einiger Zeit ausschaltet &#8211; analog der Treppenlichtfunktion\/Minuterie (19.4.2019)<\/figcaption><\/figure>\n\n\n\n<p><\/p>\n\n\n\n<figure class=\"wp-block-image size-large\"><img loading=\"lazy\" decoding=\"async\" width=\"768\" height=\"1024\" src=\"http:\/\/www2.waldex.ch\/wordpress\/wp-content\/uploads\/2022\/02\/IMG_20190421_145603-768x1024.jpg\" alt=\"\" class=\"wp-image-4926\" srcset=\"https:\/\/www2.waldex.ch\/wordpress\/wp-content\/uploads\/2022\/02\/IMG_20190421_145603-768x1024.jpg 768w, https:\/\/www2.waldex.ch\/wordpress\/wp-content\/uploads\/2022\/02\/IMG_20190421_145603-225x300.jpg 225w, https:\/\/www2.waldex.ch\/wordpress\/wp-content\/uploads\/2022\/02\/IMG_20190421_145603-1152x1536.jpg 1152w, https:\/\/www2.waldex.ch\/wordpress\/wp-content\/uploads\/2022\/02\/IMG_20190421_145603-1536x2048.jpg 1536w, https:\/\/www2.waldex.ch\/wordpress\/wp-content\/uploads\/2022\/02\/IMG_20190421_145603-scaled.jpg 1920w\" sizes=\"auto, (max-width: 767px) 89vw, (max-width: 1000px) 54vw, (max-width: 1071px) 543px, 580px\" \/><figcaption>Die Zwischerbox war in einem Museumsladen\/Energiepark ausgestellt. Super f\u00fcr die Modellbahn! &#8211; (21.4.2019)<\/figcaption><\/figure>\n\n\n\n<figure class=\"wp-block-image size-large\"><img loading=\"lazy\" decoding=\"async\" width=\"1024\" height=\"768\" src=\"http:\/\/www2.waldex.ch\/wordpress\/wp-content\/uploads\/2022\/02\/IMG_20190121_225109-1024x768.jpg\" alt=\"\" class=\"wp-image-4928\" srcset=\"https:\/\/www2.waldex.ch\/wordpress\/wp-content\/uploads\/2022\/02\/IMG_20190121_225109-1024x768.jpg 1024w, https:\/\/www2.waldex.ch\/wordpress\/wp-content\/uploads\/2022\/02\/IMG_20190121_225109-300x225.jpg 300w, https:\/\/www2.waldex.ch\/wordpress\/wp-content\/uploads\/2022\/02\/IMG_20190121_225109-768x576.jpg 768w, https:\/\/www2.waldex.ch\/wordpress\/wp-content\/uploads\/2022\/02\/IMG_20190121_225109-1536x1152.jpg 1536w, https:\/\/www2.waldex.ch\/wordpress\/wp-content\/uploads\/2022\/02\/IMG_20190121_225109-2048x1536.jpg 2048w\" sizes=\"auto, (max-width: 767px) 89vw, (max-width: 1000px) 54vw, (max-width: 1071px) 543px, 580px\" \/><figcaption>Die Verkabelung unter dem Bahn\u00fcbergang war ein scheussliches Chaos! Wenige Kabelklemmen und Lochraster-Schacht helfen schon etwas. Learning: Kabel nur noch in Kabelsch\u00e4chte (wie auf der Segmentanlage der Fall) &#8211; (21.1.2019)<\/figcaption><\/figure>\n\n\n\n<figure class=\"wp-block-image size-large\"><img loading=\"lazy\" decoding=\"async\" width=\"1024\" height=\"768\" src=\"http:\/\/www2.waldex.ch\/wordpress\/wp-content\/uploads\/2022\/02\/IMG_20210606_182500-1-1024x768.jpg\" alt=\"\" class=\"wp-image-5056\" srcset=\"https:\/\/www2.waldex.ch\/wordpress\/wp-content\/uploads\/2022\/02\/IMG_20210606_182500-1-1024x768.jpg 1024w, https:\/\/www2.waldex.ch\/wordpress\/wp-content\/uploads\/2022\/02\/IMG_20210606_182500-1-300x225.jpg 300w, https:\/\/www2.waldex.ch\/wordpress\/wp-content\/uploads\/2022\/02\/IMG_20210606_182500-1-768x576.jpg 768w, https:\/\/www2.waldex.ch\/wordpress\/wp-content\/uploads\/2022\/02\/IMG_20210606_182500-1-1536x1152.jpg 1536w, https:\/\/www2.waldex.ch\/wordpress\/wp-content\/uploads\/2022\/02\/IMG_20210606_182500-1-2048x1536.jpg 2048w\" sizes=\"auto, (max-width: 767px) 89vw, (max-width: 1000px) 54vw, (max-width: 1071px) 543px, 580px\" \/><figcaption>Noch ein Update: Vitrinenschl\u00f6sser aus Asien! Kosten nichts aber die Modellen sind vor unbefugten Kinderh\u00e4nden gesch\u00fctzt. Puh bin ich beruhigt (umindest bis wohl jemand sich des Schl\u00fcssels erm\u00e4chtigt&#8230;..) &#8211; 6.6.2021<\/figcaption><\/figure>\n\n\n\n<p><\/p>\n","protected":false},"excerpt":{"rendered":"<p>Hauptfocus ist Weiterbau der Segmentanlage. Nichsdestotrotz sollte die Modulanlage fahrbereit sein. Da brauchts ab und zu mal eine Nacharbeit aka &#8222;kleine Basteleien&#8220;. Einige sind hier fotodokumentarisch abgelegt.<\/p>\n","protected":false},"author":250,"featured_media":5214,"comment_status":"open","ping_status":"open","sticky":false,"template":"","format":"standard","meta":{"ngg_post_thumbnail":0,"footnotes":""},"categories":[1],"tags":[],"class_list":["post-4925","post","type-post","status-publish","format-standard","has-post-thumbnail","hentry","category-allgemein"],"_links":{"self":[{"href":"https:\/\/www2.waldex.ch\/wordpress\/index.php?rest_route=\/wp\/v2\/posts\/4925","targetHints":{"allow":["GET"]}}],"collection":[{"href":"https:\/\/www2.waldex.ch\/wordpress\/index.php?rest_route=\/wp\/v2\/posts"}],"about":[{"href":"https:\/\/www2.waldex.ch\/wordpress\/index.php?rest_route=\/wp\/v2\/types\/post"}],"author":[{"embeddable":true,"href":"https:\/\/www2.waldex.ch\/wordpress\/index.php?rest_route=\/wp\/v2\/users\/250"}],"replies":[{"embeddable":true,"href":"https:\/\/www2.waldex.ch\/wordpress\/index.php?rest_route=%2Fwp%2Fv2%2Fcomments&post=4925"}],"version-history":[{"count":0,"href":"https:\/\/www2.waldex.ch\/wordpress\/index.php?rest_route=\/wp\/v2\/posts\/4925\/revisions"}],"wp:featuredmedia":[{"embeddable":true,"href":"https:\/\/www2.waldex.ch\/wordpress\/index.php?rest_route=\/wp\/v2\/media\/5214"}],"wp:attachment":[{"href":"https:\/\/www2.waldex.ch\/wordpress\/index.php?rest_route=%2Fwp%2Fv2%2Fmedia&parent=4925"}],"wp:term":[{"taxonomy":"category","embeddable":true,"href":"https:\/\/www2.waldex.ch\/wordpress\/index.php?rest_route=%2Fwp%2Fv2%2Fcategories&post=4925"},{"taxonomy":"post_tag","embeddable":true,"href":"https:\/\/www2.waldex.ch\/wordpress\/index.php?rest_route=%2Fwp%2Fv2%2Ftags&post=4925"}],"curies":[{"name":"wp","href":"https:\/\/api.w.org\/{rel}","templated":true}]}}