







































































































































































































































































{"id":4859,"date":"2022-02-10T19:01:00","date_gmt":"2022-02-10T17:01:00","guid":{"rendered":"http:\/\/www2.waldex.ch\/wordpress\/?p=4859"},"modified":"2022-02-04T14:20:44","modified_gmt":"2022-02-04T12:20:44","slug":"weiterbau-an-den-segmenten","status":"publish","type":"post","link":"https:\/\/www2.waldex.ch\/wordpress\/?p=4859","title":{"rendered":"Weiterbau an den Segmenten: Strasse f\u00fcr fahrende Autos"},"content":{"rendered":"\n<p>Wie schon fr\u00fcher erw\u00e4hnt, werden die Segmente  die momentan betriebsbereiten Module im Keller ersetzen (siehe Fahrabende). Hier wird \u00fcber den Weiterbau der ersten zwei von elf Segmenten berichtet<\/p>\n\n\n\n<h2 class=\"wp-block-heading\">CarSystem: Ausbau und Fr\u00e4sen hilft Planungsfehler zu mittigeren &#x1f632;<\/h2>\n\n\n\n<p>Heuer wird weitergebaut. Aus Fehler lernt man. Dummerweise sind die Abzweigungen der Parkplatz-Harfe  (f\u00fcrs Carsystem) genau dort, wo die Spante ist. Kein Problem: Loch in die Tr\u00e4gerleiste und darunter die Spante etwas rausfr\u00e4sen. So geht es doch:<\/p>\n\n\n\n<div class=\"wp-block-image\"><figure class=\"alignleft size-large is-resized\"><img loading=\"lazy\" decoding=\"async\" src=\"http:\/\/www2.waldex.ch\/wordpress\/wp-content\/uploads\/2022\/02\/IMG_20220122_120840-768x1024.jpg\" alt=\"\" class=\"wp-image-4863\" width=\"224\" height=\"298\" srcset=\"https:\/\/www2.waldex.ch\/wordpress\/wp-content\/uploads\/2022\/02\/IMG_20220122_120840-768x1024.jpg 768w, https:\/\/www2.waldex.ch\/wordpress\/wp-content\/uploads\/2022\/02\/IMG_20220122_120840-225x300.jpg 225w, https:\/\/www2.waldex.ch\/wordpress\/wp-content\/uploads\/2022\/02\/IMG_20220122_120840-1152x1536.jpg 1152w, https:\/\/www2.waldex.ch\/wordpress\/wp-content\/uploads\/2022\/02\/IMG_20220122_120840-1536x2048.jpg 1536w, https:\/\/www2.waldex.ch\/wordpress\/wp-content\/uploads\/2022\/02\/IMG_20220122_120840-scaled.jpg 1920w\" sizes=\"auto, (max-width: 224px) 100vw, 224px\" \/><figcaption>Wintrack hat wohl die Abzweigung beim Planen der Spanten nicht ber\u00fccksichtigt \ud83d\ude09 [Januar 2022]<\/figcaption><\/figure><\/div>\n\n\n\n<figure class=\"wp-block-image size-large is-resized\"><img loading=\"lazy\" decoding=\"async\" src=\"http:\/\/www2.waldex.ch\/wordpress\/wp-content\/uploads\/2022\/02\/IMG_20201118_191252-1024x768.jpg\" alt=\"\" class=\"wp-image-4869\" width=\"404\" height=\"302\" srcset=\"https:\/\/www2.waldex.ch\/wordpress\/wp-content\/uploads\/2022\/02\/IMG_20201118_191252-1024x768.jpg 1024w, https:\/\/www2.waldex.ch\/wordpress\/wp-content\/uploads\/2022\/02\/IMG_20201118_191252-300x225.jpg 300w, https:\/\/www2.waldex.ch\/wordpress\/wp-content\/uploads\/2022\/02\/IMG_20201118_191252-768x576.jpg 768w, https:\/\/www2.waldex.ch\/wordpress\/wp-content\/uploads\/2022\/02\/IMG_20201118_191252-1536x1152.jpg 1536w, https:\/\/www2.waldex.ch\/wordpress\/wp-content\/uploads\/2022\/02\/IMG_20201118_191252-2048x1536.jpg 2048w\" sizes=\"auto, (max-width: 404px) 100vw, 404px\" \/><figcaption>Der Kollege auf der Strasse muss dann seinen Kopf unter dem Gully verstecken wenn ein fahrendes Auto kommt!<\/figcaption><\/figure>\n\n\n\n<div class=\"wp-block-image\"><figure class=\"alignright size-large is-resized\"><img loading=\"lazy\" decoding=\"async\" src=\"http:\/\/www2.waldex.ch\/wordpress\/wp-content\/uploads\/2022\/02\/IMG_20210806_175654-1024x768.jpg\" alt=\"\" class=\"wp-image-4870\" width=\"393\" height=\"294\" srcset=\"https:\/\/www2.waldex.ch\/wordpress\/wp-content\/uploads\/2022\/02\/IMG_20210806_175654-1024x768.jpg 1024w, https:\/\/www2.waldex.ch\/wordpress\/wp-content\/uploads\/2022\/02\/IMG_20210806_175654-300x225.jpg 300w, https:\/\/www2.waldex.ch\/wordpress\/wp-content\/uploads\/2022\/02\/IMG_20210806_175654-768x576.jpg 768w, https:\/\/www2.waldex.ch\/wordpress\/wp-content\/uploads\/2022\/02\/IMG_20210806_175654-1536x1152.jpg 1536w, https:\/\/www2.waldex.ch\/wordpress\/wp-content\/uploads\/2022\/02\/IMG_20210806_175654-2048x1536.jpg 2048w\" sizes=\"auto, (max-width: 393px) 100vw, 393px\" \/><figcaption>Nachdem Strassenelemente gekauft wurde mussten einige Teile selbst hergestellt werden. Die Idee ist hier, dass mehrere kleinere Fahrzeuge (Autos) hintereinander abgestellt werden k\u00f6nnen. Somit muss auch die Abzweigung am richtigen Ort gemacht werden. Alte Korrekturen werden nicht weiter bearbeitet<\/figcaption><\/figure><\/div>\n\n\n\n<div class=\"wp-block-image\"><figure class=\"alignleft size-large is-resized\"><img loading=\"lazy\" decoding=\"async\" src=\"http:\/\/www2.waldex.ch\/wordpress\/wp-content\/uploads\/2022\/02\/IMG_20210124_105452-1024x768.jpg\" alt=\"\" class=\"wp-image-4883\" width=\"245\" height=\"183\" srcset=\"https:\/\/www2.waldex.ch\/wordpress\/wp-content\/uploads\/2022\/02\/IMG_20210124_105452-1024x768.jpg 1024w, https:\/\/www2.waldex.ch\/wordpress\/wp-content\/uploads\/2022\/02\/IMG_20210124_105452-300x225.jpg 300w, https:\/\/www2.waldex.ch\/wordpress\/wp-content\/uploads\/2022\/02\/IMG_20210124_105452-768x576.jpg 768w, https:\/\/www2.waldex.ch\/wordpress\/wp-content\/uploads\/2022\/02\/IMG_20210124_105452-1536x1152.jpg 1536w, https:\/\/www2.waldex.ch\/wordpress\/wp-content\/uploads\/2022\/02\/IMG_20210124_105452-2048x1536.jpg 2048w\" sizes=\"auto, (max-width: 245px) 100vw, 245px\" \/><figcaption>Die versenkten Schrauben  (hier an der Aussenseite des Segmentes) halten die Trassen<\/figcaption><\/figure><\/div>\n\n\n\n<div class=\"wp-block-image\"><figure class=\"alignleft size-large is-resized\"><img loading=\"lazy\" decoding=\"async\" src=\"http:\/\/www2.waldex.ch\/wordpress\/wp-content\/uploads\/2022\/02\/IMG_20210207_153410-1-768x1024.jpg\" alt=\"\" class=\"wp-image-4890\" width=\"321\" height=\"427\" srcset=\"https:\/\/www2.waldex.ch\/wordpress\/wp-content\/uploads\/2022\/02\/IMG_20210207_153410-1-768x1024.jpg 768w, https:\/\/www2.waldex.ch\/wordpress\/wp-content\/uploads\/2022\/02\/IMG_20210207_153410-1-225x300.jpg 225w, https:\/\/www2.waldex.ch\/wordpress\/wp-content\/uploads\/2022\/02\/IMG_20210207_153410-1-1152x1536.jpg 1152w, https:\/\/www2.waldex.ch\/wordpress\/wp-content\/uploads\/2022\/02\/IMG_20210207_153410-1-1536x2048.jpg 1536w, https:\/\/www2.waldex.ch\/wordpress\/wp-content\/uploads\/2022\/02\/IMG_20210207_153410-1-scaled.jpg 1920w\" sizes=\"auto, (max-width: 321px) 100vw, 321px\" \/><figcaption>Die Steigung wurde korrigiert (s. angepasste Spante). Das kleine Spezial-Strassenst\u00fcck muss noch eben verkittet werden<\/figcaption><\/figure><\/div>\n\n\n\n<div class=\"wp-block-image\"><figure class=\"alignright size-large is-resized\"><img loading=\"lazy\" decoding=\"async\" src=\"http:\/\/www2.waldex.ch\/wordpress\/wp-content\/uploads\/2022\/02\/IMG_20210207_152946-768x1024.jpg\" alt=\"\" class=\"wp-image-4891\" width=\"303\" height=\"404\" srcset=\"https:\/\/www2.waldex.ch\/wordpress\/wp-content\/uploads\/2022\/02\/IMG_20210207_152946-768x1024.jpg 768w, https:\/\/www2.waldex.ch\/wordpress\/wp-content\/uploads\/2022\/02\/IMG_20210207_152946-225x300.jpg 225w, https:\/\/www2.waldex.ch\/wordpress\/wp-content\/uploads\/2022\/02\/IMG_20210207_152946-1152x1536.jpg 1152w, https:\/\/www2.waldex.ch\/wordpress\/wp-content\/uploads\/2022\/02\/IMG_20210207_152946-1536x2048.jpg 1536w, https:\/\/www2.waldex.ch\/wordpress\/wp-content\/uploads\/2022\/02\/IMG_20210207_152946-scaled.jpg 1920w\" sizes=\"auto, (max-width: 303px) 100vw, 303px\" \/><figcaption>Hier hilft einer mit&#8230;. &#x1f683;&#x1f3d4;&#xfe0f;&#x1f6bc; Dreik\u00e4sechoch am  7.12.1021<\/figcaption><\/figure><\/div>\n\n\n\n<figure class=\"wp-block-image size-large is-resized\"><img loading=\"lazy\" decoding=\"async\" src=\"http:\/\/www2.waldex.ch\/wordpress\/wp-content\/uploads\/2022\/02\/IMG_20200926_161249-1024x768.jpg\" alt=\"\" class=\"wp-image-4904\" width=\"662\" height=\"497\" srcset=\"https:\/\/www2.waldex.ch\/wordpress\/wp-content\/uploads\/2022\/02\/IMG_20200926_161249-1024x768.jpg 1024w, https:\/\/www2.waldex.ch\/wordpress\/wp-content\/uploads\/2022\/02\/IMG_20200926_161249-300x225.jpg 300w, https:\/\/www2.waldex.ch\/wordpress\/wp-content\/uploads\/2022\/02\/IMG_20200926_161249-768x576.jpg 768w, https:\/\/www2.waldex.ch\/wordpress\/wp-content\/uploads\/2022\/02\/IMG_20200926_161249-1536x1152.jpg 1536w, https:\/\/www2.waldex.ch\/wordpress\/wp-content\/uploads\/2022\/02\/IMG_20200926_161249-2048x1536.jpg 2048w\" sizes=\"auto, (max-width: 662px) 100vw, 662px\" \/><figcaption>Die Trassen f\u00fcr die Strasse werden gebaut<\/figcaption><\/figure>\n\n\n\n<figure class=\"wp-block-image size-large\"><img loading=\"lazy\" decoding=\"async\" width=\"1024\" height=\"768\" src=\"http:\/\/www2.waldex.ch\/wordpress\/wp-content\/uploads\/2022\/02\/IMG_20201003_111510-1024x768.jpg\" alt=\"\" class=\"wp-image-4907\" srcset=\"https:\/\/www2.waldex.ch\/wordpress\/wp-content\/uploads\/2022\/02\/IMG_20201003_111510-1024x768.jpg 1024w, https:\/\/www2.waldex.ch\/wordpress\/wp-content\/uploads\/2022\/02\/IMG_20201003_111510-300x225.jpg 300w, https:\/\/www2.waldex.ch\/wordpress\/wp-content\/uploads\/2022\/02\/IMG_20201003_111510-768x576.jpg 768w, https:\/\/www2.waldex.ch\/wordpress\/wp-content\/uploads\/2022\/02\/IMG_20201003_111510-1536x1152.jpg 1536w, https:\/\/www2.waldex.ch\/wordpress\/wp-content\/uploads\/2022\/02\/IMG_20201003_111510-2048x1536.jpg 2048w\" sizes=\"auto, (max-width: 767px) 89vw, (max-width: 1000px) 54vw, (max-width: 1071px) 543px, 580px\" \/><figcaption>Ups da lief etwas schief! Der Tr\u00e4ger musste aufgebrochen und neu verleimt wreden.<\/figcaption><\/figure>\n\n\n\n<figure class=\"wp-block-image size-large\"><img loading=\"lazy\" decoding=\"async\" width=\"1024\" height=\"768\" src=\"http:\/\/www2.waldex.ch\/wordpress\/wp-content\/uploads\/2022\/02\/IMG_20201004_092945-1024x768.jpg\" alt=\"\" class=\"wp-image-4905\" srcset=\"https:\/\/www2.waldex.ch\/wordpress\/wp-content\/uploads\/2022\/02\/IMG_20201004_092945-1024x768.jpg 1024w, https:\/\/www2.waldex.ch\/wordpress\/wp-content\/uploads\/2022\/02\/IMG_20201004_092945-300x225.jpg 300w, https:\/\/www2.waldex.ch\/wordpress\/wp-content\/uploads\/2022\/02\/IMG_20201004_092945-768x576.jpg 768w, https:\/\/www2.waldex.ch\/wordpress\/wp-content\/uploads\/2022\/02\/IMG_20201004_092945-1536x1152.jpg 1536w, https:\/\/www2.waldex.ch\/wordpress\/wp-content\/uploads\/2022\/02\/IMG_20201004_092945-2048x1536.jpg 2048w\" sizes=\"auto, (max-width: 767px) 89vw, (max-width: 1000px) 54vw, (max-width: 1071px) 543px, 580px\" \/><figcaption>An den Segment-\u00dcberg\u00e4ngen muss passgenau gearbeitet werden (4.11.2020)<\/figcaption><\/figure>\n\n\n\n<figure class=\"wp-block-image size-large\"><img loading=\"lazy\" decoding=\"async\" width=\"1024\" height=\"768\" src=\"http:\/\/www2.waldex.ch\/wordpress\/wp-content\/uploads\/2022\/02\/IMG_20201108_153555-1024x768.jpg\" alt=\"\" class=\"wp-image-4908\" srcset=\"https:\/\/www2.waldex.ch\/wordpress\/wp-content\/uploads\/2022\/02\/IMG_20201108_153555-1024x768.jpg 1024w, https:\/\/www2.waldex.ch\/wordpress\/wp-content\/uploads\/2022\/02\/IMG_20201108_153555-300x225.jpg 300w, https:\/\/www2.waldex.ch\/wordpress\/wp-content\/uploads\/2022\/02\/IMG_20201108_153555-768x576.jpg 768w, https:\/\/www2.waldex.ch\/wordpress\/wp-content\/uploads\/2022\/02\/IMG_20201108_153555-1536x1152.jpg 1536w, https:\/\/www2.waldex.ch\/wordpress\/wp-content\/uploads\/2022\/02\/IMG_20201108_153555-2048x1536.jpg 2048w\" sizes=\"auto, (max-width: 767px) 89vw, (max-width: 1000px) 54vw, (max-width: 1071px) 543px, 580px\" \/><figcaption>Stellprobe Tunnel<\/figcaption><\/figure>\n\n\n\n<figure class=\"wp-block-image size-large\"><img loading=\"lazy\" decoding=\"async\" width=\"768\" height=\"1024\" src=\"http:\/\/www2.waldex.ch\/wordpress\/wp-content\/uploads\/2022\/02\/IMG_20201108_153612-1-768x1024.jpg\" alt=\"\" class=\"wp-image-4912\" srcset=\"https:\/\/www2.waldex.ch\/wordpress\/wp-content\/uploads\/2022\/02\/IMG_20201108_153612-1-768x1024.jpg 768w, https:\/\/www2.waldex.ch\/wordpress\/wp-content\/uploads\/2022\/02\/IMG_20201108_153612-1-225x300.jpg 225w, https:\/\/www2.waldex.ch\/wordpress\/wp-content\/uploads\/2022\/02\/IMG_20201108_153612-1-1152x1536.jpg 1152w, https:\/\/www2.waldex.ch\/wordpress\/wp-content\/uploads\/2022\/02\/IMG_20201108_153612-1-1536x2048.jpg 1536w, https:\/\/www2.waldex.ch\/wordpress\/wp-content\/uploads\/2022\/02\/IMG_20201108_153612-1-scaled.jpg 1920w\" sizes=\"auto, (max-width: 767px) 89vw, (max-width: 1000px) 54vw, (max-width: 1071px) 543px, 580px\" \/><figcaption>Stellprobel Abstellharfe (&#8222;Lastwagenparkplatz&#8220;)<\/figcaption><\/figure>\n\n\n\n<figure class=\"wp-block-image size-large\"><img loading=\"lazy\" decoding=\"async\" width=\"1024\" height=\"768\" src=\"http:\/\/www2.waldex.ch\/wordpress\/wp-content\/uploads\/2022\/02\/IMG_20201109_190257-1024x768.jpg\" alt=\"\" class=\"wp-image-4910\" srcset=\"https:\/\/www2.waldex.ch\/wordpress\/wp-content\/uploads\/2022\/02\/IMG_20201109_190257-1024x768.jpg 1024w, https:\/\/www2.waldex.ch\/wordpress\/wp-content\/uploads\/2022\/02\/IMG_20201109_190257-300x225.jpg 300w, https:\/\/www2.waldex.ch\/wordpress\/wp-content\/uploads\/2022\/02\/IMG_20201109_190257-768x576.jpg 768w, https:\/\/www2.waldex.ch\/wordpress\/wp-content\/uploads\/2022\/02\/IMG_20201109_190257-1536x1152.jpg 1536w, https:\/\/www2.waldex.ch\/wordpress\/wp-content\/uploads\/2022\/02\/IMG_20201109_190257-2048x1536.jpg 2048w\" sizes=\"auto, (max-width: 767px) 89vw, (max-width: 1000px) 54vw, (max-width: 1071px) 543px, 580px\" \/><figcaption>Die Strasse von links nach rechts war urspr\u00fcnglich im Tunnel geplant (siehe rechteckige Luken). Jedoch ist es nicht zu vernachl\u00e4ssigen, die fahrenden Autos soviel zu zeigen wie m\u00f6glich. (9.11.2020)<\/figcaption><\/figure>\n\n\n\n<figure class=\"wp-block-image size-large\"><img loading=\"lazy\" decoding=\"async\" width=\"1024\" height=\"487\" src=\"http:\/\/www2.waldex.ch\/wordpress\/wp-content\/uploads\/2022\/02\/Strasse_Freigelegt_bhf_Vorfeld3-1024x487.jpg\" alt=\"\" class=\"wp-image-4916\" srcset=\"https:\/\/www2.waldex.ch\/wordpress\/wp-content\/uploads\/2022\/02\/Strasse_Freigelegt_bhf_Vorfeld3-1024x487.jpg 1024w, https:\/\/www2.waldex.ch\/wordpress\/wp-content\/uploads\/2022\/02\/Strasse_Freigelegt_bhf_Vorfeld3-300x143.jpg 300w, https:\/\/www2.waldex.ch\/wordpress\/wp-content\/uploads\/2022\/02\/Strasse_Freigelegt_bhf_Vorfeld3-768x365.jpg 768w, https:\/\/www2.waldex.ch\/wordpress\/wp-content\/uploads\/2022\/02\/Strasse_Freigelegt_bhf_Vorfeld3-1536x730.jpg 1536w, https:\/\/www2.waldex.ch\/wordpress\/wp-content\/uploads\/2022\/02\/Strasse_Freigelegt_bhf_Vorfeld3-2048x974.jpg 2048w\" sizes=\"auto, (max-width: 767px) 89vw, (max-width: 1000px) 54vw, (max-width: 1071px) 543px, 580px\" \/><figcaption>Wie in einem fr\u00fcheren Beitrag bereits beschrieben sieht man hier die &#8222;freigelegte&#8220; Strasse in den Pl\u00e4nen gut. Ebenso ist die Hafenanlage, Bahnhofseinfahrt und die Strecke rechts der Gallerie schon im Rohbau ersichtlich. Die oberste Strecke fehlt noch &#8211; wird gebaut, sobald die Autos fahren.  (Planungsstand 19.4.2018)<\/figcaption><\/figure>\n\n\n\n<h2 class=\"wp-block-heading\">Das beste zuletzt: Public Charging<\/h2>\n\n\n\n<p>Nicht vergessen: Autos m\u00fcssen mit diesen kleinen Akkus regelm\u00e4ssig leergefahren und (nach)geladen werden. Der Hersteller sagt, alle 6 Monate in seiner umfassenden Komplettanleitung. Leider aber sind f\u00fcr Reparaturen die Wartezeiten bis zu einem Jahr. Das heisst: Wenn ein Fahrzeug aus dem Service kommt, kann man es gleich wieder zum Batterietausch schicken &#x1f605; . Kein Wunder, dass auch beim grossen Vorbild noch vielfach gez\u00f6gert wird in der Anschaffung von E-Autos &#x1f609;<\/p>\n\n\n\n<p><\/p>\n\n\n\n<figure class=\"wp-block-image size-large\"><img loading=\"lazy\" decoding=\"async\" width=\"768\" height=\"1024\" src=\"http:\/\/www2.waldex.ch\/wordpress\/wp-content\/uploads\/2022\/02\/IMG_20190422_211228-768x1024.jpg\" alt=\"\" class=\"wp-image-4920\" srcset=\"https:\/\/www2.waldex.ch\/wordpress\/wp-content\/uploads\/2022\/02\/IMG_20190422_211228-768x1024.jpg 768w, https:\/\/www2.waldex.ch\/wordpress\/wp-content\/uploads\/2022\/02\/IMG_20190422_211228-225x300.jpg 225w, https:\/\/www2.waldex.ch\/wordpress\/wp-content\/uploads\/2022\/02\/IMG_20190422_211228-1152x1536.jpg 1152w, https:\/\/www2.waldex.ch\/wordpress\/wp-content\/uploads\/2022\/02\/IMG_20190422_211228-1536x2048.jpg 1536w, https:\/\/www2.waldex.ch\/wordpress\/wp-content\/uploads\/2022\/02\/IMG_20190422_211228-scaled.jpg 1920w\" sizes=\"auto, (max-width: 767px) 89vw, (max-width: 1000px) 54vw, (max-width: 1071px) 543px, 580px\" \/><figcaption>Supercharger f\u00fcr alle&#8230;wir fahren 100% elektrisch auf Schiene und Strasse (Strom aus Wasserwerk)  &#8211; 19.4.2019<\/figcaption><\/figure>\n\n\n\n<p><\/p>\n","protected":false},"excerpt":{"rendered":"<p>Wie schon fr\u00fcher erw\u00e4hnt, werden die Segmente die momentan betriebsbereiten Module im Keller ersetzen (siehe Fahrabende). Hier wird \u00fcber den Weiterbau der ersten zwei von elf Segmenten berichtet CarSystem: Ausbau und Fr\u00e4sen hilft Planungsfehler zu mittigeren &#x1f632; Heuer wird weitergebaut. Aus Fehler lernt man. Dummerweise sind die Abzweigungen der Parkplatz-Harfe (f\u00fcrs Carsystem) genau dort, wo &hellip; <\/p>\n<p class=\"link-more\"><a href=\"https:\/\/www2.waldex.ch\/wordpress\/?p=4859\" class=\"more-link\"><span class=\"screen-reader-text\">&#8222;Weiterbau an den Segmenten: Strasse f\u00fcr fahrende Autos&#8220;<\/span> weiterlesen<\/a><\/p>\n","protected":false},"author":250,"featured_media":4910,"comment_status":"open","ping_status":"open","sticky":false,"template":"","format":"standard","meta":{"ngg_post_thumbnail":0,"footnotes":""},"categories":[1],"tags":[],"class_list":["post-4859","post","type-post","status-publish","format-standard","has-post-thumbnail","hentry","category-allgemein"],"_links":{"self":[{"href":"https:\/\/www2.waldex.ch\/wordpress\/index.php?rest_route=\/wp\/v2\/posts\/4859","targetHints":{"allow":["GET"]}}],"collection":[{"href":"https:\/\/www2.waldex.ch\/wordpress\/index.php?rest_route=\/wp\/v2\/posts"}],"about":[{"href":"https:\/\/www2.waldex.ch\/wordpress\/index.php?rest_route=\/wp\/v2\/types\/post"}],"author":[{"embeddable":true,"href":"https:\/\/www2.waldex.ch\/wordpress\/index.php?rest_route=\/wp\/v2\/users\/250"}],"replies":[{"embeddable":true,"href":"https:\/\/www2.waldex.ch\/wordpress\/index.php?rest_route=%2Fwp%2Fv2%2Fcomments&post=4859"}],"version-history":[{"count":0,"href":"https:\/\/www2.waldex.ch\/wordpress\/index.php?rest_route=\/wp\/v2\/posts\/4859\/revisions"}],"wp:featuredmedia":[{"embeddable":true,"href":"https:\/\/www2.waldex.ch\/wordpress\/index.php?rest_route=\/wp\/v2\/media\/4910"}],"wp:attachment":[{"href":"https:\/\/www2.waldex.ch\/wordpress\/index.php?rest_route=%2Fwp%2Fv2%2Fmedia&parent=4859"}],"wp:term":[{"taxonomy":"category","embeddable":true,"href":"https:\/\/www2.waldex.ch\/wordpress\/index.php?rest_route=%2Fwp%2Fv2%2Fcategories&post=4859"},{"taxonomy":"post_tag","embeddable":true,"href":"https:\/\/www2.waldex.ch\/wordpress\/index.php?rest_route=%2Fwp%2Fv2%2Ftags&post=4859"}],"curies":[{"name":"wp","href":"https:\/\/api.w.org\/{rel}","templated":true}]}}