







































































































































































































































































{"id":4821,"date":"2022-01-31T21:23:17","date_gmt":"2022-01-31T19:23:17","guid":{"rendered":"http:\/\/www2.waldex.ch\/wordpress\/?p=4821"},"modified":"2022-02-04T14:38:29","modified_gmt":"2022-02-04T12:38:29","slug":"verstaerker-station-beim-bau-der-segmente","status":"publish","type":"post","link":"https:\/\/www2.waldex.ch\/wordpress\/?p=4821","title":{"rendered":"Verst\u00e4rker-Station beim Bau der Segmente"},"content":{"rendered":"\n<p>.<em>..eine olle Weinkiste &#x1f377; tuts allemal&#8230;<\/em>Die Segmente mit Strom versorgen<\/p>\n\n\n\n<p>Die Segmente von der neuen Segmentanlage werden ausserhalb des Modellbahn-Zimmers gebaut (also nicht dort, wo die Module der Modulanlage sind). Die Steuerzentrale (Centralstation 1 Reloaded &#8211; l\u00e4uft super!) befindet sich aber bei den Modulen. Um Fahr- und Schalt-Tests auf den Segmenten machen zu k\u00f6nnen, wird somit eine Digitalsteuerung ben\u00f6tigt. <\/p>\n\n\n\n<div class=\"wp-block-image\"><figure class=\"alignleft size-large is-resized\"><img loading=\"lazy\" decoding=\"async\" src=\"http:\/\/www2.waldex.ch\/wordpress\/wp-content\/uploads\/2022\/02\/IMG_20220201_140203-768x1024.jpg\" alt=\"\" class=\"wp-image-4932\" width=\"168\" height=\"196\"\/><figcaption>ECoSLink Terminal bei der  Digital-Zentrale (CS1r)<\/figcaption><\/figure><\/div>\n\n\n\n<p>Um nicht eine zweite Zentrale anzuschaffen zu m\u00fcssen und trotzdem s\u00e4mtliche Funktionen der Multiprotokoll-Zentrale (und angemeldeter Loks und Weichenr\u00fcckmeldungen) nutzen zu k\u00f6nnen, ist es am einfachsten, diese \u00fcber einen Booster &#8222;von fern&#8220; als Steuerung zu nutzen. Auch f\u00fcr Steuerung von Tests auf Segmenten.<\/p>\n\n\n\n<p>Nun wie macht man da? Einfach (im Fall von ESU-Zentralen) den CAN-Bus mit einem Ethernet-Kabel erweitern (via ECoS Link Terminals). <\/p>\n\n\n\n<figure class=\"wp-block-image size-large\"><img loading=\"lazy\" decoding=\"async\" width=\"768\" height=\"1024\" src=\"http:\/\/www2.waldex.ch\/wordpress\/wp-content\/uploads\/2022\/01\/IMG_20220116_170116-768x1024.jpg\" alt=\"\" class=\"wp-image-4830\" srcset=\"https:\/\/www2.waldex.ch\/wordpress\/wp-content\/uploads\/2022\/01\/IMG_20220116_170116-768x1024.jpg 768w, https:\/\/www2.waldex.ch\/wordpress\/wp-content\/uploads\/2022\/01\/IMG_20220116_170116-225x300.jpg 225w, https:\/\/www2.waldex.ch\/wordpress\/wp-content\/uploads\/2022\/01\/IMG_20220116_170116-1152x1536.jpg 1152w, https:\/\/www2.waldex.ch\/wordpress\/wp-content\/uploads\/2022\/01\/IMG_20220116_170116-1536x2048.jpg 1536w, https:\/\/www2.waldex.ch\/wordpress\/wp-content\/uploads\/2022\/01\/IMG_20220116_170116-scaled.jpg 1920w\" sizes=\"auto, (max-width: 767px) 89vw, (max-width: 1000px) 54vw, (max-width: 1071px) 543px, 580px\" \/><figcaption>Anschluss des &#8222;Boosterkastens&#8220; an die Ringleitung der Segmente mit einem mehradrigen Kabel<\/figcaption><\/figure>\n\n\n\n<p>Da es aber bei den Segmenten auch einen Lichtstrom (16V ~) braucht, rappeln sich die Ger\u00e4te zusammen. Am besten alles in einer Kiste &#8211; siehe Fotos.<\/p>\n\n\n\n<p>Anmerkung: nat\u00fcrlich kann man an das o.g. ECoS Link Terminal auch Steuerger\u00e4te wie bspw. eine MS1 anh\u00e4ngen. <\/p>\n\n\n\n<figure class=\"wp-block-image size-large\"><img loading=\"lazy\" decoding=\"async\" width=\"1024\" height=\"768\" src=\"http:\/\/www2.waldex.ch\/wordpress\/wp-content\/uploads\/2022\/01\/IMG_20220116_165019-1024x768.jpg\" alt=\"\" class=\"wp-image-4829\" srcset=\"https:\/\/www2.waldex.ch\/wordpress\/wp-content\/uploads\/2022\/01\/IMG_20220116_165019-1024x768.jpg 1024w, https:\/\/www2.waldex.ch\/wordpress\/wp-content\/uploads\/2022\/01\/IMG_20220116_165019-300x225.jpg 300w, https:\/\/www2.waldex.ch\/wordpress\/wp-content\/uploads\/2022\/01\/IMG_20220116_165019-768x576.jpg 768w, https:\/\/www2.waldex.ch\/wordpress\/wp-content\/uploads\/2022\/01\/IMG_20220116_165019-1536x1152.jpg 1536w, https:\/\/www2.waldex.ch\/wordpress\/wp-content\/uploads\/2022\/01\/IMG_20220116_165019-2048x1536.jpg 2048w\" sizes=\"auto, (max-width: 767px) 89vw, (max-width: 1000px) 54vw, (max-width: 1071px) 543px, 580px\" \/><figcaption>Ein altes iPhone mit einer App, die  zu den ESU (oder CS1r)-Zentralen passt. Sehr gut responsive! Oder auch \u00fcber den VNC-Bildschirmteil-Service, der vollen Zugriff auf das schwarz-weisse Display der CS1r erm\u00f6glicht<\/figcaption><\/figure>\n\n\n\n<h2 class=\"wp-block-heading\">Weichen und Loks steuern<\/h2>\n\n\n\n<div class=\"wp-block-image\"><figure class=\"alignright size-large\"><img loading=\"lazy\" decoding=\"async\" width=\"1024\" height=\"768\" src=\"http:\/\/www2.waldex.ch\/wordpress\/wp-content\/uploads\/2022\/02\/IMG_20220201_114435-1024x768.jpg\" alt=\"\" class=\"wp-image-4933\" srcset=\"https:\/\/www2.waldex.ch\/wordpress\/wp-content\/uploads\/2022\/02\/IMG_20220201_114435-1024x768.jpg 1024w, https:\/\/www2.waldex.ch\/wordpress\/wp-content\/uploads\/2022\/02\/IMG_20220201_114435-300x225.jpg 300w, https:\/\/www2.waldex.ch\/wordpress\/wp-content\/uploads\/2022\/02\/IMG_20220201_114435-768x576.jpg 768w, https:\/\/www2.waldex.ch\/wordpress\/wp-content\/uploads\/2022\/02\/IMG_20220201_114435-1536x1152.jpg 1536w, https:\/\/www2.waldex.ch\/wordpress\/wp-content\/uploads\/2022\/02\/IMG_20220201_114435-2048x1536.jpg 2048w\" sizes=\"auto, (max-width: 767px) 89vw, (max-width: 1000px) 54vw, (max-width: 1071px) 543px, 580px\" \/><figcaption>Nicht nur f\u00fcr IP-Netzwerke gut: UTP-Kabel f\u00fcr den CAN-Bus von ESU (ECoSlink)<\/figcaption><\/figure><\/div>\n\n\n\n<p>Jedoch ist man flexibler, wenn man \u00fcber VNC auf einem Laptop den Bildschirm der Zentrale \u00f6ffnet (CS3 bietet das ja auch standardm\u00e4ssig an) oder \u00fcber eine Handyapp (Beispiel \u00fcber iOS) die Loks steuert. Zum Modellbahnzimmer geht nur eine d\u00fcnne  UTP-Leitung (eben der CAN-Bus), was verh\u00e4ltnism\u00e4ssig tolerabel ist. Celver, oder?<\/p>\n\n\n\n<figure class=\"wp-block-video\"><video controls src=\"http:\/\/www2.waldex.ch\/wordpress\/wp-content\/uploads\/2022\/01\/VID_20220116_170507.mp4\"><\/video><figcaption>Auch die Weichenservos lassen sich so umstellen<\/figcaption><\/figure>\n\n\n\n<p>Ach ja&#8230;die Flaschen aus der hier zweckentfremdeten Weinkiste hatte ich nie gesehen&#8230;..! Freundlicherweise haben wir hier ein nobles Restaurant hier, das nicht weiss, wohin es mit den leergetrunkenen Holzkisten soll &#x1f61d;<\/p>\n\n\n\n<figure class=\"wp-block-video\"><video controls src=\"http:\/\/www2.waldex.ch\/wordpress\/wp-content\/uploads\/2022\/02\/VID_20220116_171006.mp4\"><\/video><figcaption>Fahren ist halt immer noch das Sch\u00f6nste nach dem Bauen &#x1f60a;<\/figcaption><\/figure>\n\n\n\n<h2 class=\"wp-block-heading\">Nicht nur eine Verst\u00e4rker-Station f\u00fcr die Segmente<\/h2>\n\n\n\n<p>Wenn wir schon von Steuerger\u00e4ten reden, hier noch eine andere minimale &#8222;Ausbaute&#8220;: Auch f\u00fcr die Ablage alle Steuerkomponenten wurde bei der betriebsbereiten Modulanlage gewerkelt: Manchmal hilft es, einfach pragmatisch zu sein. Eine alte Tastaturschublade hat sich als sehr hilfreich f\u00fcr die Ablage aller Steuerger\u00e4te erwiesen:<\/p>\n\n\n\n<figure class=\"wp-block-image size-large\"><img loading=\"lazy\" decoding=\"async\" width=\"1024\" height=\"768\" src=\"http:\/\/www2.waldex.ch\/wordpress\/wp-content\/uploads\/2022\/02\/IMG_20220108_201427-1024x768.jpg\" alt=\"\" class=\"wp-image-4865\" srcset=\"https:\/\/www2.waldex.ch\/wordpress\/wp-content\/uploads\/2022\/02\/IMG_20220108_201427-1024x768.jpg 1024w, https:\/\/www2.waldex.ch\/wordpress\/wp-content\/uploads\/2022\/02\/IMG_20220108_201427-300x225.jpg 300w, https:\/\/www2.waldex.ch\/wordpress\/wp-content\/uploads\/2022\/02\/IMG_20220108_201427-768x576.jpg 768w, https:\/\/www2.waldex.ch\/wordpress\/wp-content\/uploads\/2022\/02\/IMG_20220108_201427-1536x1152.jpg 1536w, https:\/\/www2.waldex.ch\/wordpress\/wp-content\/uploads\/2022\/02\/IMG_20220108_201427-2048x1536.jpg 2048w\" sizes=\"auto, (max-width: 767px) 89vw, (max-width: 1000px) 54vw, (max-width: 1071px) 543px, 580px\" \/><figcaption>Ablage von Steuergr\u00e4ten in einer Tastaturschublade<\/figcaption><\/figure>\n\n\n\n<p>Die Tastaturschublade h\u00e4ngt am alten K\u00fcchentisch, der unter der Modulanlage f\u00fcr kleine Reparaturen und das Testgleis genutzt wird. Die alten K\u00fcchenrollis (die mal angesprayed wurden aber wieder an Farbe verlieren) lassen sich immer noch gut unter der Schublade &#8222;parkieren&#8220;. So ist doch Ordnung!<\/p>\n\n\n\n<figure class=\"wp-block-image size-large\"><img loading=\"lazy\" decoding=\"async\" width=\"768\" height=\"1024\" src=\"http:\/\/www2.waldex.ch\/wordpress\/wp-content\/uploads\/2022\/02\/IMG_20190522_215200-768x1024.jpg\" alt=\"\" class=\"wp-image-4922\" srcset=\"https:\/\/www2.waldex.ch\/wordpress\/wp-content\/uploads\/2022\/02\/IMG_20190522_215200-768x1024.jpg 768w, https:\/\/www2.waldex.ch\/wordpress\/wp-content\/uploads\/2022\/02\/IMG_20190522_215200-225x300.jpg 225w, https:\/\/www2.waldex.ch\/wordpress\/wp-content\/uploads\/2022\/02\/IMG_20190522_215200-1152x1536.jpg 1152w, https:\/\/www2.waldex.ch\/wordpress\/wp-content\/uploads\/2022\/02\/IMG_20190522_215200-1536x2048.jpg 1536w, https:\/\/www2.waldex.ch\/wordpress\/wp-content\/uploads\/2022\/02\/IMG_20190522_215200-scaled.jpg 1920w\" sizes=\"auto, (max-width: 767px) 89vw, (max-width: 1000px) 54vw, (max-width: 1071px) 543px, 580px\" \/><figcaption>Die Modulanlage ist in einem Lutschutzkeller. Von Natur aus ist ein solcher Raum strahlengesch\u00fctzt. Funkwellen reflektieren gut &#8211; auch im Raum drinne. Um dennoch kabellos steuern zu k\u00f6nnen (bei 14m2 muss man ja schon schauen&#8230;lol&#8230;) empfiehlt sich eine Steuerung \u00fcber Infrarot. Leider weniger Funktionen und Fahrstufen, aber so gehts dennoch. Ist ja eine Erg\u00e4nzung, nicht ein Ersatz von kabelgebundenen Reglern.<\/figcaption><\/figure>\n\n\n\n<div class=\"wp-block-image\"><figure class=\"alignright size-large is-resized\"><img loading=\"lazy\" decoding=\"async\" src=\"http:\/\/www2.waldex.ch\/wordpress\/wp-content\/uploads\/2022\/02\/IMG_20210728_214521-1024x768.jpg\" alt=\"\" class=\"wp-image-5059\" width=\"174\" height=\"130\" srcset=\"https:\/\/www2.waldex.ch\/wordpress\/wp-content\/uploads\/2022\/02\/IMG_20210728_214521-1024x768.jpg 1024w, https:\/\/www2.waldex.ch\/wordpress\/wp-content\/uploads\/2022\/02\/IMG_20210728_214521-300x225.jpg 300w, https:\/\/www2.waldex.ch\/wordpress\/wp-content\/uploads\/2022\/02\/IMG_20210728_214521-768x576.jpg 768w, https:\/\/www2.waldex.ch\/wordpress\/wp-content\/uploads\/2022\/02\/IMG_20210728_214521-1536x1152.jpg 1536w, https:\/\/www2.waldex.ch\/wordpress\/wp-content\/uploads\/2022\/02\/IMG_20210728_214521-2048x1536.jpg 2048w\" sizes=\"auto, (max-width: 174px) 100vw, 174px\" \/><\/figure><\/div>\n\n\n\n<p>Und wenn wir gerade von Steuerger\u00e4ten sprechen: Die MS1 hat jetzt auch eine Halterung&#8230;zum Gl\u00fcck war die noch erh\u00e4ltlich (28.7.2021)<\/p>\n","protected":false},"excerpt":{"rendered":"<p>&#8230;eine olle Weinkiste &#x1f377; tuts allemal&#8230;Die Segmente mit Strom versorgen Die Segmente von der neuen Segmentanlage werden ausserhalb des Modellbahn-Zimmers gebaut (also nicht dort, wo die Module der Modulanlage sind). Die Steuerzentrale (Centralstation 1 Reloaded &#8211; l\u00e4uft super!) befindet sich aber bei den Modulen. Um Fahr- und Schalt-Tests auf den Segmenten machen zu k\u00f6nnen, wird &hellip; <\/p>\n<p class=\"link-more\"><a href=\"https:\/\/www2.waldex.ch\/wordpress\/?p=4821\" class=\"more-link\"><span class=\"screen-reader-text\">&#8222;Verst\u00e4rker-Station beim Bau der Segmente&#8220;<\/span> weiterlesen<\/a><\/p>\n","protected":false},"author":250,"featured_media":5208,"comment_status":"open","ping_status":"open","sticky":false,"template":"","format":"standard","meta":{"ngg_post_thumbnail":0,"footnotes":""},"categories":[1],"tags":[],"class_list":["post-4821","post","type-post","status-publish","format-standard","has-post-thumbnail","hentry","category-allgemein"],"_links":{"self":[{"href":"https:\/\/www2.waldex.ch\/wordpress\/index.php?rest_route=\/wp\/v2\/posts\/4821","targetHints":{"allow":["GET"]}}],"collection":[{"href":"https:\/\/www2.waldex.ch\/wordpress\/index.php?rest_route=\/wp\/v2\/posts"}],"about":[{"href":"https:\/\/www2.waldex.ch\/wordpress\/index.php?rest_route=\/wp\/v2\/types\/post"}],"author":[{"embeddable":true,"href":"https:\/\/www2.waldex.ch\/wordpress\/index.php?rest_route=\/wp\/v2\/users\/250"}],"replies":[{"embeddable":true,"href":"https:\/\/www2.waldex.ch\/wordpress\/index.php?rest_route=%2Fwp%2Fv2%2Fcomments&post=4821"}],"version-history":[{"count":0,"href":"https:\/\/www2.waldex.ch\/wordpress\/index.php?rest_route=\/wp\/v2\/posts\/4821\/revisions"}],"wp:featuredmedia":[{"embeddable":true,"href":"https:\/\/www2.waldex.ch\/wordpress\/index.php?rest_route=\/wp\/v2\/media\/5208"}],"wp:attachment":[{"href":"https:\/\/www2.waldex.ch\/wordpress\/index.php?rest_route=%2Fwp%2Fv2%2Fmedia&parent=4821"}],"wp:term":[{"taxonomy":"category","embeddable":true,"href":"https:\/\/www2.waldex.ch\/wordpress\/index.php?rest_route=%2Fwp%2Fv2%2Fcategories&post=4821"},{"taxonomy":"post_tag","embeddable":true,"href":"https:\/\/www2.waldex.ch\/wordpress\/index.php?rest_route=%2Fwp%2Fv2%2Ftags&post=4821"}],"curies":[{"name":"wp","href":"https:\/\/api.w.org\/{rel}","templated":true}]}}