























































































































































































































































































{"id":395,"date":"2017-04-01T15:55:35","date_gmt":"2017-04-01T13:55:35","guid":{"rendered":"http:\/\/www2.waldex.ch\/wordpress\/?p=395"},"modified":"2022-02-06T09:54:21","modified_gmt":"2022-02-06T07:54:21","slug":"schall-und-rauch","status":"publish","type":"post","link":"https:\/\/www2.waldex.ch\/wordpress\/?p=395","title":{"rendered":"Schall und Rauch&#8230;."},"content":{"rendered":"<p>Oder w\u00e4re es ein besserer Titel &#8222;Hauptsache es dampft und l\u00e4rmt&#8220;? Jedenfalls in allen F\u00e4llen war fr\u00fcher nicht nur der mfx-Dampfwagen gekommen&#8230;also nicht nur ein Postwagen mit Dampfloksound&#8230;.und die BR18 t\u00f6nt schon mal sch\u00f6n &#8211; auch wenn kein Platz in der Lok f\u00fcr ein Lautsprecher w\u00e4re&#8230;..die Ger\u00e4usche m\u00fcssen noch mehr mit der Bewegung synchronisiert werden.<\/p>\n\n\n<figure class=\"wp-block-image size-large\"><img loading=\"lazy\" decoding=\"async\" width=\"1024\" height=\"576\" src=\"https:\/\/www2.waldex.ch\/wordpress\/wp-content\/uploads\/2022\/02\/DSC_2044-1024x576.jpg\" alt=\"\" class=\"wp-image-5262\" srcset=\"https:\/\/www2.waldex.ch\/wordpress\/wp-content\/uploads\/2022\/02\/DSC_2044-1024x576.jpg 1024w, https:\/\/www2.waldex.ch\/wordpress\/wp-content\/uploads\/2022\/02\/DSC_2044-300x169.jpg 300w, https:\/\/www2.waldex.ch\/wordpress\/wp-content\/uploads\/2022\/02\/DSC_2044-768x432.jpg 768w, https:\/\/www2.waldex.ch\/wordpress\/wp-content\/uploads\/2022\/02\/DSC_2044-1536x864.jpg 1536w, https:\/\/www2.waldex.ch\/wordpress\/wp-content\/uploads\/2022\/02\/DSC_2044-2048x1152.jpg 2048w\" sizes=\"auto, (max-width: 767px) 89vw, (max-width: 1000px) 54vw, (max-width: 1071px) 543px, 580px\" \/><figcaption>Die BR18 hat schon einen Personenzug am Haken, die BR50 wird im Lokschuppen aufgeheizt<\/figcaption><\/figure>\n\n\n\n<p>Zudem: Ferner war der Decoder der BR50 defekt&#8230;auch da hats gleich eine Sound-Decoder (mit Tenderhausbeleuchtung!) gegeben&#8230;<\/p>\n\n\n\n<p>Das erste Video mit dem aufeinandertreffen der Loks l\u00e4sst sich schon mal anschauen.<\/p>\n\n\n\n<figure class=\"wp-block-video\"><video controls src=\"http:\/\/www2.waldex.ch\/wordpress\/wp-content\/uploads\/2017\/10\/BR18uBR50.mp4\"><\/video><figcaption>Erste Fahrt nach Reparatur mit beiden Dampfloks<\/figcaption><\/figure>\n","protected":false},"excerpt":{"rendered":"<p>Oder w\u00e4re es ein besserer Titel &#8222;Hauptsache es dampft und l\u00e4rmt&#8220;? Jedenfalls in allen F\u00e4llen war fr\u00fcher nicht nur der mfx-Dampfwagen gekommen&#8230;also nicht nur ein Postwagen mit Dampfloksound&#8230;.und die BR18 t\u00f6nt schon mal sch\u00f6n &#8211; auch wenn kein Platz in der Lok f\u00fcr ein Lautsprecher w\u00e4re&#8230;..die Ger\u00e4usche m\u00fcssen noch mehr mit der Bewegung synchronisiert werden. &hellip; <\/p>\n<p class=\"link-more\"><a href=\"https:\/\/www2.waldex.ch\/wordpress\/?p=395\" class=\"more-link\"><span class=\"screen-reader-text\">&#8222;Schall und Rauch&#8230;.&#8220;<\/span> weiterlesen<\/a><\/p>\n","protected":false},"author":250,"featured_media":5258,"comment_status":"open","ping_status":"open","sticky":false,"template":"","format":"standard","meta":{"ngg_post_thumbnail":0,"footnotes":""},"categories":[1,11],"tags":[],"class_list":["post-395","post","type-post","status-publish","format-standard","has-post-thumbnail","hentry","category-allgemein","category-fahren-betrieb"],"_links":{"self":[{"href":"https:\/\/www2.waldex.ch\/wordpress\/index.php?rest_route=\/wp\/v2\/posts\/395","targetHints":{"allow":["GET"]}}],"collection":[{"href":"https:\/\/www2.waldex.ch\/wordpress\/index.php?rest_route=\/wp\/v2\/posts"}],"about":[{"href":"https:\/\/www2.waldex.ch\/wordpress\/index.php?rest_route=\/wp\/v2\/types\/post"}],"author":[{"embeddable":true,"href":"https:\/\/www2.waldex.ch\/wordpress\/index.php?rest_route=\/wp\/v2\/users\/250"}],"replies":[{"embeddable":true,"href":"https:\/\/www2.waldex.ch\/wordpress\/index.php?rest_route=%2Fwp%2Fv2%2Fcomments&post=395"}],"version-history":[{"count":0,"href":"https:\/\/www2.waldex.ch\/wordpress\/index.php?rest_route=\/wp\/v2\/posts\/395\/revisions"}],"wp:featuredmedia":[{"embeddable":true,"href":"https:\/\/www2.waldex.ch\/wordpress\/index.php?rest_route=\/wp\/v2\/media\/5258"}],"wp:attachment":[{"href":"https:\/\/www2.waldex.ch\/wordpress\/index.php?rest_route=%2Fwp%2Fv2%2Fmedia&parent=395"}],"wp:term":[{"taxonomy":"category","embeddable":true,"href":"https:\/\/www2.waldex.ch\/wordpress\/index.php?rest_route=%2Fwp%2Fv2%2Fcategories&post=395"},{"taxonomy":"post_tag","embeddable":true,"href":"https:\/\/www2.waldex.ch\/wordpress\/index.php?rest_route=%2Fwp%2Fv2%2Ftags&post=395"}],"curies":[{"name":"wp","href":"https:\/\/api.w.org\/{rel}","templated":true}]}}