







































































































































































































































































{"id":3659,"date":"2022-02-11T06:43:00","date_gmt":"2022-02-11T04:43:00","guid":{"rendered":"http:\/\/www2.waldex.ch\/wordpress\/?p=3659"},"modified":"2022-02-04T17:14:42","modified_gmt":"2022-02-04T15:14:42","slug":"die-neue-strasse-dem-hang-entlang","status":"publish","type":"post","link":"https:\/\/www2.waldex.ch\/wordpress\/?p=3659","title":{"rendered":"Die neue Strasse dem Hang entlang"},"content":{"rendered":"\n<p><em>Die neue Strasse &#8211; \u00c4nderung der Pl\u00e4ne im letzten Moment<\/em><\/p>\n\n\n\n<p>Dieser Artikel erweitert den fr\u00fcheren Artikel &#8222;<a href=\"https:\/\/www2.waldex.ch\/wordpress\/?p=3642\">Strasse gef\u00e4llig? Bitte sehr!<\/a>&#8220; um einige Illustrationen und Bilder &#8211; und aktuellem Baustand<\/p>\n\n\n\n<figure class=\"wp-block-image size-large\"><img loading=\"lazy\" decoding=\"async\" width=\"1024\" height=\"502\" src=\"https:\/\/www2.waldex.ch\/wordpress\/wp-content\/uploads\/2022\/02\/mit_Gebaeuden_20170418_6-1024x502.jpg\" alt=\"\" class=\"wp-image-5103\" srcset=\"https:\/\/www2.waldex.ch\/wordpress\/wp-content\/uploads\/2022\/02\/mit_Gebaeuden_20170418_6-1024x502.jpg 1024w, https:\/\/www2.waldex.ch\/wordpress\/wp-content\/uploads\/2022\/02\/mit_Gebaeuden_20170418_6-300x147.jpg 300w, https:\/\/www2.waldex.ch\/wordpress\/wp-content\/uploads\/2022\/02\/mit_Gebaeuden_20170418_6-768x376.jpg 768w, https:\/\/www2.waldex.ch\/wordpress\/wp-content\/uploads\/2022\/02\/mit_Gebaeuden_20170418_6-1536x753.jpg 1536w, https:\/\/www2.waldex.ch\/wordpress\/wp-content\/uploads\/2022\/02\/mit_Gebaeuden_20170418_6-2048x1004.jpg 2048w\" sizes=\"auto, (max-width: 767px) 89vw, (max-width: 1000px) 54vw, (max-width: 1071px) 543px, 580px\" \/><figcaption>Hier eine Sicht des ersten &#8222;Wurfs&#8220;: Man beachte den Hang \u00fcber dem Tunnelportal der Banhhofsausfahrt (zum Vergleich mit Folgebildern)<\/figcaption><\/figure>\n\n\n\n<p><\/p>\n\n\n\n<figure class=\"wp-block-image size-large\"><img loading=\"lazy\" decoding=\"async\" width=\"1024\" height=\"502\" src=\"https:\/\/www2.waldex.ch\/wordpress\/wp-content\/uploads\/2022\/02\/mit_Gebaeuden_20170420a_5-1024x502.jpg\" alt=\"\" class=\"wp-image-5104\" srcset=\"https:\/\/www2.waldex.ch\/wordpress\/wp-content\/uploads\/2022\/02\/mit_Gebaeuden_20170420a_5-1024x502.jpg 1024w, https:\/\/www2.waldex.ch\/wordpress\/wp-content\/uploads\/2022\/02\/mit_Gebaeuden_20170420a_5-300x147.jpg 300w, https:\/\/www2.waldex.ch\/wordpress\/wp-content\/uploads\/2022\/02\/mit_Gebaeuden_20170420a_5-768x376.jpg 768w, https:\/\/www2.waldex.ch\/wordpress\/wp-content\/uploads\/2022\/02\/mit_Gebaeuden_20170420a_5-1536x753.jpg 1536w, https:\/\/www2.waldex.ch\/wordpress\/wp-content\/uploads\/2022\/02\/mit_Gebaeuden_20170420a_5-2048x1004.jpg 2048w\" sizes=\"auto, (max-width: 767px) 89vw, (max-width: 1000px) 54vw, (max-width: 1071px) 543px, 580px\" \/><figcaption>Schlecht sah es ja nicht aus, ein bisschen Strasse (\u00fcber dem Kieswerk unter der Br\u00fccke der Doppelspur-Schnellfahrstrecke war ja schon bereits frei sichtbar.<\/figcaption><\/figure>\n\n\n\n<p>Hatte mal die Pl\u00e4ne und 3-D Visualisierungen in WinTrack angeschaut. das Faller CarSystem wurde \u00e4hnlich gebaut wie die Gleise f\u00fcr die Z\u00fcge: Die Fahrzeuge verschwinden im Berg und sind somit weg. Doch um wieviel lohnt sich ein &#8222;Schattenbahnhof&#8220; f\u00fcr Fahrzeige (genauer: eine &#8222;Schattenparkharfe&#8220;)?<\/p>\n\n\n\n<figure class=\"wp-block-image size-large\"><img loading=\"lazy\" decoding=\"async\" width=\"1024\" height=\"487\" src=\"https:\/\/www2.waldex.ch\/wordpress\/wp-content\/uploads\/2022\/02\/Strasse_Freigelegt_bhf_Vorfeld3-1-1024x487.jpg\" alt=\"\" class=\"wp-image-5098\" srcset=\"https:\/\/www2.waldex.ch\/wordpress\/wp-content\/uploads\/2022\/02\/Strasse_Freigelegt_bhf_Vorfeld3-1-1024x487.jpg 1024w, https:\/\/www2.waldex.ch\/wordpress\/wp-content\/uploads\/2022\/02\/Strasse_Freigelegt_bhf_Vorfeld3-1-300x143.jpg 300w, https:\/\/www2.waldex.ch\/wordpress\/wp-content\/uploads\/2022\/02\/Strasse_Freigelegt_bhf_Vorfeld3-1-768x365.jpg 768w, https:\/\/www2.waldex.ch\/wordpress\/wp-content\/uploads\/2022\/02\/Strasse_Freigelegt_bhf_Vorfeld3-1-1536x730.jpg 1536w, https:\/\/www2.waldex.ch\/wordpress\/wp-content\/uploads\/2022\/02\/Strasse_Freigelegt_bhf_Vorfeld3-1-2048x974.jpg 2048w\" sizes=\"auto, (max-width: 767px) 89vw, (max-width: 1000px) 54vw, (max-width: 1071px) 543px, 580px\" \/><figcaption>Zwischen der Schnellfahstrecke (mit dem oberen ICE) und dem Bahnhof (unterer ICE) ist die &#8222;freigelegte&#8220; Strasse ersichtlich<\/figcaption><\/figure>\n\n\n\n<p>Eigentlich m\u00f6chte man die Fahrzeuge ja m\u00f6glichst immer sehen wenn sie fahren!&nbsp;<\/p>\n\n\n\n<p>Somit kam die Idee, dass die Zufahrt zur &#8222;Schattenparkharfe&#8220; m\u00f6glichst viel im sichtbaren Bereich erfolgen sollte. Auch wenn die Fahrzeuge nur in einer Richtung auf der nur 1-spurigen Strecke fahren, was ja nicht un\u00fcblich f\u00fcr Strassen an steilen H\u00e4ngen ist!<\/p>\n\n\n\n<figure class=\"wp-block-image size-large\"><img loading=\"lazy\" decoding=\"async\" width=\"1024\" height=\"502\" src=\"https:\/\/www2.waldex.ch\/wordpress\/wp-content\/uploads\/2022\/02\/Strasse_Freigelegt_bhf_Vorfeld-1024x502.jpg\" alt=\"\" class=\"wp-image-5099\" srcset=\"https:\/\/www2.waldex.ch\/wordpress\/wp-content\/uploads\/2022\/02\/Strasse_Freigelegt_bhf_Vorfeld-1024x502.jpg 1024w, https:\/\/www2.waldex.ch\/wordpress\/wp-content\/uploads\/2022\/02\/Strasse_Freigelegt_bhf_Vorfeld-300x147.jpg 300w, https:\/\/www2.waldex.ch\/wordpress\/wp-content\/uploads\/2022\/02\/Strasse_Freigelegt_bhf_Vorfeld-768x376.jpg 768w, https:\/\/www2.waldex.ch\/wordpress\/wp-content\/uploads\/2022\/02\/Strasse_Freigelegt_bhf_Vorfeld-1536x753.jpg 1536w, https:\/\/www2.waldex.ch\/wordpress\/wp-content\/uploads\/2022\/02\/Strasse_Freigelegt_bhf_Vorfeld-2048x1004.jpg 2048w\" sizes=\"auto, (max-width: 767px) 89vw, (max-width: 1000px) 54vw, (max-width: 1071px) 543px, 580px\" \/><figcaption>In eine Fahrtrichtung sieht man jetzt mehr Autos fahren (im Gegenuhrzeigersinn). Wobei man zus\u00e4tzlich auf Segment 1+2 jetzt bereits schon ohne weitere Segmente &#8222;rundherum&#8220; fahren kann!<\/figcaption><\/figure>\n\n\n\n<figure class=\"wp-block-image size-large\"><img loading=\"lazy\" decoding=\"async\" width=\"1024\" height=\"502\" src=\"https:\/\/www2.waldex.ch\/wordpress\/wp-content\/uploads\/2022\/02\/Strasse_Freigelegt-1024x502.jpg\" alt=\"\" class=\"wp-image-5100\" srcset=\"https:\/\/www2.waldex.ch\/wordpress\/wp-content\/uploads\/2022\/02\/Strasse_Freigelegt-1024x502.jpg 1024w, https:\/\/www2.waldex.ch\/wordpress\/wp-content\/uploads\/2022\/02\/Strasse_Freigelegt-300x147.jpg 300w, https:\/\/www2.waldex.ch\/wordpress\/wp-content\/uploads\/2022\/02\/Strasse_Freigelegt-768x376.jpg 768w, https:\/\/www2.waldex.ch\/wordpress\/wp-content\/uploads\/2022\/02\/Strasse_Freigelegt-1536x753.jpg 1536w, https:\/\/www2.waldex.ch\/wordpress\/wp-content\/uploads\/2022\/02\/Strasse_Freigelegt.jpg 1916w\" sizes=\"auto, (max-width: 767px) 89vw, (max-width: 1000px) 54vw, (max-width: 1071px) 543px, 580px\" \/><figcaption>Ein gr\u00fcnes Auto ist auf der umgeplanten Strasse schon unterwegs&#8230;.<\/figcaption><\/figure>\n\n\n\n<p>Nuja, dann wurden die Pl\u00e4ne angepasst und die Strassenplatten vorbereitet und in den Segmenten die Spanten entsprechend zuges\u00e4gt:<\/p>\n\n\n\n<figure class=\"wp-block-image\"><img decoding=\"async\" src=\"http:\/\/www2.waldex.ch\/wordpress\/wp-content\/uploads\/2018\/04\/wp-image-544227708.jpg\" alt=\"\" title=\"Neue Strasse \"\/><figcaption>Pl\u00e4ne in  1:1 ausgedruckt und mit Strassenelementen von Faller verglichen. Eigene Elemente waren n\u00f6tig um sich bestpassends der Landschaft anzupassen<\/figcaption><\/figure>\n\n\n\n<p>Nat\u00fcrlich k\u00f6nnte man die Abstellfl\u00e4che im verdeckten Bereich erweitern (um einzelne Kleinfahrzeuge wie Autos abzustellen). Einige erste Ideen wurden schon verwirklicht &#8211; siehe  folgende Bilder:<\/p>\n\n\n\n<figure class=\"wp-block-image size-large is-resized\"><img loading=\"lazy\" decoding=\"async\" src=\"https:\/\/www2.waldex.ch\/wordpress\/wp-content\/uploads\/2022\/02\/IMG_20201108_153555-1-1024x768.jpg\" alt=\"\" class=\"wp-image-5125\" width=\"674\" height=\"505\" srcset=\"https:\/\/www2.waldex.ch\/wordpress\/wp-content\/uploads\/2022\/02\/IMG_20201108_153555-1-1024x768.jpg 1024w, https:\/\/www2.waldex.ch\/wordpress\/wp-content\/uploads\/2022\/02\/IMG_20201108_153555-1-300x225.jpg 300w, https:\/\/www2.waldex.ch\/wordpress\/wp-content\/uploads\/2022\/02\/IMG_20201108_153555-1-768x576.jpg 768w, https:\/\/www2.waldex.ch\/wordpress\/wp-content\/uploads\/2022\/02\/IMG_20201108_153555-1-1536x1152.jpg 1536w, https:\/\/www2.waldex.ch\/wordpress\/wp-content\/uploads\/2022\/02\/IMG_20201108_153555-1-2048x1536.jpg 2048w\" sizes=\"auto, (max-width: 674px) 100vw, 674px\" \/><figcaption>Hier lassen sich 2 Autos linksseitig abstellen. <\/figcaption><\/figure>\n\n\n\n<figure class=\"wp-block-image size-large\"><img loading=\"lazy\" decoding=\"async\" width=\"1024\" height=\"768\" src=\"https:\/\/www2.waldex.ch\/wordpress\/wp-content\/uploads\/2022\/02\/IMG_20201108_153625-1024x768.jpg\" alt=\"\" class=\"wp-image-5126\" srcset=\"https:\/\/www2.waldex.ch\/wordpress\/wp-content\/uploads\/2022\/02\/IMG_20201108_153625-1024x768.jpg 1024w, https:\/\/www2.waldex.ch\/wordpress\/wp-content\/uploads\/2022\/02\/IMG_20201108_153625-300x225.jpg 300w, https:\/\/www2.waldex.ch\/wordpress\/wp-content\/uploads\/2022\/02\/IMG_20201108_153625-768x576.jpg 768w, https:\/\/www2.waldex.ch\/wordpress\/wp-content\/uploads\/2022\/02\/IMG_20201108_153625-1536x1152.jpg 1536w, https:\/\/www2.waldex.ch\/wordpress\/wp-content\/uploads\/2022\/02\/IMG_20201108_153625-2048x1536.jpg 2048w\" sizes=\"auto, (max-width: 767px) 89vw, (max-width: 1000px) 54vw, (max-width: 1071px) 543px, 580px\" \/><figcaption>Von links her ist die freigelegte Strasse ersichtlich. Das eckige Loch in der linken Bildmitte w\u00e4re die urspr\u00fcngliche Strecke gewesen (wird nicht realisiert). Rechts die Einfahrt in die &#8222;Abstellharfe&#8220;<\/figcaption><\/figure>\n\n\n<p>&nbsp;<\/p>\n<p>&nbsp;<\/p>\n<p>&nbsp;<\/p>\n<p>&nbsp;<\/p>\n<p>&nbsp;<\/p>\n\n\n<p><\/p>\n","protected":false},"excerpt":{"rendered":"<p>Die neue Strasse &#8211; \u00c4nderung der Pl\u00e4ne im letzten Moment Dieser Artikel erweitert den fr\u00fcheren Artikel &#8222;Strasse gef\u00e4llig? Bitte sehr!&#8220; um einige Illustrationen und Bilder &#8211; und aktuellem Baustand Hatte mal die Pl\u00e4ne und 3-D Visualisierungen in WinTrack angeschaut. das Faller CarSystem wurde \u00e4hnlich gebaut wie die Gleise f\u00fcr die Z\u00fcge: Die Fahrzeuge verschwinden im &hellip; <\/p>\n<p class=\"link-more\"><a href=\"https:\/\/www2.waldex.ch\/wordpress\/?p=3659\" class=\"more-link\"><span class=\"screen-reader-text\">&#8222;Die neue Strasse dem Hang entlang&#8220;<\/span> weiterlesen<\/a><\/p>\n","protected":false},"author":250,"featured_media":3627,"comment_status":"open","ping_status":"open","sticky":false,"template":"","format":"standard","meta":{"ngg_post_thumbnail":0,"footnotes":""},"categories":[1,8],"tags":[],"class_list":["post-3659","post","type-post","status-publish","format-standard","has-post-thumbnail","hentry","category-allgemein","category-build"],"_links":{"self":[{"href":"https:\/\/www2.waldex.ch\/wordpress\/index.php?rest_route=\/wp\/v2\/posts\/3659","targetHints":{"allow":["GET"]}}],"collection":[{"href":"https:\/\/www2.waldex.ch\/wordpress\/index.php?rest_route=\/wp\/v2\/posts"}],"about":[{"href":"https:\/\/www2.waldex.ch\/wordpress\/index.php?rest_route=\/wp\/v2\/types\/post"}],"author":[{"embeddable":true,"href":"https:\/\/www2.waldex.ch\/wordpress\/index.php?rest_route=\/wp\/v2\/users\/250"}],"replies":[{"embeddable":true,"href":"https:\/\/www2.waldex.ch\/wordpress\/index.php?rest_route=%2Fwp%2Fv2%2Fcomments&post=3659"}],"version-history":[{"count":0,"href":"https:\/\/www2.waldex.ch\/wordpress\/index.php?rest_route=\/wp\/v2\/posts\/3659\/revisions"}],"wp:featuredmedia":[{"embeddable":true,"href":"https:\/\/www2.waldex.ch\/wordpress\/index.php?rest_route=\/wp\/v2\/media\/3627"}],"wp:attachment":[{"href":"https:\/\/www2.waldex.ch\/wordpress\/index.php?rest_route=%2Fwp%2Fv2%2Fmedia&parent=3659"}],"wp:term":[{"taxonomy":"category","embeddable":true,"href":"https:\/\/www2.waldex.ch\/wordpress\/index.php?rest_route=%2Fwp%2Fv2%2Fcategories&post=3659"},{"taxonomy":"post_tag","embeddable":true,"href":"https:\/\/www2.waldex.ch\/wordpress\/index.php?rest_route=%2Fwp%2Fv2%2Ftags&post=3659"}],"curies":[{"name":"wp","href":"https:\/\/api.w.org\/{rel}","templated":true}]}}