







































































































































































































































































{"id":3617,"date":"2018-04-02T21:22:36","date_gmt":"2018-04-02T19:22:36","guid":{"rendered":"http:\/\/www2.waldex.ch\/wordpress\/?p=3617"},"modified":"2023-12-29T14:02:22","modified_gmt":"2023-12-29T12:02:22","slug":"endlich-das-parkett-ist-verlegt","status":"publish","type":"post","link":"https:\/\/www2.waldex.ch\/wordpress\/?p=3617","title":{"rendered":"Endlich! Das &#8222;Parkett&#8220; ist verlegt"},"content":{"rendered":"<p>Somit endlich mal die Grundlage geschaffen f\u00fcr die Bahnhofsgleise, Vorfeld (leider im Tunnel) und ein Industrie-Anschluss.<\/p>\n<p><img decoding=\"async\" src=\"http:\/\/www2.waldex.ch\/wordpress\/wp-content\/uploads\/2018\/04\/wp-image-2029988768.jpg\"\/><img decoding=\"async\" src=\"http:\/\/www2.waldex.ch\/wordpress\/wp-content\/uploads\/2018\/04\/wp-image-764241133.jpg\"\/><\/p>\n<p>Die Bahnhofsgleise sehen &#8211; wenn auch provisorisch &#8211; schon mal nach etwas aus. Auch das Gleisvorfeld &#8211; leider im Tunnel &#8211; ist zum gr\u00f6\u00dften Teil fertig, damit die Gleise gelegt und verdrahtet werden k\u00f6nnen:<\/p>\n<p><img decoding=\"async\" src=\"http:\/\/www2.waldex.ch\/wordpress\/wp-content\/uploads\/2018\/04\/wp-image-1226491956.jpg\"\/><img decoding=\"async\" src=\"http:\/\/www2.waldex.ch\/wordpress\/wp-content\/uploads\/2018\/04\/wp-image-1098779116.jpg\"\/><\/p>\n<p>Zum anpressen des Kork-Untergrundes wurde alles verwendet, was Gewicht hat. Ebenso mussten die Module auseinandergeschraubt werden, damit die \u00dcberg\u00e4nge sauber gemacht werden k\u00f6nnen. Ferner wurden noch einige kleinere Vervollst\u00e4ndigungen gemacht wie schrauben L\u00f6cher gestopft, etc..<\/p>\n<p><img decoding=\"async\" src=\"http:\/\/www2.waldex.ch\/wordpress\/wp-content\/uploads\/2018\/04\/wp-image-1230569755.jpg\"\/><\/p>\n","protected":false},"excerpt":{"rendered":"<p>Somit endlich mal die Grundlage geschaffen f\u00fcr die Bahnhofsgleise, Vorfeld (leider im Tunnel) und ein Industrie-Anschluss. Die Bahnhofsgleise sehen &#8211; wenn auch provisorisch &#8211; schon mal nach etwas aus. Auch das Gleisvorfeld &#8211; leider im Tunnel &#8211; ist zum gr\u00f6\u00dften Teil fertig, damit die Gleise gelegt und verdrahtet werden k\u00f6nnen: Zum anpressen des Kork-Untergrundes wurde &hellip; <\/p>\n<p class=\"link-more\"><a href=\"https:\/\/www2.waldex.ch\/wordpress\/?p=3617\" class=\"more-link\"><span class=\"screen-reader-text\">&#8222;Endlich! Das &#8222;Parkett&#8220; ist verlegt&#8220;<\/span> weiterlesen<\/a><\/p>\n","protected":false},"author":250,"featured_media":14902,"comment_status":"open","ping_status":"open","sticky":false,"template":"","format":"standard","meta":{"ngg_post_thumbnail":1678,"footnotes":""},"categories":[1],"tags":[],"class_list":["post-3617","post","type-post","status-publish","format-standard","has-post-thumbnail","hentry","category-allgemein"],"_links":{"self":[{"href":"https:\/\/www2.waldex.ch\/wordpress\/index.php?rest_route=\/wp\/v2\/posts\/3617","targetHints":{"allow":["GET"]}}],"collection":[{"href":"https:\/\/www2.waldex.ch\/wordpress\/index.php?rest_route=\/wp\/v2\/posts"}],"about":[{"href":"https:\/\/www2.waldex.ch\/wordpress\/index.php?rest_route=\/wp\/v2\/types\/post"}],"author":[{"embeddable":true,"href":"https:\/\/www2.waldex.ch\/wordpress\/index.php?rest_route=\/wp\/v2\/users\/250"}],"replies":[{"embeddable":true,"href":"https:\/\/www2.waldex.ch\/wordpress\/index.php?rest_route=%2Fwp%2Fv2%2Fcomments&post=3617"}],"version-history":[{"count":0,"href":"https:\/\/www2.waldex.ch\/wordpress\/index.php?rest_route=\/wp\/v2\/posts\/3617\/revisions"}],"wp:featuredmedia":[{"embeddable":true,"href":"https:\/\/www2.waldex.ch\/wordpress\/index.php?rest_route=\/wp\/v2\/media\/14902"}],"wp:attachment":[{"href":"https:\/\/www2.waldex.ch\/wordpress\/index.php?rest_route=%2Fwp%2Fv2%2Fmedia&parent=3617"}],"wp:term":[{"taxonomy":"category","embeddable":true,"href":"https:\/\/www2.waldex.ch\/wordpress\/index.php?rest_route=%2Fwp%2Fv2%2Fcategories&post=3617"},{"taxonomy":"post_tag","embeddable":true,"href":"https:\/\/www2.waldex.ch\/wordpress\/index.php?rest_route=%2Fwp%2Fv2%2Ftags&post=3617"}],"curies":[{"name":"wp","href":"https:\/\/api.w.org\/{rel}","templated":true}]}}