







































































































































































































































































{"id":3543,"date":"2018-03-31T12:34:33","date_gmt":"2018-03-31T10:34:33","guid":{"rendered":"http:\/\/www2.waldex.ch\/wordpress\/?p=3543"},"modified":"2023-12-28T22:22:21","modified_gmt":"2023-12-28T20:22:21","slug":"waldingen-im-q1-2018-weiterbau-segmente-12","status":"publish","type":"post","link":"https:\/\/www2.waldex.ch\/wordpress\/?p=3543","title":{"rendered":"Waldingen im Q1 2018: Weiterbau Segmente 1+2"},"content":{"rendered":"<p><span style=\"font-size: 10pt;\">Naja, ab und zu hat man mal einen Moment um wiedermal ein Werkzeug in die Hand zu nehmen tut auch nicht weh\u2026. Die Gleise der untersten Ebene mit allen Kabelanschl\u00fcssen sind verlegt (und im Plan spezifiziert f\u00fcr Fehlersuchen) &#8211; die n\u00e4chste Ebene kann gebaut werden! Hier einige Eindr\u00fccke fotografisch belegt.<\/span><\/p>\n<p>Genauer gesagt: an den Segmenten 1+2 von der neuen Anlage (<a href=\"http:\/\/www2.waldex.ch\/wordpress\/?p=3127\">hier<\/a> berichtet) wurde weitergebaut: Grundierung, Elektrik, Gleise 1. Ebene. An den <a href=\"http:\/\/www2.waldex.ch\/wordpress\/index.php\/nggallery\/waldingen-3b-bau-der-segmentanlage\/20140490_wdg3b_plaene?p=3127\">Pl\u00e4nen<\/a> gab es keine \u00c4nderungen, jedoch sind bereits einige Ideen f\u00fcr die Verbesserung vorhanden.<\/p>\n<p>F\u00fcr die n\u00e4chste Gleis-Ebene (mit dem Bahnhof) wurden ferner schon die Bretter gelegt f\u00fcr die Gleise und erste Stellproben gemacht.<\/p>\nngg_shortcode_0_placeholder\n","protected":false},"excerpt":{"rendered":"<p>Naja, ab und zu hat man mal einen Moment um wiedermal ein Werkzeug in die Hand zu nehmen tut auch nicht weh\u2026. Die Gleise der untersten Ebene mit allen Kabelanschl\u00fcssen sind verlegt (und im Plan spezifiziert f\u00fcr Fehlersuchen) &#8211; die n\u00e4chste Ebene kann gebaut werden! Hier einige Eindr\u00fccke fotografisch belegt. Genauer gesagt: an den Segmenten &hellip; <\/p>\n<p class=\"link-more\"><a href=\"https:\/\/www2.waldex.ch\/wordpress\/?p=3543\" class=\"more-link\"><span class=\"screen-reader-text\">&#8222;Waldingen im Q1 2018: Weiterbau Segmente 1+2&#8220;<\/span> weiterlesen<\/a><\/p>\n","protected":false},"author":250,"featured_media":6135,"comment_status":"open","ping_status":"open","sticky":false,"template":"","format":"standard","meta":{"ngg_post_thumbnail":0,"footnotes":""},"categories":[8],"tags":[],"class_list":["post-3543","post","type-post","status-publish","format-standard","has-post-thumbnail","hentry","category-build"],"_links":{"self":[{"href":"https:\/\/www2.waldex.ch\/wordpress\/index.php?rest_route=\/wp\/v2\/posts\/3543","targetHints":{"allow":["GET"]}}],"collection":[{"href":"https:\/\/www2.waldex.ch\/wordpress\/index.php?rest_route=\/wp\/v2\/posts"}],"about":[{"href":"https:\/\/www2.waldex.ch\/wordpress\/index.php?rest_route=\/wp\/v2\/types\/post"}],"author":[{"embeddable":true,"href":"https:\/\/www2.waldex.ch\/wordpress\/index.php?rest_route=\/wp\/v2\/users\/250"}],"replies":[{"embeddable":true,"href":"https:\/\/www2.waldex.ch\/wordpress\/index.php?rest_route=%2Fwp%2Fv2%2Fcomments&post=3543"}],"version-history":[{"count":0,"href":"https:\/\/www2.waldex.ch\/wordpress\/index.php?rest_route=\/wp\/v2\/posts\/3543\/revisions"}],"wp:featuredmedia":[{"embeddable":true,"href":"https:\/\/www2.waldex.ch\/wordpress\/index.php?rest_route=\/wp\/v2\/media\/6135"}],"wp:attachment":[{"href":"https:\/\/www2.waldex.ch\/wordpress\/index.php?rest_route=%2Fwp%2Fv2%2Fmedia&parent=3543"}],"wp:term":[{"taxonomy":"category","embeddable":true,"href":"https:\/\/www2.waldex.ch\/wordpress\/index.php?rest_route=%2Fwp%2Fv2%2Fcategories&post=3543"},{"taxonomy":"post_tag","embeddable":true,"href":"https:\/\/www2.waldex.ch\/wordpress\/index.php?rest_route=%2Fwp%2Fv2%2Ftags&post=3543"}],"curies":[{"name":"wp","href":"https:\/\/api.w.org\/{rel}","templated":true}]}}