







































































































































































































































































{"id":3273,"date":"2015-08-25T11:30:05","date_gmt":"2015-08-25T09:30:05","guid":{"rendered":"http:\/\/www2.waldex.ch\/wordpress\/?p=3273"},"modified":"2022-02-05T03:57:33","modified_gmt":"2022-02-05T01:57:33","slug":"besichtigung-der-neat-wenige-monate-vor-deren-eroeffnung","status":"publish","type":"post","link":"https:\/\/www2.waldex.ch\/wordpress\/?p=3273","title":{"rendered":"Besichtigung der NEAT &#8211; wenige Monate vor deren Er\u00f6ffnung"},"content":{"rendered":"<p>Besichtigung der NEAT &#8211; wenige Monate vor der Er\u00f6ffnung sind wir &#8211; neben einem Ap\u00e9ro vorher und nachher &#8211; in den neuen Tunnel gefahren, haben den Tunnelbahnhof angeschaut mit div. Informationen<\/p>\nngg_shortcode_0_placeholder\n","protected":false},"excerpt":{"rendered":"<p>Besichtigung der NEAT &#8211; wenige Monate vor der Er\u00f6ffnung sind wir &#8211; neben einem Ap\u00e9ro vorher und nachher &#8211; in den neuen Tunnel gefahren, haben den Tunnelbahnhof angeschaut mit div. Informationen &#8220; order_by=&#8220;sortorder&#8220; order_direction=&#8220;ASC&#8220; returns=&#8220;included&#8220; maximum_entity_count=&#8220;500&#8243;]<\/p>\n","protected":false},"author":250,"featured_media":5240,"comment_status":"open","ping_status":"open","sticky":false,"template":"","format":"standard","meta":{"ngg_post_thumbnail":1224,"footnotes":""},"categories":[13],"tags":[],"class_list":["post-3273","post","type-post","status-publish","format-standard","has-post-thumbnail","hentry","category-vorbild"],"_links":{"self":[{"href":"https:\/\/www2.waldex.ch\/wordpress\/index.php?rest_route=\/wp\/v2\/posts\/3273","targetHints":{"allow":["GET"]}}],"collection":[{"href":"https:\/\/www2.waldex.ch\/wordpress\/index.php?rest_route=\/wp\/v2\/posts"}],"about":[{"href":"https:\/\/www2.waldex.ch\/wordpress\/index.php?rest_route=\/wp\/v2\/types\/post"}],"author":[{"embeddable":true,"href":"https:\/\/www2.waldex.ch\/wordpress\/index.php?rest_route=\/wp\/v2\/users\/250"}],"replies":[{"embeddable":true,"href":"https:\/\/www2.waldex.ch\/wordpress\/index.php?rest_route=%2Fwp%2Fv2%2Fcomments&post=3273"}],"version-history":[{"count":0,"href":"https:\/\/www2.waldex.ch\/wordpress\/index.php?rest_route=\/wp\/v2\/posts\/3273\/revisions"}],"wp:featuredmedia":[{"embeddable":true,"href":"https:\/\/www2.waldex.ch\/wordpress\/index.php?rest_route=\/wp\/v2\/media\/5240"}],"wp:attachment":[{"href":"https:\/\/www2.waldex.ch\/wordpress\/index.php?rest_route=%2Fwp%2Fv2%2Fmedia&parent=3273"}],"wp:term":[{"taxonomy":"category","embeddable":true,"href":"https:\/\/www2.waldex.ch\/wordpress\/index.php?rest_route=%2Fwp%2Fv2%2Fcategories&post=3273"},{"taxonomy":"post_tag","embeddable":true,"href":"https:\/\/www2.waldex.ch\/wordpress\/index.php?rest_route=%2Fwp%2Fv2%2Ftags&post=3273"}],"curies":[{"name":"wp","href":"https:\/\/api.w.org\/{rel}","templated":true}]}}