







































































































































































































































































{"id":20,"date":"2000-01-01T10:03:00","date_gmt":"2000-01-01T08:03:00","guid":{"rendered":"http:\/\/www2.waldex.ch\/wordpress\/?p=20"},"modified":"2024-08-16T19:37:00","modified_gmt":"2024-08-16T18:37:00","slug":"warum-diese-website","status":"publish","type":"post","link":"https:\/\/www2.waldex.ch\/wordpress\/?p=20","title":{"rendered":"Warum diese Website und was finde ich hier?"},"content":{"rendered":"<p><strong>&nbsp;<br \/><\/strong><strong style=\"font-size: inherit;\">Zum ersten mal da? <\/strong><span style=\"font-size: inherit;\">Ein detaillierter Beschrieb findet man <\/span><a style=\"font-size: inherit;\" href=\"http:\/\/www2.waldex.ch\/wordpress\/?page_id=2\">hier<\/a><span style=\"font-size: inherit;\">.<\/span><strong><img loading=\"lazy\" decoding=\"async\" class=\"size-medium wp-image-1035 alignright\" src=\"\/wordpress\/wp-content\/uploads\/2017\/10\/Bild089-300x225.jpeg\" alt=\"\" width=\"300\" height=\"225\" srcset=\"https:\/\/www2.waldex.ch\/wordpress\/wp-content\/uploads\/2017\/10\/Bild089-300x225.jpeg 300w, https:\/\/www2.waldex.ch\/wordpress\/wp-content\/uploads\/2017\/10\/Bild089-768x576.jpeg 768w, https:\/\/www2.waldex.ch\/wordpress\/wp-content\/uploads\/2017\/10\/Bild089-1024x768.jpeg 1024w, https:\/\/www2.waldex.ch\/wordpress\/wp-content\/uploads\/2017\/10\/Bild089.jpeg 1600w\" sizes=\"auto, (max-width: 300px) 100vw, 300px\" \/><\/strong><\/p>\n<p><strong>Das muss man gesehen haben: <a href=\"\/wordpress\/?page_id=100\">Anlagenvideos<\/a><br \/><\/strong>Top Anlagenvdeo im <em>Juni 2009<\/em><\/p>\n<p><strong>Ab und zu reingucken?<\/strong> Bilder sagen mehr als Worte! In der <a href=\"https:\/\/www2.waldex.ch\/wordpress\/?page_id=5116\" target=\"_blank\" rel=\"noopener\" data-wplink-edit=\"true\">Bildergallerie<\/a> ist s\u00e4mtliches Bauen und Besuchen von bahn-relevanten Ausstellungen und Anl\u00e4ssen bis 2014 fotodokumentiert! Bilder nach 2014 sind und werden in den einzelnen Blogs direkt integriert.<\/p>\n\n\n<h2 class=\"wp-block-heading\">Hier die Liste aller Blogs <\/h2>\n\n\n\n<h6 class=\"wp-block-heading\"><em><strong>Illustriert mit Bilder und Videos<\/strong><\/em><\/h6>\n\n\n\n<div class=\"wp-block-columns are-vertically-aligned-center is-layout-flex wp-container-core-columns-is-layout-9d6595d7 wp-block-columns-is-layout-flex\">\n<div class=\"wp-block-column is-vertically-aligned-center is-layout-flow wp-block-column-is-layout-flow\" style=\"flex-basis:100%\">\n<div class=\"wp-block-group\"><div class=\"wp-block-group__inner-container is-layout-flow wp-block-group-is-layout-flow\"><ul class=\"wp-block-latest-posts__list has-dates wp-block-latest-posts\"><li><div class=\"wp-block-latest-posts__featured-image alignleft\"><a href=\"https:\/\/www2.waldex.ch\/wordpress\/?p=18012\" aria-label=\"CarSystem BMW 750i \u2013 Erfahrungsbericht zu Service und Reparatur eines Modellfahrzeugs\"><img loading=\"lazy\" decoding=\"async\" width=\"150\" height=\"150\" src=\"https:\/\/www2.waldex.ch\/wordpress\/wp-content\/uploads\/2026\/04\/img_1664-1-150x150.jpg\" class=\"attachment-thumbnail size-thumbnail wp-post-image\" alt=\"\" style=\"max-width:113px;max-height:113px;\" srcset=\"https:\/\/www2.waldex.ch\/wordpress\/wp-content\/uploads\/2026\/04\/img_1664-1-150x150.jpg 150w, https:\/\/www2.waldex.ch\/wordpress\/wp-content\/uploads\/2026\/04\/img_1664-1-100x100.jpg 100w\" sizes=\"auto, 100vw\" \/><\/a><\/div><a class=\"wp-block-latest-posts__post-title\" href=\"https:\/\/www2.waldex.ch\/wordpress\/?p=18012\">CarSystem BMW 750i \u2013 Erfahrungsbericht zu Service und Reparatur eines Modellfahrzeugs<\/a><time datetime=\"2026-04-13T21:00:27+01:00\" class=\"wp-block-latest-posts__post-date\">13. April 2026<\/time><\/li>\n<li><div class=\"wp-block-latest-posts__featured-image alignleft\"><a href=\"https:\/\/www2.waldex.ch\/wordpress\/?p=18007\" aria-label=\"Warum fahren Loks los, wenn ich die Digitalzentrale einschalte?\"><img loading=\"lazy\" decoding=\"async\" width=\"150\" height=\"150\" src=\"https:\/\/www2.waldex.ch\/wordpress\/wp-content\/uploads\/2026\/04\/image-1-150x150.jpg\" class=\"attachment-thumbnail size-thumbnail wp-post-image\" alt=\"\" style=\"max-width:113px;max-height:113px;\" srcset=\"https:\/\/www2.waldex.ch\/wordpress\/wp-content\/uploads\/2026\/04\/image-1-150x150.jpg 150w, https:\/\/www2.waldex.ch\/wordpress\/wp-content\/uploads\/2026\/04\/image-1-100x100.jpg 100w\" sizes=\"auto, 100vw\" \/><\/a><\/div><a class=\"wp-block-latest-posts__post-title\" href=\"https:\/\/www2.waldex.ch\/wordpress\/?p=18007\">Warum fahren Loks los, wenn ich die Digitalzentrale einschalte?<\/a><time datetime=\"2026-04-09T12:17:47+01:00\" class=\"wp-block-latest-posts__post-date\">9. April 2026<\/time><\/li>\n<li><div class=\"wp-block-latest-posts__featured-image alignleft\"><a href=\"https:\/\/www2.waldex.ch\/wordpress\/?p=17947\" aria-label=\"C-Gleis kabeln auf Ebene 16 \u2013 oder warum deren Farben keine Dekoration sind\"><img loading=\"lazy\" decoding=\"async\" width=\"150\" height=\"150\" src=\"https:\/\/www2.waldex.ch\/wordpress\/wp-content\/uploads\/2026\/04\/img_1472-150x150.jpg\" class=\"attachment-thumbnail size-thumbnail wp-post-image\" alt=\"\" style=\"max-width:113px;max-height:113px;\" srcset=\"https:\/\/www2.waldex.ch\/wordpress\/wp-content\/uploads\/2026\/04\/img_1472-150x150.jpg 150w, https:\/\/www2.waldex.ch\/wordpress\/wp-content\/uploads\/2026\/04\/img_1472-100x100.jpg 100w\" sizes=\"auto, 100vw\" \/><\/a><\/div><a class=\"wp-block-latest-posts__post-title\" href=\"https:\/\/www2.waldex.ch\/wordpress\/?p=17947\">C-Gleis kabeln auf Ebene 16 \u2013 oder warum deren Farben keine Dekoration sind<\/a><time datetime=\"2026-04-07T14:51:42+01:00\" class=\"wp-block-latest-posts__post-date\">7. April 2026<\/time><\/li>\n<li><div class=\"wp-block-latest-posts__featured-image alignleft\"><a href=\"https:\/\/www2.waldex.ch\/wordpress\/?p=17881\" aria-label=\"Wenn die Weiche nicht die Weiche ist \u2013 R\u00fcckmeldekontakte, Decoder und die verborgene Technik der Anlage\"><img loading=\"lazy\" decoding=\"async\" width=\"150\" height=\"150\" src=\"https:\/\/www2.waldex.ch\/wordpress\/wp-content\/uploads\/2026\/03\/image-1-2-150x150.jpg\" class=\"attachment-thumbnail size-thumbnail wp-post-image\" alt=\"\" style=\"max-width:113px;max-height:113px;\" srcset=\"https:\/\/www2.waldex.ch\/wordpress\/wp-content\/uploads\/2026\/03\/image-1-2-150x150.jpg 150w, https:\/\/www2.waldex.ch\/wordpress\/wp-content\/uploads\/2026\/03\/image-1-2-100x100.jpg 100w\" sizes=\"auto, 100vw\" \/><\/a><\/div><a class=\"wp-block-latest-posts__post-title\" href=\"https:\/\/www2.waldex.ch\/wordpress\/?p=17881\">Wenn die Weiche nicht die Weiche ist \u2013 R\u00fcckmeldekontakte, Decoder und die verborgene Technik der Anlage<\/a><time datetime=\"2026-03-29T09:51:37+01:00\" class=\"wp-block-latest-posts__post-date\">29. M\u00e4rz 2026<\/time><\/li>\n<li><div class=\"wp-block-latest-posts__featured-image alignleft\"><a href=\"https:\/\/www2.waldex.ch\/wordpress\/?p=17867\" aria-label=\"Wohin mit dem weiterem Chaos?\"><img loading=\"lazy\" decoding=\"async\" width=\"150\" height=\"150\" src=\"https:\/\/www2.waldex.ch\/wordpress\/wp-content\/uploads\/2026\/03\/image-1-150x150.jpg\" class=\"attachment-thumbnail size-thumbnail wp-post-image\" alt=\"\" style=\"max-width:113px;max-height:113px;\" srcset=\"https:\/\/www2.waldex.ch\/wordpress\/wp-content\/uploads\/2026\/03\/image-1-150x150.jpg 150w, https:\/\/www2.waldex.ch\/wordpress\/wp-content\/uploads\/2026\/03\/image-1-100x100.jpg 100w\" sizes=\"auto, 100vw\" \/><\/a><\/div><a class=\"wp-block-latest-posts__post-title\" href=\"https:\/\/www2.waldex.ch\/wordpress\/?p=17867\">Wohin mit dem weiterem Chaos?<\/a><time datetime=\"2026-03-17T10:42:58+01:00\" class=\"wp-block-latest-posts__post-date\">17. M\u00e4rz 2026<\/time><\/li>\n<li><div class=\"wp-block-latest-posts__featured-image alignleft\"><a href=\"https:\/\/www2.waldex.ch\/wordpress\/?p=17825\" aria-label=\"Planung des Bahnhofs Vorfeldes\"><img loading=\"lazy\" decoding=\"async\" width=\"150\" height=\"150\" src=\"https:\/\/www2.waldex.ch\/wordpress\/wp-content\/uploads\/2026\/03\/aerial-shot-drone-shot-empty-2464412-150x150.jpg\" class=\"attachment-thumbnail size-thumbnail wp-post-image\" alt=\"\" style=\"max-width:113px;max-height:113px;\" srcset=\"https:\/\/www2.waldex.ch\/wordpress\/wp-content\/uploads\/2026\/03\/aerial-shot-drone-shot-empty-2464412-150x150.jpg 150w, https:\/\/www2.waldex.ch\/wordpress\/wp-content\/uploads\/2026\/03\/aerial-shot-drone-shot-empty-2464412-100x100.jpg 100w\" sizes=\"auto, 100vw\" \/><\/a><\/div><a class=\"wp-block-latest-posts__post-title\" href=\"https:\/\/www2.waldex.ch\/wordpress\/?p=17825\">Planung des Bahnhofs Vorfeldes<\/a><time datetime=\"2026-02-15T15:23:00+01:00\" class=\"wp-block-latest-posts__post-date\">15. Februar 2026<\/time><\/li>\n<li><div class=\"wp-block-latest-posts__featured-image alignleft\"><a href=\"https:\/\/www2.waldex.ch\/wordpress\/?p=17838\" aria-label=\"Zen und die Kunst, M\u00e4rklin C-Gleis zu verlegen\"><img loading=\"lazy\" decoding=\"async\" width=\"150\" height=\"150\" src=\"https:\/\/www2.waldex.ch\/wordpress\/wp-content\/uploads\/2026\/01\/img_0230-150x150.jpg\" class=\"attachment-thumbnail size-thumbnail wp-post-image\" alt=\"\" style=\"max-width:113px;max-height:113px;\" srcset=\"https:\/\/www2.waldex.ch\/wordpress\/wp-content\/uploads\/2026\/01\/img_0230-150x150.jpg 150w, https:\/\/www2.waldex.ch\/wordpress\/wp-content\/uploads\/2026\/01\/img_0230-100x100.jpg 100w\" sizes=\"auto, 100vw\" \/><\/a><\/div><a class=\"wp-block-latest-posts__post-title\" href=\"https:\/\/www2.waldex.ch\/wordpress\/?p=17838\">Zen und die Kunst, M\u00e4rklin C-Gleis zu verlegen<\/a><time datetime=\"2026-01-28T11:56:37+01:00\" class=\"wp-block-latest-posts__post-date\">28. Januar 2026<\/time><\/li>\n<li><div class=\"wp-block-latest-posts__featured-image alignleft\"><a href=\"https:\/\/www2.waldex.ch\/wordpress\/?p=17803\" aria-label=\"Fahrende Faller-Autos in der Vitrine \u2013 Bewegung trifft Sammlung &#8211; Autos aufger\u00e4umt\"><img loading=\"lazy\" decoding=\"async\" width=\"150\" height=\"150\" src=\"https:\/\/www2.waldex.ch\/wordpress\/wp-content\/uploads\/2026\/03\/image-2-150x150.jpg\" class=\"attachment-thumbnail size-thumbnail wp-post-image\" alt=\"\" style=\"max-width:113px;max-height:113px;\" srcset=\"https:\/\/www2.waldex.ch\/wordpress\/wp-content\/uploads\/2026\/03\/image-2-150x150.jpg 150w, https:\/\/www2.waldex.ch\/wordpress\/wp-content\/uploads\/2026\/03\/image-2-100x100.jpg 100w\" sizes=\"auto, 100vw\" \/><\/a><\/div><a class=\"wp-block-latest-posts__post-title\" href=\"https:\/\/www2.waldex.ch\/wordpress\/?p=17803\">Fahrende Faller-Autos in der Vitrine \u2013 Bewegung trifft Sammlung &#8211; Autos aufger\u00e4umt<\/a><time datetime=\"2026-01-17T17:36:26+01:00\" class=\"wp-block-latest-posts__post-date\">17. Januar 2026<\/time><\/li>\n<li><div class=\"wp-block-latest-posts__featured-image alignleft\"><a href=\"https:\/\/www2.waldex.ch\/wordpress\/?p=17772\" aria-label=\"Was es nicht alles gibt: Einfache Gleisreinigung mit einem Reinigungsschwamm aus dem 3D-Drucker\"><img loading=\"lazy\" decoding=\"async\" width=\"150\" height=\"150\" src=\"https:\/\/www2.waldex.ch\/wordpress\/wp-content\/uploads\/2026\/01\/img_9953-2-150x150.jpg\" class=\"attachment-thumbnail size-thumbnail wp-post-image\" alt=\"\" style=\"max-width:113px;max-height:113px;\" srcset=\"https:\/\/www2.waldex.ch\/wordpress\/wp-content\/uploads\/2026\/01\/img_9953-2-150x150.jpg 150w, https:\/\/www2.waldex.ch\/wordpress\/wp-content\/uploads\/2026\/01\/img_9953-2-100x100.jpg 100w\" sizes=\"auto, 100vw\" \/><\/a><\/div><a class=\"wp-block-latest-posts__post-title\" href=\"https:\/\/www2.waldex.ch\/wordpress\/?p=17772\">Was es nicht alles gibt: Einfache Gleisreinigung mit einem Reinigungsschwamm aus dem 3D-Drucker<\/a><time datetime=\"2026-01-07T12:09:05+01:00\" class=\"wp-block-latest-posts__post-date\">7. Januar 2026<\/time><\/li>\n<li><div class=\"wp-block-latest-posts__featured-image alignleft\"><a href=\"https:\/\/www2.waldex.ch\/wordpress\/?p=17714\" aria-label=\"Juhui trotzdem noch vor Weihnachten etwas erhalten\u2026..und dann danach auch\"><img loading=\"lazy\" decoding=\"async\" width=\"150\" height=\"150\" src=\"https:\/\/www2.waldex.ch\/wordpress\/wp-content\/uploads\/2025\/12\/img_9404-150x150.jpg\" class=\"attachment-thumbnail size-thumbnail wp-post-image\" alt=\"\" style=\"max-width:113px;max-height:113px;\" srcset=\"https:\/\/www2.waldex.ch\/wordpress\/wp-content\/uploads\/2025\/12\/img_9404-150x150.jpg 150w, https:\/\/www2.waldex.ch\/wordpress\/wp-content\/uploads\/2025\/12\/img_9404-100x100.jpg 100w\" sizes=\"auto, 100vw\" \/><\/a><\/div><a class=\"wp-block-latest-posts__post-title\" href=\"https:\/\/www2.waldex.ch\/wordpress\/?p=17714\">Juhui trotzdem noch vor Weihnachten etwas erhalten\u2026..und dann danach auch<\/a><time datetime=\"2025-12-22T16:40:01+01:00\" class=\"wp-block-latest-posts__post-date\">22. Dezember 2025<\/time><\/li>\n<li><div class=\"wp-block-latest-posts__featured-image alignleft\"><a href=\"https:\/\/www2.waldex.ch\/wordpress\/?p=17557\" aria-label=\"Von C-Gleis, K-Gleis und der Br\u00fcckenfrage: Wenn die Oberwelt komplizierter wird als gedacht\"><img loading=\"lazy\" decoding=\"async\" width=\"150\" height=\"150\" src=\"https:\/\/www2.waldex.ch\/wordpress\/wp-content\/uploads\/2025\/12\/IMG_9008-150x150.jpg\" class=\"attachment-thumbnail size-thumbnail wp-post-image\" alt=\"\" style=\"max-width:113px;max-height:113px;\" srcset=\"https:\/\/www2.waldex.ch\/wordpress\/wp-content\/uploads\/2025\/12\/IMG_9008-150x150.jpg 150w, https:\/\/www2.waldex.ch\/wordpress\/wp-content\/uploads\/2025\/12\/IMG_9008-100x100.jpg 100w\" sizes=\"auto, 100vw\" \/><\/a><\/div><a class=\"wp-block-latest-posts__post-title\" href=\"https:\/\/www2.waldex.ch\/wordpress\/?p=17557\">Von C-Gleis, K-Gleis und der Br\u00fcckenfrage: Wenn die Oberwelt komplizierter wird als gedacht<\/a><time datetime=\"2025-12-07T08:18:56+01:00\" class=\"wp-block-latest-posts__post-date\">7. Dezember 2025<\/time><\/li>\n<li><div class=\"wp-block-latest-posts__featured-image alignleft\"><a href=\"https:\/\/www2.waldex.ch\/wordpress\/?p=17654\" aria-label=\"ICE2 MHI Reparatur\"><img loading=\"lazy\" decoding=\"async\" width=\"150\" height=\"150\" src=\"https:\/\/www2.waldex.ch\/wordpress\/wp-content\/uploads\/2025\/12\/img_8798-1-150x150.jpg\" class=\"attachment-thumbnail size-thumbnail wp-post-image\" alt=\"\" style=\"max-width:113px;max-height:113px;\" srcset=\"https:\/\/www2.waldex.ch\/wordpress\/wp-content\/uploads\/2025\/12\/img_8798-1-150x150.jpg 150w, https:\/\/www2.waldex.ch\/wordpress\/wp-content\/uploads\/2025\/12\/img_8798-1-100x100.jpg 100w\" sizes=\"auto, 100vw\" \/><\/a><\/div><a class=\"wp-block-latest-posts__post-title\" href=\"https:\/\/www2.waldex.ch\/wordpress\/?p=17654\">ICE2 MHI Reparatur<\/a><time datetime=\"2025-11-24T20:18:00+01:00\" class=\"wp-block-latest-posts__post-date\">24. November 2025<\/time><\/li>\n<li><div class=\"wp-block-latest-posts__featured-image alignleft\"><a href=\"https:\/\/www2.waldex.ch\/wordpress\/?p=17684\" aria-label=\"Wieder mal etwas Vorbild\u2026\"><img loading=\"lazy\" decoding=\"async\" width=\"150\" height=\"150\" src=\"https:\/\/www2.waldex.ch\/wordpress\/wp-content\/uploads\/2025\/12\/img_8362-150x150.jpg\" class=\"attachment-thumbnail size-thumbnail wp-post-image\" alt=\"\" style=\"max-width:113px;max-height:113px;\" srcset=\"https:\/\/www2.waldex.ch\/wordpress\/wp-content\/uploads\/2025\/12\/img_8362-150x150.jpg 150w, https:\/\/www2.waldex.ch\/wordpress\/wp-content\/uploads\/2025\/12\/img_8362-100x100.jpg 100w\" sizes=\"auto, 100vw\" \/><\/a><\/div><a class=\"wp-block-latest-posts__post-title\" href=\"https:\/\/www2.waldex.ch\/wordpress\/?p=17684\">Wieder mal etwas Vorbild\u2026<\/a><time datetime=\"2025-11-08T20:04:00+01:00\" class=\"wp-block-latest-posts__post-date\">8. November 2025<\/time><\/li>\n<li><div class=\"wp-block-latest-posts__featured-image alignleft\"><a href=\"https:\/\/www2.waldex.ch\/wordpress\/?p=17544\" aria-label=\"Bauen im September \u2013 wenn Waldingen wieder zum Ingenieurb\u00fcro wird\"><img loading=\"lazy\" decoding=\"async\" width=\"150\" height=\"150\" src=\"https:\/\/www2.waldex.ch\/wordpress\/wp-content\/uploads\/2025\/09\/img_6585-1-150x150.jpg\" class=\"attachment-thumbnail size-thumbnail wp-post-image\" alt=\"\" style=\"max-width:113px;max-height:113px;\" srcset=\"https:\/\/www2.waldex.ch\/wordpress\/wp-content\/uploads\/2025\/09\/img_6585-1-150x150.jpg 150w, https:\/\/www2.waldex.ch\/wordpress\/wp-content\/uploads\/2025\/09\/img_6585-1-100x100.jpg 100w\" sizes=\"auto, 100vw\" \/><\/a><\/div><a class=\"wp-block-latest-posts__post-title\" href=\"https:\/\/www2.waldex.ch\/wordpress\/?p=17544\">Bauen im September \u2013 wenn Waldingen wieder zum Ingenieurb\u00fcro wird<\/a><time datetime=\"2025-09-21T19:41:11+01:00\" class=\"wp-block-latest-posts__post-date\">21. September 2025<\/time><\/li>\n<li><div class=\"wp-block-latest-posts__featured-image alignleft\"><a href=\"https:\/\/www2.waldex.ch\/wordpress\/?p=17444\" aria-label=\"Verst\u00e4ndlich: Xrot will im Sp\u00e4tsommer nicht Schneeschleudern\"><img loading=\"lazy\" decoding=\"async\" width=\"150\" height=\"150\" src=\"https:\/\/www2.waldex.ch\/wordpress\/wp-content\/uploads\/2025\/08\/IMG_5931-150x150.jpg\" class=\"attachment-thumbnail size-thumbnail wp-post-image\" alt=\"\" style=\"max-width:113px;max-height:113px;\" srcset=\"https:\/\/www2.waldex.ch\/wordpress\/wp-content\/uploads\/2025\/08\/IMG_5931-150x150.jpg 150w, https:\/\/www2.waldex.ch\/wordpress\/wp-content\/uploads\/2025\/08\/IMG_5931-100x100.jpg 100w\" sizes=\"auto, 100vw\" \/><\/a><\/div><a class=\"wp-block-latest-posts__post-title\" href=\"https:\/\/www2.waldex.ch\/wordpress\/?p=17444\">Verst\u00e4ndlich: Xrot will im Sp\u00e4tsommer nicht Schneeschleudern<\/a><time datetime=\"2025-08-24T13:13:51+01:00\" class=\"wp-block-latest-posts__post-date\">24. August 2025<\/time><\/li>\n<li><div class=\"wp-block-latest-posts__featured-image alignleft\"><a href=\"https:\/\/www2.waldex.ch\/wordpress\/?p=17460\" aria-label=\"Endlich! H\u00e4user im Garten!\"><img loading=\"lazy\" decoding=\"async\" width=\"150\" height=\"150\" src=\"https:\/\/www2.waldex.ch\/wordpress\/wp-content\/uploads\/2025\/08\/IMG_5894-150x150.jpg\" class=\"attachment-thumbnail size-thumbnail wp-post-image\" alt=\"\" style=\"max-width:113px;max-height:113px;\" srcset=\"https:\/\/www2.waldex.ch\/wordpress\/wp-content\/uploads\/2025\/08\/IMG_5894-150x150.jpg 150w, https:\/\/www2.waldex.ch\/wordpress\/wp-content\/uploads\/2025\/08\/IMG_5894-100x100.jpg 100w\" sizes=\"auto, 100vw\" \/><\/a><\/div><a class=\"wp-block-latest-posts__post-title\" href=\"https:\/\/www2.waldex.ch\/wordpress\/?p=17460\">Endlich! H\u00e4user im Garten!<\/a><time datetime=\"2025-08-17T18:16:00+01:00\" class=\"wp-block-latest-posts__post-date\">17. August 2025<\/time><\/li>\n<li><div class=\"wp-block-latest-posts__featured-image alignleft\"><a href=\"https:\/\/www2.waldex.ch\/wordpress\/?p=17492\" aria-label=\"Retro: Legobahn aus den 80ern!\"><img loading=\"lazy\" decoding=\"async\" width=\"150\" height=\"150\" src=\"https:\/\/www2.waldex.ch\/wordpress\/wp-content\/uploads\/2025\/08\/IMG_5111-150x150.jpg\" class=\"attachment-thumbnail size-thumbnail wp-post-image\" alt=\"\" style=\"max-width:113px;max-height:113px;\" srcset=\"https:\/\/www2.waldex.ch\/wordpress\/wp-content\/uploads\/2025\/08\/IMG_5111-150x150.jpg 150w, https:\/\/www2.waldex.ch\/wordpress\/wp-content\/uploads\/2025\/08\/IMG_5111-100x100.jpg 100w\" sizes=\"auto, 100vw\" \/><\/a><\/div><a class=\"wp-block-latest-posts__post-title\" href=\"https:\/\/www2.waldex.ch\/wordpress\/?p=17492\">Retro: Legobahn aus den 80ern!<\/a><time datetime=\"2025-08-07T14:47:15+01:00\" class=\"wp-block-latest-posts__post-date\">7. August 2025<\/time><\/li>\n<li><div class=\"wp-block-latest-posts__featured-image alignleft\"><a href=\"https:\/\/www2.waldex.ch\/wordpress\/?p=17311\" aria-label=\"Landschafsbau: Bau einer kurzen Landstrasse am Stadtrand\"><img loading=\"lazy\" decoding=\"async\" width=\"150\" height=\"150\" src=\"https:\/\/www2.waldex.ch\/wordpress\/wp-content\/uploads\/2025\/08\/IMG_4240-150x150.jpg\" class=\"attachment-thumbnail size-thumbnail wp-post-image\" alt=\"\" style=\"max-width:113px;max-height:113px;\" srcset=\"https:\/\/www2.waldex.ch\/wordpress\/wp-content\/uploads\/2025\/08\/IMG_4240-150x150.jpg 150w, https:\/\/www2.waldex.ch\/wordpress\/wp-content\/uploads\/2025\/08\/IMG_4240-100x100.jpg 100w\" sizes=\"auto, 100vw\" \/><\/a><\/div><a class=\"wp-block-latest-posts__post-title\" href=\"https:\/\/www2.waldex.ch\/wordpress\/?p=17311\">Landschafsbau: Bau einer kurzen Landstrasse am Stadtrand<\/a><time datetime=\"2025-06-17T21:33:00+01:00\" class=\"wp-block-latest-posts__post-date\">17. Juni 2025<\/time><\/li>\n<li><div class=\"wp-block-latest-posts__featured-image alignleft\"><a href=\"https:\/\/www2.waldex.ch\/wordpress\/?p=17394\" aria-label=\"Wiedermal das Vorbild angeschaut :-)\"><img loading=\"lazy\" decoding=\"async\" width=\"150\" height=\"150\" src=\"https:\/\/www2.waldex.ch\/wordpress\/wp-content\/uploads\/2025\/08\/IMG_2984-150x150.jpg\" class=\"attachment-thumbnail size-thumbnail wp-post-image\" alt=\"\" style=\"max-width:113px;max-height:113px;\" srcset=\"https:\/\/www2.waldex.ch\/wordpress\/wp-content\/uploads\/2025\/08\/IMG_2984-150x150.jpg 150w, https:\/\/www2.waldex.ch\/wordpress\/wp-content\/uploads\/2025\/08\/IMG_2984-100x100.jpg 100w\" sizes=\"auto, 100vw\" \/><\/a><\/div><a class=\"wp-block-latest-posts__post-title\" href=\"https:\/\/www2.waldex.ch\/wordpress\/?p=17394\">Wiedermal das Vorbild angeschaut \ud83d\ude42<\/a><time datetime=\"2025-05-12T12:31:00+01:00\" class=\"wp-block-latest-posts__post-date\">12. Mai 2025<\/time><\/li>\n<li><div class=\"wp-block-latest-posts__featured-image alignleft\"><a href=\"https:\/\/www2.waldex.ch\/wordpress\/?p=17264\" aria-label=\"&#8230;und wiedermal am Rollmaterial geflickt&#8230;.\"><img loading=\"lazy\" decoding=\"async\" width=\"150\" height=\"150\" src=\"https:\/\/www2.waldex.ch\/wordpress\/wp-content\/uploads\/2025\/08\/IMG_2207-150x150.jpg\" class=\"attachment-thumbnail size-thumbnail wp-post-image\" alt=\"\" style=\"max-width:113px;max-height:113px;\" srcset=\"https:\/\/www2.waldex.ch\/wordpress\/wp-content\/uploads\/2025\/08\/IMG_2207-150x150.jpg 150w, https:\/\/www2.waldex.ch\/wordpress\/wp-content\/uploads\/2025\/08\/IMG_2207-100x100.jpg 100w\" sizes=\"auto, 100vw\" \/><\/a><\/div><a class=\"wp-block-latest-posts__post-title\" href=\"https:\/\/www2.waldex.ch\/wordpress\/?p=17264\">&#8230;und wiedermal am Rollmaterial geflickt&#8230;.<\/a><time datetime=\"2025-03-02T08:57:00+01:00\" class=\"wp-block-latest-posts__post-date\">2. M\u00e4rz 2025<\/time><\/li>\n<li><div class=\"wp-block-latest-posts__featured-image alignleft\"><a href=\"https:\/\/www2.waldex.ch\/wordpress\/?p=17143\" aria-label=\"Alter Fiddle Yard mit neuer Zufahrt (Gleisdreieck und Klappbr\u00fccke)\"><img loading=\"lazy\" decoding=\"async\" width=\"150\" height=\"150\" src=\"https:\/\/www2.waldex.ch\/wordpress\/wp-content\/uploads\/2025\/08\/IMG_1847-150x150.jpg\" class=\"attachment-thumbnail size-thumbnail wp-post-image\" alt=\"\" style=\"max-width:113px;max-height:113px;\" srcset=\"https:\/\/www2.waldex.ch\/wordpress\/wp-content\/uploads\/2025\/08\/IMG_1847-150x150.jpg 150w, https:\/\/www2.waldex.ch\/wordpress\/wp-content\/uploads\/2025\/08\/IMG_1847-100x100.jpg 100w\" sizes=\"auto, 100vw\" \/><\/a><\/div><a class=\"wp-block-latest-posts__post-title\" href=\"https:\/\/www2.waldex.ch\/wordpress\/?p=17143\">Alter Fiddle Yard mit neuer Zufahrt (Gleisdreieck und Klappbr\u00fccke)<\/a><time datetime=\"2025-02-02T10:19:30+01:00\" class=\"wp-block-latest-posts__post-date\">2. Februar 2025<\/time><\/li>\n<li><div class=\"wp-block-latest-posts__featured-image alignleft\"><a href=\"https:\/\/www2.waldex.ch\/wordpress\/?p=17181\" aria-label=\"Faller Car System\"><img loading=\"lazy\" decoding=\"async\" width=\"150\" height=\"150\" src=\"https:\/\/www2.waldex.ch\/wordpress\/wp-content\/uploads\/2025\/02\/fcs11-150x150.jpg\" class=\"attachment-thumbnail size-thumbnail wp-post-image\" alt=\"\" style=\"max-width:113px;max-height:113px;\" srcset=\"https:\/\/www2.waldex.ch\/wordpress\/wp-content\/uploads\/2025\/02\/fcs11-150x150.jpg 150w, https:\/\/www2.waldex.ch\/wordpress\/wp-content\/uploads\/2025\/02\/fcs11-100x100.jpg 100w\" sizes=\"auto, 100vw\" \/><\/a><\/div><a class=\"wp-block-latest-posts__post-title\" href=\"https:\/\/www2.waldex.ch\/wordpress\/?p=17181\">Faller Car System<\/a><time datetime=\"2024-12-02T11:09:00+01:00\" class=\"wp-block-latest-posts__post-date\">2. Dezember 2024<\/time><\/li>\n<li><div class=\"wp-block-latest-posts__featured-image alignleft\"><a href=\"https:\/\/www2.waldex.ch\/wordpress\/?p=17066\" aria-label=\"Sp\u00e4therbst im Garten\"><img loading=\"lazy\" decoding=\"async\" width=\"150\" height=\"150\" src=\"https:\/\/www2.waldex.ch\/wordpress\/wp-content\/uploads\/2024\/11\/img_9513-1-150x150.jpg\" class=\"attachment-thumbnail size-thumbnail wp-post-image\" alt=\"\" style=\"max-width:113px;max-height:113px;\" srcset=\"https:\/\/www2.waldex.ch\/wordpress\/wp-content\/uploads\/2024\/11\/img_9513-1-150x150.jpg 150w, https:\/\/www2.waldex.ch\/wordpress\/wp-content\/uploads\/2024\/11\/img_9513-1-100x100.jpg 100w\" sizes=\"auto, 100vw\" \/><\/a><\/div><a class=\"wp-block-latest-posts__post-title\" href=\"https:\/\/www2.waldex.ch\/wordpress\/?p=17066\">Sp\u00e4therbst im Garten<\/a><time datetime=\"2024-11-17T20:00:00+01:00\" class=\"wp-block-latest-posts__post-date\">17. November 2024<\/time><\/li>\n<li><div class=\"wp-block-latest-posts__featured-image alignleft\"><a href=\"https:\/\/www2.waldex.ch\/wordpress\/?p=17023\" aria-label=\"Segmente werden jetzt im Bastelraum weitergebaut\"><img loading=\"lazy\" decoding=\"async\" width=\"150\" height=\"150\" src=\"https:\/\/www2.waldex.ch\/wordpress\/wp-content\/uploads\/2024\/11\/img_9375-2-1-150x150.jpg\" class=\"attachment-thumbnail size-thumbnail wp-post-image\" alt=\"\" style=\"max-width:113px;max-height:113px;\" srcset=\"https:\/\/www2.waldex.ch\/wordpress\/wp-content\/uploads\/2024\/11\/img_9375-2-1-150x150.jpg 150w, https:\/\/www2.waldex.ch\/wordpress\/wp-content\/uploads\/2024\/11\/img_9375-2-1-100x100.jpg 100w\" sizes=\"auto, 100vw\" \/><\/a><\/div><a class=\"wp-block-latest-posts__post-title\" href=\"https:\/\/www2.waldex.ch\/wordpress\/?p=17023\">Segmente werden jetzt im Bastelraum weitergebaut<\/a><time datetime=\"2024-11-08T22:05:29+01:00\" class=\"wp-block-latest-posts__post-date\">8. November 2024<\/time><\/li>\n<li><div class=\"wp-block-latest-posts__featured-image alignleft\"><a href=\"https:\/\/www2.waldex.ch\/wordpress\/?p=16379\" aria-label=\"Juni-August 2024: Daheim bauen\"><img loading=\"lazy\" decoding=\"async\" width=\"150\" height=\"150\" src=\"https:\/\/www2.waldex.ch\/wordpress\/wp-content\/uploads\/2024\/08\/nggallery_import\/IMG_6185-150x150.jpg\" class=\"attachment-thumbnail size-thumbnail wp-post-image\" alt=\"\" style=\"max-width:113px;max-height:113px;\" srcset=\"https:\/\/www2.waldex.ch\/wordpress\/wp-content\/uploads\/2024\/08\/nggallery_import\/IMG_6185-150x150.jpg 150w, https:\/\/www2.waldex.ch\/wordpress\/wp-content\/uploads\/2024\/08\/nggallery_import\/IMG_6185-100x100.jpg 100w\" sizes=\"auto, 100vw\" \/><\/a><\/div><a class=\"wp-block-latest-posts__post-title\" href=\"https:\/\/www2.waldex.ch\/wordpress\/?p=16379\">Juni-August 2024: Daheim bauen<\/a><time datetime=\"2024-08-16T16:33:51+01:00\" class=\"wp-block-latest-posts__post-date\">16. August 2024<\/time><\/li>\n<li><div class=\"wp-block-latest-posts__featured-image alignleft\"><a href=\"https:\/\/www2.waldex.ch\/wordpress\/?p=16142\" aria-label=\"Besuch bei Faller in G\u00fctenbach\"><img loading=\"lazy\" decoding=\"async\" width=\"150\" height=\"150\" src=\"https:\/\/www2.waldex.ch\/wordpress\/wp-content\/uploads\/2024\/08\/nggallery_import\/IMG_6065-150x150.jpg\" class=\"attachment-thumbnail size-thumbnail wp-post-image\" alt=\"\" style=\"max-width:113px;max-height:113px;\" srcset=\"https:\/\/www2.waldex.ch\/wordpress\/wp-content\/uploads\/2024\/08\/nggallery_import\/IMG_6065-150x150.jpg 150w, https:\/\/www2.waldex.ch\/wordpress\/wp-content\/uploads\/2024\/08\/nggallery_import\/IMG_6065-100x100.jpg 100w\" sizes=\"auto, 100vw\" \/><\/a><\/div><a class=\"wp-block-latest-posts__post-title\" href=\"https:\/\/www2.waldex.ch\/wordpress\/?p=16142\">Besuch bei Faller in G\u00fctenbach<\/a><time datetime=\"2024-08-08T15:22:03+01:00\" class=\"wp-block-latest-posts__post-date\">8. August 2024<\/time><\/li>\n<li><div class=\"wp-block-latest-posts__featured-image alignleft\"><a href=\"https:\/\/www2.waldex.ch\/wordpress\/?p=15746\" aria-label=\"Besuch im Traumwerk von Hans-Peter Porsche\"><img loading=\"lazy\" decoding=\"async\" width=\"150\" height=\"150\" src=\"https:\/\/www2.waldex.ch\/wordpress\/wp-content\/uploads\/2024\/08\/nggallery_import\/IMG_5644-150x150.jpg\" class=\"attachment-thumbnail size-thumbnail wp-post-image\" alt=\"\" style=\"max-width:113px;max-height:113px;\" srcset=\"https:\/\/www2.waldex.ch\/wordpress\/wp-content\/uploads\/2024\/08\/nggallery_import\/IMG_5644-150x150.jpg 150w, https:\/\/www2.waldex.ch\/wordpress\/wp-content\/uploads\/2024\/08\/nggallery_import\/IMG_5644-100x100.jpg 100w\" sizes=\"auto, 100vw\" \/><\/a><\/div><a class=\"wp-block-latest-posts__post-title\" href=\"https:\/\/www2.waldex.ch\/wordpress\/?p=15746\">Besuch im Traumwerk von Hans-Peter Porsche<\/a><time datetime=\"2024-08-02T14:57:03+01:00\" class=\"wp-block-latest-posts__post-date\">2. August 2024<\/time><\/li>\n<li><div class=\"wp-block-latest-posts__featured-image alignleft\"><a href=\"https:\/\/www2.waldex.ch\/wordpress\/?p=16666\" aria-label=\"20.07.2024: Glacier Express!\"><img loading=\"lazy\" decoding=\"async\" width=\"150\" height=\"150\" src=\"https:\/\/www2.waldex.ch\/wordpress\/wp-content\/uploads\/2024\/08\/nggallery_import\/IMG_5126-150x150.jpg\" class=\"attachment-thumbnail size-thumbnail wp-post-image\" alt=\"\" style=\"max-width:113px;max-height:113px;\" srcset=\"https:\/\/www2.waldex.ch\/wordpress\/wp-content\/uploads\/2024\/08\/nggallery_import\/IMG_5126-150x150.jpg 150w, https:\/\/www2.waldex.ch\/wordpress\/wp-content\/uploads\/2024\/08\/nggallery_import\/IMG_5126-100x100.jpg 100w\" sizes=\"auto, 100vw\" \/><\/a><\/div><a class=\"wp-block-latest-posts__post-title\" href=\"https:\/\/www2.waldex.ch\/wordpress\/?p=16666\">20.07.2024: Glacier Express!<\/a><time datetime=\"2024-07-21T16:46:28+01:00\" class=\"wp-block-latest-posts__post-date\">21. Juli 2024<\/time><\/li>\n<li><div class=\"wp-block-latest-posts__featured-image alignleft\"><a href=\"https:\/\/www2.waldex.ch\/wordpress\/?p=16303\" aria-label=\"Besuch im Technorama: Sammlung Dr. Bommer\"><img loading=\"lazy\" decoding=\"async\" width=\"150\" height=\"150\" src=\"https:\/\/www2.waldex.ch\/wordpress\/wp-content\/uploads\/2024\/08\/nggallery_import\/IMG_4783-150x150.jpg\" class=\"attachment-thumbnail size-thumbnail wp-post-image\" alt=\"\" style=\"max-width:113px;max-height:113px;\" srcset=\"https:\/\/www2.waldex.ch\/wordpress\/wp-content\/uploads\/2024\/08\/nggallery_import\/IMG_4783-150x150.jpg 150w, https:\/\/www2.waldex.ch\/wordpress\/wp-content\/uploads\/2024\/08\/nggallery_import\/IMG_4783-100x100.jpg 100w\" sizes=\"auto, 100vw\" \/><\/a><\/div><a class=\"wp-block-latest-posts__post-title\" href=\"https:\/\/www2.waldex.ch\/wordpress\/?p=16303\">Besuch im Technorama: Sammlung Dr. Bommer<\/a><time datetime=\"2024-07-07T15:55:00+01:00\" class=\"wp-block-latest-posts__post-date\">7. Juli 2024<\/time><\/li>\n<li><div class=\"wp-block-latest-posts__featured-image alignleft\"><a href=\"https:\/\/www2.waldex.ch\/wordpress\/?p=16236\" aria-label=\"Dampfbahn Sursee-Triengen\"><img loading=\"lazy\" decoding=\"async\" width=\"150\" height=\"150\" src=\"https:\/\/www2.waldex.ch\/wordpress\/wp-content\/uploads\/2024\/08\/nggallery_import\/IMG_3943-150x150.jpg\" class=\"attachment-thumbnail size-thumbnail wp-post-image\" alt=\"\" style=\"max-width:113px;max-height:113px;\" srcset=\"https:\/\/www2.waldex.ch\/wordpress\/wp-content\/uploads\/2024\/08\/nggallery_import\/IMG_3943-150x150.jpg 150w, https:\/\/www2.waldex.ch\/wordpress\/wp-content\/uploads\/2024\/08\/nggallery_import\/IMG_3943-100x100.jpg 100w\" sizes=\"auto, 100vw\" \/><\/a><\/div><a class=\"wp-block-latest-posts__post-title\" href=\"https:\/\/www2.waldex.ch\/wordpress\/?p=16236\">Dampfbahn Sursee-Triengen<\/a><time datetime=\"2024-05-26T15:53:00+01:00\" class=\"wp-block-latest-posts__post-date\">26. Mai 2024<\/time><\/li>\n<li><div class=\"wp-block-latest-posts__featured-image alignleft\"><a href=\"https:\/\/www2.waldex.ch\/wordpress\/?p=16345\" aria-label=\"Endlich gefunden &#8211; z.T. Gebraucht gekauft: Faller Street System!\"><img loading=\"lazy\" decoding=\"async\" width=\"150\" height=\"150\" src=\"https:\/\/www2.waldex.ch\/wordpress\/wp-content\/uploads\/2024\/08\/nggallery_import\/1_IMG_3475-150x150.jpg\" class=\"attachment-thumbnail size-thumbnail wp-post-image\" alt=\"\" style=\"max-width:113px;max-height:113px;\" srcset=\"https:\/\/www2.waldex.ch\/wordpress\/wp-content\/uploads\/2024\/08\/nggallery_import\/1_IMG_3475-150x150.jpg 150w, https:\/\/www2.waldex.ch\/wordpress\/wp-content\/uploads\/2024\/08\/nggallery_import\/1_IMG_3475-100x100.jpg 100w\" sizes=\"auto, 100vw\" \/><\/a><\/div><a class=\"wp-block-latest-posts__post-title\" href=\"https:\/\/www2.waldex.ch\/wordpress\/?p=16345\">Endlich gefunden &#8211; z.T. Gebraucht gekauft: Faller Street System!<\/a><time datetime=\"2024-05-16T16:13:00+01:00\" class=\"wp-block-latest-posts__post-date\">16. Mai 2024<\/time><\/li>\n<li><div class=\"wp-block-latest-posts__featured-image alignleft\"><a href=\"https:\/\/www2.waldex.ch\/wordpress\/?p=16478\" aria-label=\"M\u00e4rz\/April 2024:  Daheim bauen\"><img loading=\"lazy\" decoding=\"async\" width=\"150\" height=\"150\" src=\"https:\/\/www2.waldex.ch\/wordpress\/wp-content\/uploads\/2024\/08\/nggallery_import\/IMG_3190-150x150.jpg\" class=\"attachment-thumbnail size-thumbnail wp-post-image\" alt=\"\" style=\"max-width:113px;max-height:113px;\" srcset=\"https:\/\/www2.waldex.ch\/wordpress\/wp-content\/uploads\/2024\/08\/nggallery_import\/IMG_3190-150x150.jpg 150w, https:\/\/www2.waldex.ch\/wordpress\/wp-content\/uploads\/2024\/08\/nggallery_import\/IMG_3190-100x100.jpg 100w\" sizes=\"auto, 100vw\" \/><\/a><\/div><a class=\"wp-block-latest-posts__post-title\" href=\"https:\/\/www2.waldex.ch\/wordpress\/?p=16478\">M\u00e4rz\/April 2024:  Daheim bauen<\/a><time datetime=\"2024-04-30T16:36:00+01:00\" class=\"wp-block-latest-posts__post-date\">30. April 2024<\/time><\/li>\n<li><div class=\"wp-block-latest-posts__featured-image alignleft\"><a href=\"https:\/\/www2.waldex.ch\/wordpress\/?p=15413\" aria-label=\"\u00d6ffnung von Trassen: Car system nicht nur f\u00fcr Faller\"><img loading=\"lazy\" decoding=\"async\" width=\"150\" height=\"150\" src=\"https:\/\/www2.waldex.ch\/wordpress\/wp-content\/uploads\/2024\/03\/img_2283-150x150.jpg\" class=\"attachment-thumbnail size-thumbnail wp-post-image\" alt=\"\" style=\"max-width:113px;max-height:113px;\" srcset=\"https:\/\/www2.waldex.ch\/wordpress\/wp-content\/uploads\/2024\/03\/img_2283-150x150.jpg 150w, https:\/\/www2.waldex.ch\/wordpress\/wp-content\/uploads\/2024\/03\/img_2283-100x100.jpg 100w\" sizes=\"auto, 100vw\" \/><\/a><\/div><a class=\"wp-block-latest-posts__post-title\" href=\"https:\/\/www2.waldex.ch\/wordpress\/?p=15413\">\u00d6ffnung von Trassen: Car system nicht nur f\u00fcr Faller<\/a><time datetime=\"2024-03-10T09:23:53+01:00\" class=\"wp-block-latest-posts__post-date\">10. M\u00e4rz 2024<\/time><\/li>\n<li><div class=\"wp-block-latest-posts__featured-image alignleft\"><a href=\"https:\/\/www2.waldex.ch\/wordpress\/?p=15368\" aria-label=\"Weniger holpern!\"><img loading=\"lazy\" decoding=\"async\" width=\"150\" height=\"150\" src=\"https:\/\/www2.waldex.ch\/wordpress\/wp-content\/uploads\/2024\/02\/img_1509-1-150x150.jpg\" class=\"attachment-thumbnail size-thumbnail wp-post-image\" alt=\"\" style=\"max-width:113px;max-height:113px;\" srcset=\"https:\/\/www2.waldex.ch\/wordpress\/wp-content\/uploads\/2024\/02\/img_1509-1-150x150.jpg 150w, https:\/\/www2.waldex.ch\/wordpress\/wp-content\/uploads\/2024\/02\/img_1509-1-100x100.jpg 100w\" sizes=\"auto, 100vw\" \/><\/a><\/div><a class=\"wp-block-latest-posts__post-title\" href=\"https:\/\/www2.waldex.ch\/wordpress\/?p=15368\">Weniger holpern!<\/a><time datetime=\"2024-02-13T12:46:16+01:00\" class=\"wp-block-latest-posts__post-date\">13. Februar 2024<\/time><\/li>\n<li><div class=\"wp-block-latest-posts__featured-image alignleft\"><a href=\"https:\/\/www2.waldex.ch\/wordpress\/?p=15343\" aria-label=\"Die einmalige Kollektion ist da!\"><img loading=\"lazy\" decoding=\"async\" width=\"150\" height=\"150\" src=\"https:\/\/www2.waldex.ch\/wordpress\/wp-content\/uploads\/2024\/02\/img_1161-150x150.jpg\" class=\"attachment-thumbnail size-thumbnail wp-post-image\" alt=\"\" style=\"max-width:113px;max-height:113px;\" srcset=\"https:\/\/www2.waldex.ch\/wordpress\/wp-content\/uploads\/2024\/02\/img_1161-150x150.jpg 150w, https:\/\/www2.waldex.ch\/wordpress\/wp-content\/uploads\/2024\/02\/img_1161-100x100.jpg 100w\" sizes=\"auto, 100vw\" \/><\/a><\/div><a class=\"wp-block-latest-posts__post-title\" href=\"https:\/\/www2.waldex.ch\/wordpress\/?p=15343\">Die einmalige Kollektion ist da!<\/a><time datetime=\"2024-02-01T20:30:40+01:00\" class=\"wp-block-latest-posts__post-date\">1. Februar 2024<\/time><\/li>\n<li><div class=\"wp-block-latest-posts__featured-image alignleft\"><a href=\"https:\/\/www2.waldex.ch\/wordpress\/?p=15334\" aria-label=\"Weichen sind so ein Thema..\"><img loading=\"lazy\" decoding=\"async\" width=\"150\" height=\"150\" src=\"https:\/\/www2.waldex.ch\/wordpress\/wp-content\/uploads\/2024\/02\/Weichen-150x150.png\" class=\"attachment-thumbnail size-thumbnail wp-post-image\" alt=\"\" style=\"max-width:113px;max-height:113px;\" srcset=\"https:\/\/www2.waldex.ch\/wordpress\/wp-content\/uploads\/2024\/02\/Weichen-150x150.png 150w, https:\/\/www2.waldex.ch\/wordpress\/wp-content\/uploads\/2024\/02\/Weichen-100x100.png 100w\" sizes=\"auto, 100vw\" \/><\/a><\/div><a class=\"wp-block-latest-posts__post-title\" href=\"https:\/\/www2.waldex.ch\/wordpress\/?p=15334\">Weichen sind so ein Thema..<\/a><time datetime=\"2024-02-01T20:24:24+01:00\" class=\"wp-block-latest-posts__post-date\">1. Februar 2024<\/time><\/li>\n<li><div class=\"wp-block-latest-posts__featured-image alignleft\"><a href=\"https:\/\/www2.waldex.ch\/wordpress\/?p=15323\" aria-label=\"Danke, liebe Faller!!\"><img loading=\"lazy\" decoding=\"async\" width=\"150\" height=\"150\" src=\"https:\/\/www2.waldex.ch\/wordpress\/wp-content\/uploads\/2024\/01\/image-3-1-150x150.jpg\" class=\"attachment-thumbnail size-thumbnail wp-post-image\" alt=\"\" style=\"max-width:113px;max-height:113px;\" srcset=\"https:\/\/www2.waldex.ch\/wordpress\/wp-content\/uploads\/2024\/01\/image-3-1-150x150.jpg 150w, https:\/\/www2.waldex.ch\/wordpress\/wp-content\/uploads\/2024\/01\/image-3-1-100x100.jpg 100w\" sizes=\"auto, 100vw\" \/><\/a><\/div><a class=\"wp-block-latest-posts__post-title\" href=\"https:\/\/www2.waldex.ch\/wordpress\/?p=15323\">Danke, liebe Faller!!<\/a><time datetime=\"2024-01-29T22:06:07+01:00\" class=\"wp-block-latest-posts__post-date\">29. Januar 2024<\/time><\/li>\n<li><div class=\"wp-block-latest-posts__featured-image alignleft\"><a href=\"https:\/\/www2.waldex.ch\/wordpress\/?p=15310\" aria-label=\"Wieder einmal Kabeln. Aber wohin?\"><img loading=\"lazy\" decoding=\"async\" width=\"150\" height=\"150\" src=\"https:\/\/www2.waldex.ch\/wordpress\/wp-content\/uploads\/2024\/01\/img_1152-1-150x150.jpg\" class=\"attachment-thumbnail size-thumbnail wp-post-image\" alt=\"\" style=\"max-width:113px;max-height:113px;\" srcset=\"https:\/\/www2.waldex.ch\/wordpress\/wp-content\/uploads\/2024\/01\/img_1152-1-150x150.jpg 150w, https:\/\/www2.waldex.ch\/wordpress\/wp-content\/uploads\/2024\/01\/img_1152-1-100x100.jpg 100w\" sizes=\"auto, 100vw\" \/><\/a><\/div><a class=\"wp-block-latest-posts__post-title\" href=\"https:\/\/www2.waldex.ch\/wordpress\/?p=15310\">Wieder einmal Kabeln. Aber wohin?<\/a><time datetime=\"2024-01-29T21:43:04+01:00\" class=\"wp-block-latest-posts__post-date\">29. Januar 2024<\/time><\/li>\n<li><div class=\"wp-block-latest-posts__featured-image alignleft\"><a href=\"https:\/\/www2.waldex.ch\/wordpress\/?p=15292\" aria-label=\"Diesellok im Garten!\"><img loading=\"lazy\" decoding=\"async\" width=\"150\" height=\"150\" src=\"https:\/\/www2.waldex.ch\/wordpress\/wp-content\/uploads\/2024\/01\/img_1075-150x150.jpg\" class=\"attachment-thumbnail size-thumbnail wp-post-image\" alt=\"\" style=\"max-width:113px;max-height:113px;\" srcset=\"https:\/\/www2.waldex.ch\/wordpress\/wp-content\/uploads\/2024\/01\/img_1075-150x150.jpg 150w, https:\/\/www2.waldex.ch\/wordpress\/wp-content\/uploads\/2024\/01\/img_1075-100x100.jpg 100w\" sizes=\"auto, 100vw\" \/><\/a><\/div><a class=\"wp-block-latest-posts__post-title\" href=\"https:\/\/www2.waldex.ch\/wordpress\/?p=15292\">Diesellok im Garten!<\/a><time datetime=\"2024-01-27T20:42:07+01:00\" class=\"wp-block-latest-posts__post-date\">27. Januar 2024<\/time><\/li>\n<li><div class=\"wp-block-latest-posts__featured-image alignleft\"><a href=\"https:\/\/www2.waldex.ch\/wordpress\/?p=15266\" aria-label=\"Manchmal muss man in den lieben Herstellern etwas nachhelfen&#8230;\"><img loading=\"lazy\" decoding=\"async\" width=\"150\" height=\"150\" src=\"https:\/\/www2.waldex.ch\/wordpress\/wp-content\/uploads\/2024\/01\/img_1119-150x150.jpg\" class=\"attachment-thumbnail size-thumbnail wp-post-image\" alt=\"\" style=\"max-width:113px;max-height:113px;\" srcset=\"https:\/\/www2.waldex.ch\/wordpress\/wp-content\/uploads\/2024\/01\/img_1119-150x150.jpg 150w, https:\/\/www2.waldex.ch\/wordpress\/wp-content\/uploads\/2024\/01\/img_1119-100x100.jpg 100w\" sizes=\"auto, 100vw\" \/><\/a><\/div><a class=\"wp-block-latest-posts__post-title\" href=\"https:\/\/www2.waldex.ch\/wordpress\/?p=15266\">Manchmal muss man in den lieben Herstellern etwas nachhelfen&#8230;<\/a><time datetime=\"2024-01-27T20:07:52+01:00\" class=\"wp-block-latest-posts__post-date\">27. Januar 2024<\/time><\/li>\n<li><div class=\"wp-block-latest-posts__featured-image alignleft\"><a href=\"https:\/\/www2.waldex.ch\/wordpress\/?p=15180\" aria-label=\"Skigebiet mal mit Ausschm\u00fcckung\"><img loading=\"lazy\" decoding=\"async\" width=\"150\" height=\"150\" src=\"https:\/\/www2.waldex.ch\/wordpress\/wp-content\/uploads\/2024\/01\/img_0935-150x150.jpg\" class=\"attachment-thumbnail size-thumbnail wp-post-image\" alt=\"\" style=\"max-width:113px;max-height:113px;\" srcset=\"https:\/\/www2.waldex.ch\/wordpress\/wp-content\/uploads\/2024\/01\/img_0935-150x150.jpg 150w, https:\/\/www2.waldex.ch\/wordpress\/wp-content\/uploads\/2024\/01\/img_0935-100x100.jpg 100w\" sizes=\"auto, 100vw\" \/><\/a><\/div><a class=\"wp-block-latest-posts__post-title\" href=\"https:\/\/www2.waldex.ch\/wordpress\/?p=15180\">Skigebiet mal mit Ausschm\u00fcckung<\/a><time datetime=\"2024-01-21T09:19:00+01:00\" class=\"wp-block-latest-posts__post-date\">21. Januar 2024<\/time><\/li>\n<li><div class=\"wp-block-latest-posts__featured-image alignleft\"><a href=\"https:\/\/www2.waldex.ch\/wordpress\/?p=15194\" aria-label=\"20.02.2024 1. (Bisschen)Schneefahrt im Garten\"><img loading=\"lazy\" decoding=\"async\" width=\"150\" height=\"150\" src=\"https:\/\/www2.waldex.ch\/wordpress\/wp-content\/uploads\/2024\/01\/img_0958-150x150.jpg\" class=\"attachment-thumbnail size-thumbnail wp-post-image\" alt=\"\" style=\"max-width:113px;max-height:113px;\" srcset=\"https:\/\/www2.waldex.ch\/wordpress\/wp-content\/uploads\/2024\/01\/img_0958-150x150.jpg 150w, https:\/\/www2.waldex.ch\/wordpress\/wp-content\/uploads\/2024\/01\/img_0958-100x100.jpg 100w\" sizes=\"auto, 100vw\" \/><\/a><\/div><a class=\"wp-block-latest-posts__post-title\" href=\"https:\/\/www2.waldex.ch\/wordpress\/?p=15194\">20.02.2024 1. (Bisschen)Schneefahrt im Garten<\/a><time datetime=\"2024-01-20T17:45:35+01:00\" class=\"wp-block-latest-posts__post-date\">20. Januar 2024<\/time><\/li>\n<li><div class=\"wp-block-latest-posts__featured-image alignleft\"><a href=\"https:\/\/www2.waldex.ch\/wordpress\/?p=15117\" aria-label=\"Mal nen paar CarSystem-Sensoren auf dem Segment 2 verbaut&#8230;\"><img loading=\"lazy\" decoding=\"async\" width=\"150\" height=\"150\" src=\"https:\/\/www2.waldex.ch\/wordpress\/wp-content\/uploads\/2024\/01\/img_0877-1-150x150.jpg\" class=\"attachment-thumbnail size-thumbnail wp-post-image\" alt=\"\" style=\"max-width:113px;max-height:113px;\" srcset=\"https:\/\/www2.waldex.ch\/wordpress\/wp-content\/uploads\/2024\/01\/img_0877-1-150x150.jpg 150w, https:\/\/www2.waldex.ch\/wordpress\/wp-content\/uploads\/2024\/01\/img_0877-1-100x100.jpg 100w\" sizes=\"auto, 100vw\" \/><\/a><\/div><a class=\"wp-block-latest-posts__post-title\" href=\"https:\/\/www2.waldex.ch\/wordpress\/?p=15117\">Mal nen paar CarSystem-Sensoren auf dem Segment 2 verbaut&#8230;<\/a><time datetime=\"2024-01-15T22:05:58+01:00\" class=\"wp-block-latest-posts__post-date\">15. Januar 2024<\/time><\/li>\n<li><div class=\"wp-block-latest-posts__featured-image alignleft\"><a href=\"https:\/\/www2.waldex.ch\/wordpress\/?p=15018\" aria-label=\"Es ist ja Saison + Notrettung\"><img loading=\"lazy\" decoding=\"async\" width=\"150\" height=\"150\" src=\"https:\/\/www2.waldex.ch\/wordpress\/wp-content\/uploads\/2024\/01\/img_0693-150x150.jpg\" class=\"attachment-thumbnail size-thumbnail wp-post-image\" alt=\"\" style=\"max-width:113px;max-height:113px;\" srcset=\"https:\/\/www2.waldex.ch\/wordpress\/wp-content\/uploads\/2024\/01\/img_0693-150x150.jpg 150w, https:\/\/www2.waldex.ch\/wordpress\/wp-content\/uploads\/2024\/01\/img_0693-100x100.jpg 100w\" sizes=\"auto, 100vw\" \/><\/a><\/div><a class=\"wp-block-latest-posts__post-title\" href=\"https:\/\/www2.waldex.ch\/wordpress\/?p=15018\">Es ist ja Saison + Notrettung<\/a><time datetime=\"2024-01-02T21:34:57+01:00\" class=\"wp-block-latest-posts__post-date\">2. Januar 2024<\/time><\/li>\n<li><div class=\"wp-block-latest-posts__featured-image alignleft\"><a href=\"https:\/\/www2.waldex.ch\/wordpress\/?p=6446\" aria-label=\"Lokf\u00fchrerstand: ProfiControl gereinigt! Dem Hersteller sei Dank!\"><img loading=\"lazy\" decoding=\"async\" width=\"150\" height=\"150\" src=\"https:\/\/www2.waldex.ch\/wordpress\/wp-content\/uploads\/2023\/12\/img_9405-150x150.jpg\" class=\"attachment-thumbnail size-thumbnail wp-post-image\" alt=\"\" style=\"max-width:113px;max-height:113px;\" srcset=\"https:\/\/www2.waldex.ch\/wordpress\/wp-content\/uploads\/2023\/12\/img_9405-150x150.jpg 150w, https:\/\/www2.waldex.ch\/wordpress\/wp-content\/uploads\/2023\/12\/img_9405-100x100.jpg 100w\" sizes=\"auto, 100vw\" \/><\/a><\/div><a class=\"wp-block-latest-posts__post-title\" href=\"https:\/\/www2.waldex.ch\/wordpress\/?p=6446\">Lokf\u00fchrerstand: ProfiControl gereinigt! Dem Hersteller sei Dank!<\/a><time datetime=\"2023-12-29T17:24:14+01:00\" class=\"wp-block-latest-posts__post-date\">29. Dezember 2023<\/time><\/li>\n<li><div class=\"wp-block-latest-posts__featured-image alignleft\"><a href=\"https:\/\/www2.waldex.ch\/wordpress\/?p=6133\" aria-label=\"2023: Weiterbau an den Segmenten\"><img loading=\"lazy\" decoding=\"async\" width=\"150\" height=\"150\" src=\"https:\/\/www2.waldex.ch\/wordpress\/wp-content\/uploads\/2023\/12\/Strasse_Aussen_rum-150x150.png\" class=\"attachment-thumbnail size-thumbnail wp-post-image\" alt=\"\" style=\"max-width:113px;max-height:113px;\" srcset=\"https:\/\/www2.waldex.ch\/wordpress\/wp-content\/uploads\/2023\/12\/Strasse_Aussen_rum-150x150.png 150w, https:\/\/www2.waldex.ch\/wordpress\/wp-content\/uploads\/2023\/12\/Strasse_Aussen_rum-100x100.png 100w\" sizes=\"auto, 100vw\" \/><\/a><\/div><a class=\"wp-block-latest-posts__post-title\" href=\"https:\/\/www2.waldex.ch\/wordpress\/?p=6133\">2023: Weiterbau an den Segmenten<\/a><time datetime=\"2023-12-26T23:15:26+01:00\" class=\"wp-block-latest-posts__post-date\">26. Dezember 2023<\/time><\/li>\n<li><div class=\"wp-block-latest-posts__featured-image alignleft\"><a href=\"https:\/\/www2.waldex.ch\/wordpress\/?p=6177\" aria-label=\"Wieder mal ein bisschen Landschaftsbau\u2026\"><img loading=\"lazy\" decoding=\"async\" width=\"150\" height=\"150\" src=\"https:\/\/www2.waldex.ch\/wordpress\/wp-content\/uploads\/2023\/12\/img_9763-1-150x150.jpg\" class=\"attachment-thumbnail size-thumbnail wp-post-image\" alt=\"\" style=\"max-width:113px;max-height:113px;\" srcset=\"https:\/\/www2.waldex.ch\/wordpress\/wp-content\/uploads\/2023\/12\/img_9763-1-150x150.jpg 150w, https:\/\/www2.waldex.ch\/wordpress\/wp-content\/uploads\/2023\/12\/img_9763-1-100x100.jpg 100w\" sizes=\"auto, 100vw\" \/><\/a><\/div><a class=\"wp-block-latest-posts__post-title\" href=\"https:\/\/www2.waldex.ch\/wordpress\/?p=6177\">Wieder mal ein bisschen Landschaftsbau\u2026<\/a><time datetime=\"2023-11-30T10:10:00+01:00\" class=\"wp-block-latest-posts__post-date\">30. November 2023<\/time><\/li>\n<li><div class=\"wp-block-latest-posts__featured-image alignleft\"><a href=\"https:\/\/www2.waldex.ch\/wordpress\/?p=6100\" aria-label=\"Macht Roco auch Probefahrten? (Update: Roco hat geholfen)\"><img loading=\"lazy\" decoding=\"async\" width=\"150\" height=\"150\" src=\"https:\/\/www2.waldex.ch\/wordpress\/wp-content\/uploads\/2023\/12\/img_7321-150x150.jpg\" class=\"attachment-thumbnail size-thumbnail wp-post-image\" alt=\"\" style=\"max-width:113px;max-height:113px;\" srcset=\"https:\/\/www2.waldex.ch\/wordpress\/wp-content\/uploads\/2023\/12\/img_7321-150x150.jpg 150w, https:\/\/www2.waldex.ch\/wordpress\/wp-content\/uploads\/2023\/12\/img_7321-100x100.jpg 100w\" sizes=\"auto, 100vw\" \/><\/a><\/div><a class=\"wp-block-latest-posts__post-title\" href=\"https:\/\/www2.waldex.ch\/wordpress\/?p=6100\">Macht Roco auch Probefahrten? (Update: Roco hat geholfen)<\/a><time datetime=\"2023-11-01T14:25:48+01:00\" class=\"wp-block-latest-posts__post-date\">1. November 2023<\/time><\/li>\n<li><div class=\"wp-block-latest-posts__featured-image alignleft\"><a href=\"https:\/\/www2.waldex.ch\/wordpress\/?p=6096\" aria-label=\"Was ein alter Laptop alles ausmachen kann\u2026\"><img loading=\"lazy\" decoding=\"async\" width=\"150\" height=\"150\" src=\"https:\/\/www2.waldex.ch\/wordpress\/wp-content\/uploads\/2023\/10\/pexels-konstantin-olsen-330160-150x150.jpg\" class=\"attachment-thumbnail size-thumbnail wp-post-image\" alt=\"Quelle: Pexels\" style=\"max-width:113px;max-height:113px;\" srcset=\"https:\/\/www2.waldex.ch\/wordpress\/wp-content\/uploads\/2023\/10\/pexels-konstantin-olsen-330160-150x150.jpg 150w, https:\/\/www2.waldex.ch\/wordpress\/wp-content\/uploads\/2023\/10\/pexels-konstantin-olsen-330160-100x100.jpg 100w\" sizes=\"auto, 100vw\" \/><\/a><\/div><a class=\"wp-block-latest-posts__post-title\" href=\"https:\/\/www2.waldex.ch\/wordpress\/?p=6096\">Was ein alter Laptop alles ausmachen kann\u2026<\/a><time datetime=\"2023-10-14T14:12:00+01:00\" class=\"wp-block-latest-posts__post-date\">14. Oktober 2023<\/time><\/li>\n<li><div class=\"wp-block-latest-posts__featured-image alignleft\"><a href=\"https:\/\/www2.waldex.ch\/wordpress\/?p=6091\" aria-label=\"Jetzt ist er zu lange;)\"><img loading=\"lazy\" decoding=\"async\" width=\"150\" height=\"150\" src=\"https:\/\/www2.waldex.ch\/wordpress\/wp-content\/uploads\/2023\/10\/IMG_7692-150x150.jpg\" class=\"attachment-thumbnail size-thumbnail wp-post-image\" alt=\"\" style=\"max-width:113px;max-height:113px;\" srcset=\"https:\/\/www2.waldex.ch\/wordpress\/wp-content\/uploads\/2023\/10\/IMG_7692-150x150.jpg 150w, https:\/\/www2.waldex.ch\/wordpress\/wp-content\/uploads\/2023\/10\/IMG_7692-100x100.jpg 100w\" sizes=\"auto, 100vw\" \/><\/a><\/div><a class=\"wp-block-latest-posts__post-title\" href=\"https:\/\/www2.waldex.ch\/wordpress\/?p=6091\">Jetzt ist er zu lange;)<\/a><time datetime=\"2023-10-12T13:35:00+01:00\" class=\"wp-block-latest-posts__post-date\">12. Oktober 2023<\/time><\/li>\n<li><div class=\"wp-block-latest-posts__featured-image alignleft\"><a href=\"https:\/\/www2.waldex.ch\/wordpress\/?p=6460\" aria-label=\"Erster Versuch: Giessen einer Br\u00fccke im Garten\"><img loading=\"lazy\" decoding=\"async\" width=\"150\" height=\"150\" src=\"https:\/\/www2.waldex.ch\/wordpress\/wp-content\/uploads\/2023\/12\/0m_vor_treppe0-150x150.jpg\" class=\"attachment-thumbnail size-thumbnail wp-post-image\" alt=\"\" style=\"max-width:113px;max-height:113px;\" srcset=\"https:\/\/www2.waldex.ch\/wordpress\/wp-content\/uploads\/2023\/12\/0m_vor_treppe0-150x150.jpg 150w, https:\/\/www2.waldex.ch\/wordpress\/wp-content\/uploads\/2023\/12\/0m_vor_treppe0-100x100.jpg 100w\" sizes=\"auto, 100vw\" \/><\/a><\/div><a class=\"wp-block-latest-posts__post-title\" href=\"https:\/\/www2.waldex.ch\/wordpress\/?p=6460\">Erster Versuch: Giessen einer Br\u00fccke im Garten<\/a><time datetime=\"2023-09-30T11:13:00+01:00\" class=\"wp-block-latest-posts__post-date\">30. September 2023<\/time><\/li>\n<li><div class=\"wp-block-latest-posts__featured-image alignleft\"><a href=\"https:\/\/www2.waldex.ch\/wordpress\/?p=6104\" aria-label=\"Wieder mal im Garten gefahren\"><img loading=\"lazy\" decoding=\"async\" width=\"150\" height=\"150\" src=\"https:\/\/www2.waldex.ch\/wordpress\/wp-content\/uploads\/2023\/12\/img_7674-150x150.jpg\" class=\"attachment-thumbnail size-thumbnail wp-post-image\" alt=\"\" style=\"max-width:113px;max-height:113px;\" srcset=\"https:\/\/www2.waldex.ch\/wordpress\/wp-content\/uploads\/2023\/12\/img_7674-150x150.jpg 150w, https:\/\/www2.waldex.ch\/wordpress\/wp-content\/uploads\/2023\/12\/img_7674-100x100.jpg 100w\" sizes=\"auto, 100vw\" \/><\/a><\/div><a class=\"wp-block-latest-posts__post-title\" href=\"https:\/\/www2.waldex.ch\/wordpress\/?p=6104\">Wieder mal im Garten gefahren<\/a><time datetime=\"2023-09-26T18:00:00+01:00\" class=\"wp-block-latest-posts__post-date\">26. September 2023<\/time><\/li>\n<li><div class=\"wp-block-latest-posts__featured-image alignleft\"><a href=\"https:\/\/www2.waldex.ch\/wordpress\/?p=6454\" aria-label=\"Unter der Treppe durch: Tunnelbau im Garten\"><img loading=\"lazy\" decoding=\"async\" width=\"150\" height=\"150\" src=\"https:\/\/www2.waldex.ch\/wordpress\/wp-content\/uploads\/2023\/12\/img_7005-150x150.jpg\" class=\"attachment-thumbnail size-thumbnail wp-post-image\" alt=\"\" style=\"max-width:113px;max-height:113px;\" srcset=\"https:\/\/www2.waldex.ch\/wordpress\/wp-content\/uploads\/2023\/12\/img_7005-150x150.jpg 150w, https:\/\/www2.waldex.ch\/wordpress\/wp-content\/uploads\/2023\/12\/img_7005-100x100.jpg 100w\" sizes=\"auto, 100vw\" \/><\/a><\/div><a class=\"wp-block-latest-posts__post-title\" href=\"https:\/\/www2.waldex.ch\/wordpress\/?p=6454\">Unter der Treppe durch: Tunnelbau im Garten<\/a><time datetime=\"2023-09-03T18:22:00+01:00\" class=\"wp-block-latest-posts__post-date\">3. September 2023<\/time><\/li>\n<li><div class=\"wp-block-latest-posts__featured-image alignleft\"><a href=\"https:\/\/www2.waldex.ch\/wordpress\/?p=15240\" aria-label=\"Gartenbah nicht erlaubt?? Das macht stutzig&#8230;.\"><img loading=\"lazy\" decoding=\"async\" width=\"150\" height=\"150\" src=\"https:\/\/www2.waldex.ch\/wordpress\/wp-content\/uploads\/2024\/01\/pexels-ivan-chumakov-8117771-150x150.jpg\" class=\"attachment-thumbnail size-thumbnail wp-post-image\" alt=\"\" style=\"max-width:113px;max-height:113px;\" srcset=\"https:\/\/www2.waldex.ch\/wordpress\/wp-content\/uploads\/2024\/01\/pexels-ivan-chumakov-8117771-150x150.jpg 150w, https:\/\/www2.waldex.ch\/wordpress\/wp-content\/uploads\/2024\/01\/pexels-ivan-chumakov-8117771-300x300.jpg 300w, https:\/\/www2.waldex.ch\/wordpress\/wp-content\/uploads\/2024\/01\/pexels-ivan-chumakov-8117771-1024x1024.jpg 1024w, https:\/\/www2.waldex.ch\/wordpress\/wp-content\/uploads\/2024\/01\/pexels-ivan-chumakov-8117771-768x768.jpg 768w, https:\/\/www2.waldex.ch\/wordpress\/wp-content\/uploads\/2024\/01\/pexels-ivan-chumakov-8117771-1536x1536.jpg 1536w, https:\/\/www2.waldex.ch\/wordpress\/wp-content\/uploads\/2024\/01\/pexels-ivan-chumakov-8117771-2048x2048.jpg 2048w, https:\/\/www2.waldex.ch\/wordpress\/wp-content\/uploads\/2024\/01\/pexels-ivan-chumakov-8117771-100x100.jpg 100w\" sizes=\"auto, 100vw\" \/><\/a><\/div><a class=\"wp-block-latest-posts__post-title\" href=\"https:\/\/www2.waldex.ch\/wordpress\/?p=15240\">Gartenbah nicht erlaubt?? Das macht stutzig&#8230;.<\/a><time datetime=\"2023-05-26T20:12:00+01:00\" class=\"wp-block-latest-posts__post-date\">26. Mai 2023<\/time><\/li>\n<li><div class=\"wp-block-latest-posts__featured-image alignleft\"><a href=\"https:\/\/www2.waldex.ch\/wordpress\/?p=6080\" aria-label=\"Was macht Modelleisenbahner gl\u00fccklich?\"><img loading=\"lazy\" decoding=\"async\" width=\"150\" height=\"150\" src=\"https:\/\/www2.waldex.ch\/wordpress\/wp-content\/uploads\/2022\/12\/pexels-sudipta-mondal-1441460-150x150.jpg\" class=\"attachment-thumbnail size-thumbnail wp-post-image\" alt=\"Quelle Titelbild: Pexels\" style=\"max-width:113px;max-height:113px;\" srcset=\"https:\/\/www2.waldex.ch\/wordpress\/wp-content\/uploads\/2022\/12\/pexels-sudipta-mondal-1441460-150x150.jpg 150w, https:\/\/www2.waldex.ch\/wordpress\/wp-content\/uploads\/2022\/12\/pexels-sudipta-mondal-1441460-100x100.jpg 100w\" sizes=\"auto, 100vw\" \/><\/a><\/div><a class=\"wp-block-latest-posts__post-title\" href=\"https:\/\/www2.waldex.ch\/wordpress\/?p=6080\">Was macht Modelleisenbahner gl\u00fccklich?<\/a><time datetime=\"2022-12-17T08:38:09+01:00\" class=\"wp-block-latest-posts__post-date\">17. Dezember 2022<\/time><\/li>\n<li><div class=\"wp-block-latest-posts__featured-image alignleft\"><a href=\"https:\/\/www2.waldex.ch\/wordpress\/?p=6042\" aria-label=\"ICE &#8211; Fieber!! &#x1f684;&#x1f685;\"><img loading=\"lazy\" decoding=\"async\" width=\"150\" height=\"150\" src=\"https:\/\/www2.waldex.ch\/wordpress\/wp-content\/uploads\/2022\/10\/wp-1661366163574-150x150.jpg\" class=\"attachment-thumbnail size-thumbnail wp-post-image\" alt=\"\" style=\"max-width:113px;max-height:113px;\" srcset=\"https:\/\/www2.waldex.ch\/wordpress\/wp-content\/uploads\/2022\/10\/wp-1661366163574-150x150.jpg 150w, https:\/\/www2.waldex.ch\/wordpress\/wp-content\/uploads\/2022\/10\/wp-1661366163574-100x100.jpg 100w\" sizes=\"auto, 100vw\" \/><\/a><\/div><a class=\"wp-block-latest-posts__post-title\" href=\"https:\/\/www2.waldex.ch\/wordpress\/?p=6042\">ICE &#8211; Fieber!! &#x1f684;&#x1f685;<\/a><time datetime=\"2022-10-24T22:45:43+01:00\" class=\"wp-block-latest-posts__post-date\">24. Oktober 2022<\/time><\/li>\n<li><div class=\"wp-block-latest-posts__featured-image alignleft\"><a href=\"https:\/\/www2.waldex.ch\/wordpress\/?p=5972\" aria-label=\"ICE &#8211; Ersatzteile &#x1f60d;\"><img loading=\"lazy\" decoding=\"async\" width=\"150\" height=\"150\" src=\"https:\/\/www2.waldex.ch\/wordpress\/wp-content\/uploads\/2022\/09\/599100b6-99be-4932-a165-9159d0d4474c_edit_21480936239950-150x150.jpg\" class=\"attachment-thumbnail size-thumbnail wp-post-image\" alt=\"\" style=\"max-width:113px;max-height:113px;\" srcset=\"https:\/\/www2.waldex.ch\/wordpress\/wp-content\/uploads\/2022\/09\/599100b6-99be-4932-a165-9159d0d4474c_edit_21480936239950-150x150.jpg 150w, https:\/\/www2.waldex.ch\/wordpress\/wp-content\/uploads\/2022\/09\/599100b6-99be-4932-a165-9159d0d4474c_edit_21480936239950-100x100.jpg 100w\" sizes=\"auto, 100vw\" \/><\/a><\/div><a class=\"wp-block-latest-posts__post-title\" href=\"https:\/\/www2.waldex.ch\/wordpress\/?p=5972\">ICE &#8211; Ersatzteile &#x1f60d;<\/a><time datetime=\"2022-09-18T16:56:00+01:00\" class=\"wp-block-latest-posts__post-date\">18. September 2022<\/time><\/li>\n<li><div class=\"wp-block-latest-posts__featured-image alignleft\"><a href=\"https:\/\/www2.waldex.ch\/wordpress\/?p=5960\" aria-label=\"Warum gehen gewisse Decoder nach 20 Jahren Vitrine nicht mehr?\"><img loading=\"lazy\" decoding=\"async\" width=\"150\" height=\"150\" src=\"https:\/\/www2.waldex.ch\/wordpress\/wp-content\/uploads\/2022\/09\/IMG_20220916_050545-1-150x150.jpg\" class=\"attachment-thumbnail size-thumbnail wp-post-image\" alt=\"\" style=\"max-width:113px;max-height:113px;\" srcset=\"https:\/\/www2.waldex.ch\/wordpress\/wp-content\/uploads\/2022\/09\/IMG_20220916_050545-1-150x150.jpg 150w, https:\/\/www2.waldex.ch\/wordpress\/wp-content\/uploads\/2022\/09\/IMG_20220916_050545-1-100x100.jpg 100w\" sizes=\"auto, 100vw\" \/><\/a><\/div><a class=\"wp-block-latest-posts__post-title\" href=\"https:\/\/www2.waldex.ch\/wordpress\/?p=5960\">Warum gehen gewisse Decoder nach 20 Jahren Vitrine nicht mehr?<\/a><time datetime=\"2022-09-17T16:04:04+01:00\" class=\"wp-block-latest-posts__post-date\">17. September 2022<\/time><\/li>\n<li><div class=\"wp-block-latest-posts__featured-image alignleft\"><a href=\"https:\/\/www2.waldex.ch\/wordpress\/?p=5965\" aria-label=\"Wielder is Mal zum Rigi Kulm\"><img loading=\"lazy\" decoding=\"async\" width=\"150\" height=\"150\" src=\"https:\/\/www2.waldex.ch\/wordpress\/wp-content\/uploads\/2022\/09\/IMG_20220911_070401-150x150.jpg\" class=\"attachment-thumbnail size-thumbnail wp-post-image\" alt=\"\" style=\"max-width:113px;max-height:113px;\" srcset=\"https:\/\/www2.waldex.ch\/wordpress\/wp-content\/uploads\/2022\/09\/IMG_20220911_070401-150x150.jpg 150w, https:\/\/www2.waldex.ch\/wordpress\/wp-content\/uploads\/2022\/09\/IMG_20220911_070401-100x100.jpg 100w\" sizes=\"auto, 100vw\" \/><\/a><\/div><a class=\"wp-block-latest-posts__post-title\" href=\"https:\/\/www2.waldex.ch\/wordpress\/?p=5965\">Wielder is Mal zum Rigi Kulm<\/a><time datetime=\"2022-09-11T16:08:55+01:00\" class=\"wp-block-latest-posts__post-date\">11. September 2022<\/time><\/li>\n<li><div class=\"wp-block-latest-posts__featured-image alignleft\"><a href=\"https:\/\/www2.waldex.ch\/wordpress\/?p=5962\" aria-label=\"Zugf\u00e4scht. 175 Jahre Bahn. 150 Jahre Knoten Zug\"><img loading=\"lazy\" decoding=\"async\" width=\"150\" height=\"150\" src=\"https:\/\/www2.waldex.ch\/wordpress\/wp-content\/uploads\/2022\/09\/IMG_20220913_170043-150x150.jpg\" class=\"attachment-thumbnail size-thumbnail wp-post-image\" alt=\"\" style=\"max-width:113px;max-height:113px;\" srcset=\"https:\/\/www2.waldex.ch\/wordpress\/wp-content\/uploads\/2022\/09\/IMG_20220913_170043-150x150.jpg 150w, https:\/\/www2.waldex.ch\/wordpress\/wp-content\/uploads\/2022\/09\/IMG_20220913_170043-100x100.jpg 100w\" sizes=\"auto, 100vw\" \/><\/a><\/div><a class=\"wp-block-latest-posts__post-title\" href=\"https:\/\/www2.waldex.ch\/wordpress\/?p=5962\">Zugf\u00e4scht. 175 Jahre Bahn. 150 Jahre Knoten Zug<\/a><time datetime=\"2022-09-03T16:06:26+01:00\" class=\"wp-block-latest-posts__post-date\">3. September 2022<\/time><\/li>\n<li><div class=\"wp-block-latest-posts__featured-image alignleft\"><a href=\"https:\/\/www2.waldex.ch\/wordpress\/?p=5856\" aria-label=\"Gratis Ersatz von M\u00e4rklin &#x1f44d;&#x1f44d;&#x1f44d;\"><img loading=\"lazy\" decoding=\"async\" width=\"150\" height=\"150\" src=\"https:\/\/www2.waldex.ch\/wordpress\/wp-content\/uploads\/2022\/08\/wp-1661531256044-150x150.jpg\" class=\"attachment-thumbnail size-thumbnail wp-post-image\" alt=\"\" style=\"max-width:113px;max-height:113px;\" srcset=\"https:\/\/www2.waldex.ch\/wordpress\/wp-content\/uploads\/2022\/08\/wp-1661531256044-150x150.jpg 150w, https:\/\/www2.waldex.ch\/wordpress\/wp-content\/uploads\/2022\/08\/wp-1661531256044-100x100.jpg 100w\" sizes=\"auto, 100vw\" \/><\/a><\/div><a class=\"wp-block-latest-posts__post-title\" href=\"https:\/\/www2.waldex.ch\/wordpress\/?p=5856\">Gratis Ersatz von M\u00e4rklin &#x1f44d;&#x1f44d;&#x1f44d;<\/a><time datetime=\"2022-08-26T18:27:24+01:00\" class=\"wp-block-latest-posts__post-date\">26. August 2022<\/time><\/li>\n<li><div class=\"wp-block-latest-posts__featured-image alignleft\"><a href=\"https:\/\/www2.waldex.ch\/wordpress\/?p=5840\" aria-label=\"Billig &#8211;  ICE1 &#8211;  Umbau\"><img loading=\"lazy\" decoding=\"async\" width=\"150\" height=\"150\" src=\"https:\/\/www2.waldex.ch\/wordpress\/wp-content\/uploads\/2022\/08\/wp-1661366163574-150x150.jpg\" class=\"attachment-thumbnail size-thumbnail wp-post-image\" alt=\"\" style=\"max-width:113px;max-height:113px;\" srcset=\"https:\/\/www2.waldex.ch\/wordpress\/wp-content\/uploads\/2022\/08\/wp-1661366163574-150x150.jpg 150w, https:\/\/www2.waldex.ch\/wordpress\/wp-content\/uploads\/2022\/08\/wp-1661366163574-100x100.jpg 100w\" sizes=\"auto, 100vw\" \/><\/a><\/div><a class=\"wp-block-latest-posts__post-title\" href=\"https:\/\/www2.waldex.ch\/wordpress\/?p=5840\">Billig &#8211;  ICE1 &#8211;  Umbau<\/a><time datetime=\"2022-08-24T20:36:20+01:00\" class=\"wp-block-latest-posts__post-date\">24. August 2022<\/time><\/li>\n<li><div class=\"wp-block-latest-posts__featured-image alignleft\"><a href=\"https:\/\/www2.waldex.ch\/wordpress\/?p=5819\" aria-label=\"Das eigene Metaverse habe ich schon lange (Update: jetzt schon auf zwei Arten!\"><img loading=\"lazy\" decoding=\"async\" width=\"150\" height=\"150\" src=\"https:\/\/www2.waldex.ch\/wordpress\/wp-content\/uploads\/2022\/08\/IMG_20220820_223356-2-150x150.jpg\" class=\"attachment-thumbnail size-thumbnail wp-post-image\" alt=\"\" style=\"max-width:113px;max-height:113px;\" srcset=\"https:\/\/www2.waldex.ch\/wordpress\/wp-content\/uploads\/2022\/08\/IMG_20220820_223356-2-150x150.jpg 150w, https:\/\/www2.waldex.ch\/wordpress\/wp-content\/uploads\/2022\/08\/IMG_20220820_223356-2-100x100.jpg 100w\" sizes=\"auto, 100vw\" \/><\/a><\/div><a class=\"wp-block-latest-posts__post-title\" href=\"https:\/\/www2.waldex.ch\/wordpress\/?p=5819\">Das eigene Metaverse habe ich schon lange (Update: jetzt schon auf zwei Arten!<\/a><time datetime=\"2022-08-20T23:27:49+01:00\" class=\"wp-block-latest-posts__post-date\">20. August 2022<\/time><\/li>\n<li><div class=\"wp-block-latest-posts__featured-image alignleft\"><a href=\"https:\/\/www2.waldex.ch\/wordpress\/?p=5833\" aria-label=\"Mal einige Z\u00fcge und Loks gewartet\"><img loading=\"lazy\" decoding=\"async\" width=\"150\" height=\"150\" src=\"https:\/\/www2.waldex.ch\/wordpress\/wp-content\/uploads\/2022\/08\/IMG_20220819_130414-150x150.jpg\" class=\"attachment-thumbnail size-thumbnail wp-post-image\" alt=\"\" style=\"max-width:113px;max-height:113px;\" srcset=\"https:\/\/www2.waldex.ch\/wordpress\/wp-content\/uploads\/2022\/08\/IMG_20220819_130414-150x150.jpg 150w, https:\/\/www2.waldex.ch\/wordpress\/wp-content\/uploads\/2022\/08\/IMG_20220819_130414-100x100.jpg 100w\" sizes=\"auto, 100vw\" \/><\/a><\/div><a class=\"wp-block-latest-posts__post-title\" href=\"https:\/\/www2.waldex.ch\/wordpress\/?p=5833\">Mal einige Z\u00fcge und Loks gewartet<\/a><time datetime=\"2022-08-19T23:32:48+01:00\" class=\"wp-block-latest-posts__post-date\">19. August 2022<\/time><\/li>\n<li><div class=\"wp-block-latest-posts__featured-image alignleft\"><a href=\"https:\/\/www2.waldex.ch\/wordpress\/?p=5792\" aria-label=\"Alles muss man selber machen :-(\"><img loading=\"lazy\" decoding=\"async\" width=\"150\" height=\"150\" src=\"https:\/\/www2.waldex.ch\/wordpress\/wp-content\/uploads\/2022\/08\/IMG_20220818_212836-1024x768-1-150x150.jpg\" class=\"attachment-thumbnail size-thumbnail wp-post-image\" alt=\"\" style=\"max-width:113px;max-height:113px;\" srcset=\"https:\/\/www2.waldex.ch\/wordpress\/wp-content\/uploads\/2022\/08\/IMG_20220818_212836-1024x768-1-150x150.jpg 150w, https:\/\/www2.waldex.ch\/wordpress\/wp-content\/uploads\/2022\/08\/IMG_20220818_212836-1024x768-1-100x100.jpg 100w\" sizes=\"auto, 100vw\" \/><\/a><\/div><a class=\"wp-block-latest-posts__post-title\" href=\"https:\/\/www2.waldex.ch\/wordpress\/?p=5792\">Alles muss man selber machen \ud83d\ude41<\/a><time datetime=\"2022-08-18T21:33:50+01:00\" class=\"wp-block-latest-posts__post-date\">18. August 2022<\/time><\/li>\n<li><div class=\"wp-block-latest-posts__featured-image alignleft\"><a href=\"https:\/\/www2.waldex.ch\/wordpress\/?p=5797\" aria-label=\"Endlich mal den kaputten 3V- Motor vom Kipper getauscht.\"><img loading=\"lazy\" decoding=\"async\" width=\"150\" height=\"150\" src=\"https:\/\/www2.waldex.ch\/wordpress\/wp-content\/uploads\/2022\/08\/IMG_20220816_213137-150x150.jpg\" class=\"attachment-thumbnail size-thumbnail wp-post-image\" alt=\"\" style=\"max-width:113px;max-height:113px;\" srcset=\"https:\/\/www2.waldex.ch\/wordpress\/wp-content\/uploads\/2022\/08\/IMG_20220816_213137-150x150.jpg 150w, https:\/\/www2.waldex.ch\/wordpress\/wp-content\/uploads\/2022\/08\/IMG_20220816_213137-100x100.jpg 100w\" sizes=\"auto, 100vw\" \/><\/a><\/div><a class=\"wp-block-latest-posts__post-title\" href=\"https:\/\/www2.waldex.ch\/wordpress\/?p=5797\">Endlich mal den kaputten 3V- Motor vom Kipper getauscht.<\/a><time datetime=\"2022-08-16T22:22:12+01:00\" class=\"wp-block-latest-posts__post-date\">16. August 2022<\/time><\/li>\n<li><div class=\"wp-block-latest-posts__featured-image alignleft\"><a href=\"https:\/\/www2.waldex.ch\/wordpress\/?p=5778\" aria-label=\"Kabelbruch :( endlich gefunden\"><img loading=\"lazy\" decoding=\"async\" width=\"150\" height=\"150\" src=\"https:\/\/www2.waldex.ch\/wordpress\/wp-content\/uploads\/2022\/07\/wp-1658694218570-150x150.jpg\" class=\"attachment-thumbnail size-thumbnail wp-post-image\" alt=\"\" style=\"max-width:113px;max-height:113px;\" srcset=\"https:\/\/www2.waldex.ch\/wordpress\/wp-content\/uploads\/2022\/07\/wp-1658694218570-150x150.jpg 150w, https:\/\/www2.waldex.ch\/wordpress\/wp-content\/uploads\/2022\/07\/wp-1658694218570-100x100.jpg 100w\" sizes=\"auto, 100vw\" \/><\/a><\/div><a class=\"wp-block-latest-posts__post-title\" href=\"https:\/\/www2.waldex.ch\/wordpress\/?p=5778\">Kabelbruch \ud83d\ude41 endlich gefunden<\/a><time datetime=\"2022-07-24T22:25:29+01:00\" class=\"wp-block-latest-posts__post-date\">24. Juli 2022<\/time><\/li>\n<li><div class=\"wp-block-latest-posts__featured-image alignleft\"><a href=\"https:\/\/www2.waldex.ch\/wordpress\/?p=5535\" aria-label=\"Besuch Ausstellung in Walenstadt\"><img loading=\"lazy\" decoding=\"async\" width=\"150\" height=\"150\" src=\"https:\/\/www2.waldex.ch\/wordpress\/wp-content\/uploads\/2022\/04\/IMG_20220424_153245-1-150x150.jpg\" class=\"attachment-thumbnail size-thumbnail wp-post-image\" alt=\"\" style=\"max-width:113px;max-height:113px;\" srcset=\"https:\/\/www2.waldex.ch\/wordpress\/wp-content\/uploads\/2022\/04\/IMG_20220424_153245-1-150x150.jpg 150w, https:\/\/www2.waldex.ch\/wordpress\/wp-content\/uploads\/2022\/04\/IMG_20220424_153245-1-100x100.jpg 100w\" sizes=\"auto, 100vw\" \/><\/a><\/div><a class=\"wp-block-latest-posts__post-title\" href=\"https:\/\/www2.waldex.ch\/wordpress\/?p=5535\">Besuch Ausstellung in Walenstadt<\/a><time datetime=\"2022-04-24T19:41:32+01:00\" class=\"wp-block-latest-posts__post-date\">24. April 2022<\/time><\/li>\n<li><div class=\"wp-block-latest-posts__featured-image alignleft\"><a href=\"https:\/\/www2.waldex.ch\/wordpress\/?p=5516\" aria-label=\"Eindr\u00fccklicher Besuch im M\u00e4rklineum\"><img loading=\"lazy\" decoding=\"async\" width=\"150\" height=\"150\" src=\"https:\/\/www2.waldex.ch\/wordpress\/wp-content\/uploads\/2022\/04\/IMG_20220412_134635-150x150.jpg\" class=\"attachment-thumbnail size-thumbnail wp-post-image\" alt=\"\" style=\"max-width:113px;max-height:113px;\" srcset=\"https:\/\/www2.waldex.ch\/wordpress\/wp-content\/uploads\/2022\/04\/IMG_20220412_134635-150x150.jpg 150w, https:\/\/www2.waldex.ch\/wordpress\/wp-content\/uploads\/2022\/04\/IMG_20220412_134635-100x100.jpg 100w\" sizes=\"auto, 100vw\" \/><\/a><\/div><a class=\"wp-block-latest-posts__post-title\" href=\"https:\/\/www2.waldex.ch\/wordpress\/?p=5516\">Eindr\u00fccklicher Besuch im M\u00e4rklineum<\/a><time datetime=\"2022-04-16T16:58:35+01:00\" class=\"wp-block-latest-posts__post-date\">16. April 2022<\/time><\/li>\n<li><div class=\"wp-block-latest-posts__featured-image alignleft\"><a href=\"https:\/\/www2.waldex.ch\/wordpress\/?p=5477\" aria-label=\"Teile zum Ausbau sind gekommen :-)\"><img loading=\"lazy\" decoding=\"async\" width=\"150\" height=\"150\" src=\"https:\/\/www2.waldex.ch\/wordpress\/wp-content\/uploads\/2022\/04\/IMG_20220416_165943-150x150.jpg\" class=\"attachment-thumbnail size-thumbnail wp-post-image\" alt=\"\" style=\"max-width:113px;max-height:113px;\" srcset=\"https:\/\/www2.waldex.ch\/wordpress\/wp-content\/uploads\/2022\/04\/IMG_20220416_165943-150x150.jpg 150w, https:\/\/www2.waldex.ch\/wordpress\/wp-content\/uploads\/2022\/04\/IMG_20220416_165943-100x100.jpg 100w\" sizes=\"auto, 100vw\" \/><\/a><\/div><a class=\"wp-block-latest-posts__post-title\" href=\"https:\/\/www2.waldex.ch\/wordpress\/?p=5477\">Teile zum Ausbau sind gekommen \ud83d\ude42<\/a><time datetime=\"2022-04-14T16:53:30+01:00\" class=\"wp-block-latest-posts__post-date\">14. April 2022<\/time><\/li>\n<li><div class=\"wp-block-latest-posts__featured-image alignleft\"><a href=\"https:\/\/www2.waldex.ch\/wordpress\/?p=5439\" aria-label=\"Nicht immer geht alles nach Plan: Laufend neue Ideen machen sich breit&#8230;..\"><img loading=\"lazy\" decoding=\"async\" width=\"150\" height=\"150\" src=\"https:\/\/www2.waldex.ch\/wordpress\/wp-content\/uploads\/2022\/03\/IMG_20220326_154916-150x150.jpg\" class=\"attachment-thumbnail size-thumbnail wp-post-image\" alt=\"\" style=\"max-width:113px;max-height:113px;\" srcset=\"https:\/\/www2.waldex.ch\/wordpress\/wp-content\/uploads\/2022\/03\/IMG_20220326_154916-150x150.jpg 150w, https:\/\/www2.waldex.ch\/wordpress\/wp-content\/uploads\/2022\/03\/IMG_20220326_154916-100x100.jpg 100w\" sizes=\"auto, 100vw\" \/><\/a><\/div><a class=\"wp-block-latest-posts__post-title\" href=\"https:\/\/www2.waldex.ch\/wordpress\/?p=5439\">Nicht immer geht alles nach Plan: Laufend neue Ideen machen sich breit&#8230;..<\/a><time datetime=\"2022-03-27T03:37:44+01:00\" class=\"wp-block-latest-posts__post-date\">27. M\u00e4rz 2022<\/time><\/li>\n<li><div class=\"wp-block-latest-posts__featured-image alignleft\"><a href=\"https:\/\/www2.waldex.ch\/wordpress\/?p=5441\" aria-label=\"Zum ersten Mal in 2022 gefahren&#8230;.\"><img loading=\"lazy\" decoding=\"async\" width=\"150\" height=\"150\" src=\"https:\/\/www2.waldex.ch\/wordpress\/wp-content\/uploads\/2022\/03\/IMG_20220303_201430-150x150.jpg\" class=\"attachment-thumbnail size-thumbnail wp-post-image\" alt=\"\" style=\"max-width:113px;max-height:113px;\" srcset=\"https:\/\/www2.waldex.ch\/wordpress\/wp-content\/uploads\/2022\/03\/IMG_20220303_201430-150x150.jpg 150w, https:\/\/www2.waldex.ch\/wordpress\/wp-content\/uploads\/2022\/03\/IMG_20220303_201430-100x100.jpg 100w\" sizes=\"auto, 100vw\" \/><\/a><\/div><a class=\"wp-block-latest-posts__post-title\" href=\"https:\/\/www2.waldex.ch\/wordpress\/?p=5441\">Zum ersten Mal in 2022 gefahren&#8230;.<\/a><time datetime=\"2022-03-06T19:06:15+01:00\" class=\"wp-block-latest-posts__post-date\">6. M\u00e4rz 2022<\/time><\/li>\n<li><div class=\"wp-block-latest-posts__featured-image alignleft\"><a href=\"https:\/\/www2.waldex.ch\/wordpress\/?p=5383\" aria-label=\"Kupplungspech beim grossen Vorbild\"><img loading=\"lazy\" decoding=\"async\" width=\"150\" height=\"150\" src=\"https:\/\/www2.waldex.ch\/wordpress\/wp-content\/uploads\/2022\/03\/IMG_20220301_072732-150x150.jpg\" class=\"attachment-thumbnail size-thumbnail wp-post-image\" alt=\"\" style=\"max-width:113px;max-height:113px;\" srcset=\"https:\/\/www2.waldex.ch\/wordpress\/wp-content\/uploads\/2022\/03\/IMG_20220301_072732-150x150.jpg 150w, https:\/\/www2.waldex.ch\/wordpress\/wp-content\/uploads\/2022\/03\/IMG_20220301_072732-100x100.jpg 100w\" sizes=\"auto, 100vw\" \/><\/a><\/div><a class=\"wp-block-latest-posts__post-title\" href=\"https:\/\/www2.waldex.ch\/wordpress\/?p=5383\">Kupplungspech beim grossen Vorbild<\/a><time datetime=\"2022-03-01T19:59:33+01:00\" class=\"wp-block-latest-posts__post-date\">1. M\u00e4rz 2022<\/time><\/li>\n<li><div class=\"wp-block-latest-posts__featured-image alignleft\"><a href=\"https:\/\/www2.waldex.ch\/wordpress\/?p=5123\" aria-label=\"Probeaufstellung Stadtzentrum\/Altstadt\"><img loading=\"lazy\" decoding=\"async\" width=\"150\" height=\"150\" src=\"https:\/\/www2.waldex.ch\/wordpress\/wp-content\/uploads\/2022\/02\/1603201010601-150x150.jpg\" class=\"attachment-thumbnail size-thumbnail wp-post-image\" alt=\"\" style=\"max-width:113px;max-height:113px;\" srcset=\"https:\/\/www2.waldex.ch\/wordpress\/wp-content\/uploads\/2022\/02\/1603201010601-150x150.jpg 150w, https:\/\/www2.waldex.ch\/wordpress\/wp-content\/uploads\/2022\/02\/1603201010601-100x100.jpg 100w\" sizes=\"auto, 100vw\" \/><\/a><\/div><a class=\"wp-block-latest-posts__post-title\" href=\"https:\/\/www2.waldex.ch\/wordpress\/?p=5123\">Probeaufstellung Stadtzentrum\/Altstadt<\/a><time datetime=\"2022-02-13T21:41:00+01:00\" class=\"wp-block-latest-posts__post-date\">13. Februar 2022<\/time><\/li>\n<li><div class=\"wp-block-latest-posts__featured-image alignleft\"><a href=\"https:\/\/www2.waldex.ch\/wordpress\/?p=5282\" aria-label=\"Skiferien in 1:87\"><img loading=\"lazy\" decoding=\"async\" width=\"150\" height=\"150\" src=\"https:\/\/www2.waldex.ch\/wordpress\/wp-content\/uploads\/2022\/02\/IMG_20220213_103357-150x150.jpg\" class=\"attachment-thumbnail size-thumbnail wp-post-image\" alt=\"\" style=\"max-width:113px;max-height:113px;\" srcset=\"https:\/\/www2.waldex.ch\/wordpress\/wp-content\/uploads\/2022\/02\/IMG_20220213_103357-150x150.jpg 150w, https:\/\/www2.waldex.ch\/wordpress\/wp-content\/uploads\/2022\/02\/IMG_20220213_103357-100x100.jpg 100w\" sizes=\"auto, 100vw\" \/><\/a><\/div><a class=\"wp-block-latest-posts__post-title\" href=\"https:\/\/www2.waldex.ch\/wordpress\/?p=5282\">Skiferien in 1:87<\/a><time datetime=\"2022-02-13T11:23:36+01:00\" class=\"wp-block-latest-posts__post-date\">13. Februar 2022<\/time><\/li>\n<li><div class=\"wp-block-latest-posts__featured-image alignleft\"><a href=\"https:\/\/www2.waldex.ch\/wordpress\/?p=5141\" aria-label=\"Exkurs: Spur N!\"><img loading=\"lazy\" decoding=\"async\" width=\"150\" height=\"150\" src=\"https:\/\/www2.waldex.ch\/wordpress\/wp-content\/uploads\/2022\/02\/P6290327-150x150.jpg\" class=\"attachment-thumbnail size-thumbnail wp-post-image\" alt=\"\" style=\"max-width:113px;max-height:113px;\" srcset=\"https:\/\/www2.waldex.ch\/wordpress\/wp-content\/uploads\/2022\/02\/P6290327-150x150.jpg 150w, https:\/\/www2.waldex.ch\/wordpress\/wp-content\/uploads\/2022\/02\/P6290327-100x100.jpg 100w\" sizes=\"auto, 100vw\" \/><\/a><\/div><a class=\"wp-block-latest-posts__post-title\" href=\"https:\/\/www2.waldex.ch\/wordpress\/?p=5141\">Exkurs: Spur N!<\/a><time datetime=\"2022-02-12T21:45:00+01:00\" class=\"wp-block-latest-posts__post-date\">12. Februar 2022<\/time><\/li>\n<li><div class=\"wp-block-latest-posts__featured-image alignleft\"><a href=\"https:\/\/www2.waldex.ch\/wordpress\/?p=3659\" aria-label=\"Die neue Strasse dem Hang entlang\"><img loading=\"lazy\" decoding=\"async\" width=\"150\" height=\"150\" src=\"https:\/\/www2.waldex.ch\/wordpress\/wp-content\/uploads\/2018\/04\/wp-image-2065982582-150x150.jpg\" class=\"attachment-thumbnail size-thumbnail wp-post-image\" alt=\"\" style=\"max-width:113px;max-height:113px;\" srcset=\"https:\/\/www2.waldex.ch\/wordpress\/wp-content\/uploads\/2018\/04\/wp-image-2065982582-150x150.jpg 150w, https:\/\/www2.waldex.ch\/wordpress\/wp-content\/uploads\/2018\/04\/wp-image-2065982582-100x100.jpg 100w\" sizes=\"auto, 100vw\" \/><\/a><\/div><a class=\"wp-block-latest-posts__post-title\" href=\"https:\/\/www2.waldex.ch\/wordpress\/?p=3659\">Die neue Strasse dem Hang entlang<\/a><time datetime=\"2022-02-11T06:43:00+01:00\" class=\"wp-block-latest-posts__post-date\">11. Februar 2022<\/time><\/li>\n<li><div class=\"wp-block-latest-posts__featured-image alignleft\"><a href=\"https:\/\/www2.waldex.ch\/wordpress\/?p=4859\" aria-label=\"Weiterbau an den Segmenten: Strasse f\u00fcr fahrende Autos\"><img loading=\"lazy\" decoding=\"async\" width=\"150\" height=\"150\" src=\"https:\/\/www2.waldex.ch\/wordpress\/wp-content\/uploads\/2022\/02\/IMG_20201109_190257-150x150.jpg\" class=\"attachment-thumbnail size-thumbnail wp-post-image\" alt=\"\" style=\"max-width:113px;max-height:113px;\" srcset=\"https:\/\/www2.waldex.ch\/wordpress\/wp-content\/uploads\/2022\/02\/IMG_20201109_190257-150x150.jpg 150w, https:\/\/www2.waldex.ch\/wordpress\/wp-content\/uploads\/2022\/02\/IMG_20201109_190257-100x100.jpg 100w\" sizes=\"auto, 100vw\" \/><\/a><\/div><a class=\"wp-block-latest-posts__post-title\" href=\"https:\/\/www2.waldex.ch\/wordpress\/?p=4859\">Weiterbau an den Segmenten: Strasse f\u00fcr fahrende Autos<\/a><time datetime=\"2022-02-10T19:01:00+01:00\" class=\"wp-block-latest-posts__post-date\">10. Februar 2022<\/time><\/li>\n<li><div class=\"wp-block-latest-posts__featured-image alignleft\"><a href=\"https:\/\/www2.waldex.ch\/wordpress\/?p=5019\" aria-label=\"Was bedeutet &#8222;M\u00e4rklin Garantie&#8220; genau? Warum muss ich nach Erhalt das Modell selber flicken?\"><img loading=\"lazy\" decoding=\"async\" width=\"150\" height=\"150\" src=\"https:\/\/www2.waldex.ch\/wordpress\/wp-content\/uploads\/2022\/02\/IMG_20210512_134544-150x150.jpg\" class=\"attachment-thumbnail size-thumbnail wp-post-image\" alt=\"\" style=\"max-width:113px;max-height:113px;\" srcset=\"https:\/\/www2.waldex.ch\/wordpress\/wp-content\/uploads\/2022\/02\/IMG_20210512_134544-150x150.jpg 150w, https:\/\/www2.waldex.ch\/wordpress\/wp-content\/uploads\/2022\/02\/IMG_20210512_134544-100x100.jpg 100w\" sizes=\"auto, 100vw\" \/><\/a><\/div><a class=\"wp-block-latest-posts__post-title\" href=\"https:\/\/www2.waldex.ch\/wordpress\/?p=5019\">Was bedeutet &#8222;M\u00e4rklin Garantie&#8220; genau? Warum muss ich nach Erhalt das Modell selber flicken?<\/a><time datetime=\"2022-02-09T17:31:00+01:00\" class=\"wp-block-latest-posts__post-date\">9. Februar 2022<\/time><\/li>\n<li><div class=\"wp-block-latest-posts__featured-image alignleft\"><a href=\"https:\/\/www2.waldex.ch\/wordpress\/?p=4652\" aria-label=\"Ab der Norm aber einfach perfekt: Passende Kupplungen aus dem 3D-Drucker\"><img loading=\"lazy\" decoding=\"async\" width=\"150\" height=\"150\" src=\"https:\/\/www2.waldex.ch\/wordpress\/wp-content\/uploads\/2022\/02\/IMG_20210728_214553_1-1-150x150.jpg\" class=\"attachment-thumbnail size-thumbnail wp-post-image\" alt=\"\" style=\"max-width:113px;max-height:113px;\" srcset=\"https:\/\/www2.waldex.ch\/wordpress\/wp-content\/uploads\/2022\/02\/IMG_20210728_214553_1-1-150x150.jpg 150w, https:\/\/www2.waldex.ch\/wordpress\/wp-content\/uploads\/2022\/02\/IMG_20210728_214553_1-1-100x100.jpg 100w\" sizes=\"auto, 100vw\" \/><\/a><\/div><a class=\"wp-block-latest-posts__post-title\" href=\"https:\/\/www2.waldex.ch\/wordpress\/?p=4652\">Ab der Norm aber einfach perfekt: Passende Kupplungen aus dem 3D-Drucker<\/a><time datetime=\"2022-02-08T17:23:00+01:00\" class=\"wp-block-latest-posts__post-date\">8. Februar 2022<\/time><\/li>\n<li><div class=\"wp-block-latest-posts__featured-image alignleft\"><a href=\"https:\/\/www2.waldex.ch\/wordpress\/?p=4998\" aria-label=\"ESU sei dank!\"><img loading=\"lazy\" decoding=\"async\" width=\"150\" height=\"150\" src=\"https:\/\/www2.waldex.ch\/wordpress\/wp-content\/uploads\/2022\/02\/IMG_20201019_123503-150x150.jpg\" class=\"attachment-thumbnail size-thumbnail wp-post-image\" alt=\"\" style=\"max-width:113px;max-height:113px;\" srcset=\"https:\/\/www2.waldex.ch\/wordpress\/wp-content\/uploads\/2022\/02\/IMG_20201019_123503-150x150.jpg 150w, https:\/\/www2.waldex.ch\/wordpress\/wp-content\/uploads\/2022\/02\/IMG_20201019_123503-100x100.jpg 100w\" sizes=\"auto, 100vw\" \/><\/a><\/div><a class=\"wp-block-latest-posts__post-title\" href=\"https:\/\/www2.waldex.ch\/wordpress\/?p=4998\">ESU sei dank!<\/a><time datetime=\"2022-02-07T17:05:00+01:00\" class=\"wp-block-latest-posts__post-date\">7. Februar 2022<\/time><\/li>\n<li><div class=\"wp-block-latest-posts__featured-image alignleft\"><a href=\"https:\/\/www2.waldex.ch\/wordpress\/?p=4988\" aria-label=\"Messen, messen und schrubben!\"><img loading=\"lazy\" decoding=\"async\" width=\"150\" height=\"150\" src=\"https:\/\/www2.waldex.ch\/wordpress\/wp-content\/uploads\/2022\/02\/IMG_20200821_075340-150x150.jpg\" class=\"attachment-thumbnail size-thumbnail wp-post-image\" alt=\"\" style=\"max-width:113px;max-height:113px;\" srcset=\"https:\/\/www2.waldex.ch\/wordpress\/wp-content\/uploads\/2022\/02\/IMG_20200821_075340-150x150.jpg 150w, https:\/\/www2.waldex.ch\/wordpress\/wp-content\/uploads\/2022\/02\/IMG_20200821_075340-100x100.jpg 100w\" sizes=\"auto, 100vw\" \/><\/a><\/div><a class=\"wp-block-latest-posts__post-title\" href=\"https:\/\/www2.waldex.ch\/wordpress\/?p=4988\">Messen, messen und schrubben!<\/a><time datetime=\"2022-02-06T16:54:00+01:00\" class=\"wp-block-latest-posts__post-date\">6. Februar 2022<\/time><\/li>\n<li><div class=\"wp-block-latest-posts__featured-image alignleft\"><a href=\"https:\/\/www2.waldex.ch\/wordpress\/?p=4941\" aria-label=\"Fahrten im Keller auf der Modulanlage\"><img loading=\"lazy\" decoding=\"async\" width=\"150\" height=\"150\" src=\"https:\/\/www2.waldex.ch\/wordpress\/wp-content\/uploads\/2022\/02\/DSC_1110-scaled-e1643978580152-150x150.jpg\" class=\"attachment-thumbnail size-thumbnail wp-post-image\" alt=\"\" style=\"max-width:113px;max-height:113px;\" srcset=\"https:\/\/www2.waldex.ch\/wordpress\/wp-content\/uploads\/2022\/02\/DSC_1110-scaled-e1643978580152-150x150.jpg 150w, https:\/\/www2.waldex.ch\/wordpress\/wp-content\/uploads\/2022\/02\/DSC_1110-scaled-e1643978580152-100x100.jpg 100w\" sizes=\"auto, 100vw\" \/><\/a><\/div><a class=\"wp-block-latest-posts__post-title\" href=\"https:\/\/www2.waldex.ch\/wordpress\/?p=4941\">Fahrten im Keller auf der Modulanlage<\/a><time datetime=\"2022-02-05T15:41:00+01:00\" class=\"wp-block-latest-posts__post-date\">5. Februar 2022<\/time><\/li>\n<li><div class=\"wp-block-latest-posts__featured-image alignleft\"><a href=\"https:\/\/www2.waldex.ch\/wordpress\/?p=5232\" aria-label=\"Macht diese Logik Sinn? &#x1f914;\"><img loading=\"lazy\" decoding=\"async\" width=\"150\" height=\"150\" src=\"https:\/\/www2.waldex.ch\/wordpress\/wp-content\/uploads\/2022\/02\/IMG_20220125_180136-150x150.jpg\" class=\"attachment-thumbnail size-thumbnail wp-post-image\" alt=\"\" style=\"max-width:113px;max-height:113px;\" srcset=\"https:\/\/www2.waldex.ch\/wordpress\/wp-content\/uploads\/2022\/02\/IMG_20220125_180136-150x150.jpg 150w, https:\/\/www2.waldex.ch\/wordpress\/wp-content\/uploads\/2022\/02\/IMG_20220125_180136-100x100.jpg 100w\" sizes=\"auto, 100vw\" \/><\/a><\/div><a class=\"wp-block-latest-posts__post-title\" href=\"https:\/\/www2.waldex.ch\/wordpress\/?p=5232\">Macht diese Logik Sinn? &#x1f914;<\/a><time datetime=\"2022-02-04T20:09:19+01:00\" class=\"wp-block-latest-posts__post-date\">4. Februar 2022<\/time><\/li>\n<li><div class=\"wp-block-latest-posts__featured-image alignleft\"><a href=\"https:\/\/www2.waldex.ch\/wordpress\/?p=4925\" aria-label=\"Auch auf der Modulanlage tut sich etwas\"><img loading=\"lazy\" decoding=\"async\" width=\"150\" height=\"150\" src=\"https:\/\/www2.waldex.ch\/wordpress\/wp-content\/uploads\/2022\/02\/IMG_20210728_214656-1-scaled-e1643978755481-150x150.jpg\" class=\"attachment-thumbnail size-thumbnail wp-post-image\" alt=\"\" style=\"max-width:113px;max-height:113px;\" srcset=\"https:\/\/www2.waldex.ch\/wordpress\/wp-content\/uploads\/2022\/02\/IMG_20210728_214656-1-scaled-e1643978755481-150x150.jpg 150w, https:\/\/www2.waldex.ch\/wordpress\/wp-content\/uploads\/2022\/02\/IMG_20210728_214656-1-scaled-e1643978755481-100x100.jpg 100w\" sizes=\"auto, 100vw\" \/><\/a><\/div><a class=\"wp-block-latest-posts__post-title\" href=\"https:\/\/www2.waldex.ch\/wordpress\/?p=4925\">Auch auf der Modulanlage tut sich etwas<\/a><time datetime=\"2022-02-04T19:02:58+01:00\" class=\"wp-block-latest-posts__post-date\">4. Februar 2022<\/time><\/li>\n<li><div class=\"wp-block-latest-posts__featured-image alignleft\"><a href=\"https:\/\/www2.waldex.ch\/wordpress\/?p=4969\" aria-label=\"Manche(r\/s) wird schneller \u00e4lter als man denkt\"><img loading=\"lazy\" decoding=\"async\" width=\"150\" height=\"150\" src=\"https:\/\/www2.waldex.ch\/wordpress\/wp-content\/uploads\/2022\/02\/IMG_20201204_143933-150x150.jpg\" class=\"attachment-thumbnail size-thumbnail wp-post-image\" alt=\"\" style=\"max-width:113px;max-height:113px;\" srcset=\"https:\/\/www2.waldex.ch\/wordpress\/wp-content\/uploads\/2022\/02\/IMG_20201204_143933-150x150.jpg 150w, https:\/\/www2.waldex.ch\/wordpress\/wp-content\/uploads\/2022\/02\/IMG_20201204_143933-100x100.jpg 100w\" sizes=\"auto, 100vw\" \/><\/a><\/div><a class=\"wp-block-latest-posts__post-title\" href=\"https:\/\/www2.waldex.ch\/wordpress\/?p=4969\">Manche(r\/s) wird schneller \u00e4lter als man denkt<\/a><time datetime=\"2022-02-03T18:42:00+01:00\" class=\"wp-block-latest-posts__post-date\">3. Februar 2022<\/time><\/li>\n<li><div class=\"wp-block-latest-posts__featured-image alignleft\"><a href=\"https:\/\/www2.waldex.ch\/wordpress\/?p=4901\" aria-label=\"Schiffsbau!\"><img loading=\"lazy\" decoding=\"async\" width=\"150\" height=\"150\" src=\"https:\/\/www2.waldex.ch\/wordpress\/wp-content\/uploads\/2022\/02\/IMG_20201206_102540-150x150.jpg\" class=\"attachment-thumbnail size-thumbnail wp-post-image\" alt=\"\" style=\"max-width:113px;max-height:113px;\" srcset=\"https:\/\/www2.waldex.ch\/wordpress\/wp-content\/uploads\/2022\/02\/IMG_20201206_102540-150x150.jpg 150w, https:\/\/www2.waldex.ch\/wordpress\/wp-content\/uploads\/2022\/02\/IMG_20201206_102540-100x100.jpg 100w\" sizes=\"auto, 100vw\" \/><\/a><\/div><a class=\"wp-block-latest-posts__post-title\" href=\"https:\/\/www2.waldex.ch\/wordpress\/?p=4901\">Schiffsbau!<\/a><time datetime=\"2022-02-02T05:43:00+01:00\" class=\"wp-block-latest-posts__post-date\">2. Februar 2022<\/time><\/li>\n<li><div class=\"wp-block-latest-posts__featured-image alignleft\"><a href=\"https:\/\/www2.waldex.ch\/wordpress\/?p=5087\" aria-label=\"Endlich komme ich \u00fcberall hin!\"><img loading=\"lazy\" decoding=\"async\" width=\"150\" height=\"150\" src=\"https:\/\/www2.waldex.ch\/wordpress\/wp-content\/uploads\/2022\/02\/IMG_20220201_163709-1-150x150.jpg\" class=\"attachment-thumbnail size-thumbnail wp-post-image\" alt=\"\" style=\"max-width:113px;max-height:113px;\" srcset=\"https:\/\/www2.waldex.ch\/wordpress\/wp-content\/uploads\/2022\/02\/IMG_20220201_163709-1-150x150.jpg 150w, https:\/\/www2.waldex.ch\/wordpress\/wp-content\/uploads\/2022\/02\/IMG_20220201_163709-1-100x100.jpg 100w\" sizes=\"auto, 100vw\" \/><\/a><\/div><a class=\"wp-block-latest-posts__post-title\" href=\"https:\/\/www2.waldex.ch\/wordpress\/?p=5087\">Endlich komme ich \u00fcberall hin!<\/a><time datetime=\"2022-02-01T19:14:19+01:00\" class=\"wp-block-latest-posts__post-date\">1. Februar 2022<\/time><\/li>\n<li><div class=\"wp-block-latest-posts__featured-image alignleft\"><a href=\"https:\/\/www2.waldex.ch\/wordpress\/?p=4821\" aria-label=\"Verst\u00e4rker-Station beim Bau der Segmente\"><img loading=\"lazy\" decoding=\"async\" width=\"150\" height=\"150\" src=\"https:\/\/www2.waldex.ch\/wordpress\/wp-content\/uploads\/2022\/01\/IMG_20220116_164541-150x150.jpg\" class=\"attachment-thumbnail size-thumbnail wp-post-image\" alt=\"\" style=\"max-width:113px;max-height:113px;\" srcset=\"https:\/\/www2.waldex.ch\/wordpress\/wp-content\/uploads\/2022\/01\/IMG_20220116_164541-150x150.jpg 150w, https:\/\/www2.waldex.ch\/wordpress\/wp-content\/uploads\/2022\/01\/IMG_20220116_164541-100x100.jpg 100w\" sizes=\"auto, 100vw\" \/><\/a><\/div><a class=\"wp-block-latest-posts__post-title\" href=\"https:\/\/www2.waldex.ch\/wordpress\/?p=4821\">Verst\u00e4rker-Station beim Bau der Segmente<\/a><time datetime=\"2022-01-31T21:23:17+01:00\" class=\"wp-block-latest-posts__post-date\">31. Januar 2022<\/time><\/li>\n<li><div class=\"wp-block-latest-posts__featured-image alignleft\"><a href=\"https:\/\/www2.waldex.ch\/wordpress\/?p=4743\" aria-label=\"Weiterbau Winterdiorama (Skigebiet f\u00fcr auf die Anlage)\"><img loading=\"lazy\" decoding=\"async\" width=\"150\" height=\"150\" src=\"https:\/\/www2.waldex.ch\/wordpress\/wp-content\/uploads\/2022\/01\/IMG_20211219_205851-1-150x150.jpg\" class=\"attachment-thumbnail size-thumbnail wp-post-image\" alt=\"\" style=\"max-width:113px;max-height:113px;\" srcset=\"https:\/\/www2.waldex.ch\/wordpress\/wp-content\/uploads\/2022\/01\/IMG_20211219_205851-1-150x150.jpg 150w, https:\/\/www2.waldex.ch\/wordpress\/wp-content\/uploads\/2022\/01\/IMG_20211219_205851-1-100x100.jpg 100w\" sizes=\"auto, 100vw\" \/><\/a><\/div><a class=\"wp-block-latest-posts__post-title\" href=\"https:\/\/www2.waldex.ch\/wordpress\/?p=4743\">Weiterbau Winterdiorama (Skigebiet f\u00fcr auf die Anlage)<\/a><time datetime=\"2022-01-30T23:06:21+01:00\" class=\"wp-block-latest-posts__post-date\">30. Januar 2022<\/time><\/li>\n<li><div class=\"wp-block-latest-posts__featured-image alignleft\"><a href=\"https:\/\/www2.waldex.ch\/wordpress\/?p=4650\" aria-label=\"Neu seit 2020: Meine 0m Gartenbahn!\"><img loading=\"lazy\" decoding=\"async\" width=\"150\" height=\"150\" src=\"https:\/\/www2.waldex.ch\/wordpress\/wp-content\/uploads\/2022\/01\/IMG_20210529_134237-150x150.jpg\" class=\"attachment-thumbnail size-thumbnail wp-post-image\" alt=\"\" style=\"max-width:113px;max-height:113px;\" srcset=\"https:\/\/www2.waldex.ch\/wordpress\/wp-content\/uploads\/2022\/01\/IMG_20210529_134237-150x150.jpg 150w, https:\/\/www2.waldex.ch\/wordpress\/wp-content\/uploads\/2022\/01\/IMG_20210529_134237-100x100.jpg 100w\" sizes=\"auto, 100vw\" \/><\/a><\/div><a class=\"wp-block-latest-posts__post-title\" href=\"https:\/\/www2.waldex.ch\/wordpress\/?p=4650\">Neu seit 2020: Meine 0m Gartenbahn!<\/a><time datetime=\"2022-01-23T11:18:00+01:00\" class=\"wp-block-latest-posts__post-date\">23. Januar 2022<\/time><\/li>\n<li><div class=\"wp-block-latest-posts__featured-image alignleft\"><a href=\"https:\/\/www2.waldex.ch\/wordpress\/?p=4586\" aria-label=\"01.09.2019 Kleine Kurve f\u00fcr das Car-System\"><img loading=\"lazy\" decoding=\"async\" width=\"150\" height=\"150\" src=\"https:\/\/www2.waldex.ch\/wordpress\/wp-content\/uploads\/2019\/09\/IMG_20190901_194219-150x150.jpg\" class=\"attachment-thumbnail size-thumbnail wp-post-image\" alt=\"\" style=\"max-width:113px;max-height:113px;\" srcset=\"https:\/\/www2.waldex.ch\/wordpress\/wp-content\/uploads\/2019\/09\/IMG_20190901_194219-150x150.jpg 150w, https:\/\/www2.waldex.ch\/wordpress\/wp-content\/uploads\/2019\/09\/IMG_20190901_194219-100x100.jpg 100w\" sizes=\"auto, 100vw\" \/><\/a><\/div><a class=\"wp-block-latest-posts__post-title\" href=\"https:\/\/www2.waldex.ch\/wordpress\/?p=4586\">01.09.2019 Kleine Kurve f\u00fcr das Car-System<\/a><time datetime=\"2019-09-01T21:27:57+01:00\" class=\"wp-block-latest-posts__post-date\">1. September 2019<\/time><\/li>\n<li><div class=\"wp-block-latest-posts__featured-image alignleft\"><a href=\"https:\/\/www2.waldex.ch\/wordpress\/?p=4391\" aria-label=\"25.11.2018 Besuch bei Smilestones kurz nach der Er\u00f6ffnung\"><img loading=\"lazy\" decoding=\"async\" width=\"150\" height=\"150\" src=\"https:\/\/www2.waldex.ch\/wordpress\/wp-content\/uploads\/2023\/12\/nggallery_import\/IMG_20181125_102003-150x150.jpg\" class=\"attachment-thumbnail size-thumbnail wp-post-image\" alt=\"\" style=\"max-width:113px;max-height:113px;\" srcset=\"https:\/\/www2.waldex.ch\/wordpress\/wp-content\/uploads\/2023\/12\/nggallery_import\/IMG_20181125_102003-150x150.jpg 150w, https:\/\/www2.waldex.ch\/wordpress\/wp-content\/uploads\/2023\/12\/nggallery_import\/IMG_20181125_102003-100x100.jpg 100w\" sizes=\"auto, 100vw\" \/><\/a><\/div><a class=\"wp-block-latest-posts__post-title\" href=\"https:\/\/www2.waldex.ch\/wordpress\/?p=4391\">25.11.2018 Besuch bei Smilestones kurz nach der Er\u00f6ffnung<\/a><time datetime=\"2018-11-25T23:51:39+01:00\" class=\"wp-block-latest-posts__post-date\">25. November 2018<\/time><\/li>\n<li><div class=\"wp-block-latest-posts__featured-image alignleft\"><a href=\"https:\/\/www2.waldex.ch\/wordpress\/?p=4389\" aria-label=\"10.10.2018 Alpenbahnparadies\"><img loading=\"lazy\" decoding=\"async\" width=\"150\" height=\"150\" src=\"https:\/\/www2.waldex.ch\/wordpress\/wp-content\/uploads\/2023\/12\/nggallery_import\/IMG_20181010_190608-150x150.jpg\" class=\"attachment-thumbnail size-thumbnail wp-post-image\" alt=\"\" style=\"max-width:113px;max-height:113px;\" srcset=\"https:\/\/www2.waldex.ch\/wordpress\/wp-content\/uploads\/2023\/12\/nggallery_import\/IMG_20181010_190608-150x150.jpg 150w, https:\/\/www2.waldex.ch\/wordpress\/wp-content\/uploads\/2023\/12\/nggallery_import\/IMG_20181010_190608-100x100.jpg 100w\" sizes=\"auto, 100vw\" \/><\/a><\/div><a class=\"wp-block-latest-posts__post-title\" href=\"https:\/\/www2.waldex.ch\/wordpress\/?p=4389\">10.10.2018 Alpenbahnparadies<\/a><time datetime=\"2018-10-10T23:49:23+01:00\" class=\"wp-block-latest-posts__post-date\">10. Oktober 2018<\/time><\/li>\n<li><div class=\"wp-block-latest-posts__featured-image alignleft\"><a href=\"https:\/\/www2.waldex.ch\/wordpress\/?p=4387\" aria-label=\"21.09.2018 A-Z Modellbahnen feiert das 5-j\u00e4hrige Jubil\u00e4um\"><img loading=\"lazy\" decoding=\"async\" width=\"150\" height=\"150\" src=\"https:\/\/www2.waldex.ch\/wordpress\/wp-content\/uploads\/2023\/12\/nggallery_import\/2-IMG_20180922_163032-150x150.jpg\" class=\"attachment-thumbnail size-thumbnail wp-post-image\" alt=\"\" style=\"max-width:113px;max-height:113px;\" srcset=\"https:\/\/www2.waldex.ch\/wordpress\/wp-content\/uploads\/2023\/12\/nggallery_import\/2-IMG_20180922_163032-150x150.jpg 150w, https:\/\/www2.waldex.ch\/wordpress\/wp-content\/uploads\/2023\/12\/nggallery_import\/2-IMG_20180922_163032-100x100.jpg 100w\" sizes=\"auto, 100vw\" \/><\/a><\/div><a class=\"wp-block-latest-posts__post-title\" href=\"https:\/\/www2.waldex.ch\/wordpress\/?p=4387\">21.09.2018 A-Z Modellbahnen feiert das 5-j\u00e4hrige Jubil\u00e4um<\/a><time datetime=\"2018-09-21T23:47:34+01:00\" class=\"wp-block-latest-posts__post-date\">21. September 2018<\/time><\/li>\n<li><div class=\"wp-block-latest-posts__featured-image alignleft\"><a href=\"https:\/\/www2.waldex.ch\/wordpress\/?p=4385\" aria-label=\"18.07.2018 Ausflug zum Titisee\"><img loading=\"lazy\" decoding=\"async\" width=\"150\" height=\"150\" src=\"https:\/\/www2.waldex.ch\/wordpress\/wp-content\/uploads\/2023\/12\/nggallery_import\/DSC_3192-150x150.jpg\" class=\"attachment-thumbnail size-thumbnail wp-post-image\" alt=\"\" style=\"max-width:113px;max-height:113px;\" srcset=\"https:\/\/www2.waldex.ch\/wordpress\/wp-content\/uploads\/2023\/12\/nggallery_import\/DSC_3192-150x150.jpg 150w, https:\/\/www2.waldex.ch\/wordpress\/wp-content\/uploads\/2023\/12\/nggallery_import\/DSC_3192-100x100.jpg 100w\" sizes=\"auto, 100vw\" \/><\/a><\/div><a class=\"wp-block-latest-posts__post-title\" href=\"https:\/\/www2.waldex.ch\/wordpress\/?p=4385\">18.07.2018 Ausflug zum Titisee<\/a><time datetime=\"2018-07-18T23:45:30+01:00\" class=\"wp-block-latest-posts__post-date\">18. Juli 2018<\/time><\/li>\n<li><div class=\"wp-block-latest-posts__featured-image alignleft\"><a href=\"https:\/\/www2.waldex.ch\/wordpress\/?p=3927\" aria-label=\"Gleisbau im Bahnhofsvorfeld und die lieben Weichenantriebe&#8230;.\"><img loading=\"lazy\" decoding=\"async\" width=\"150\" height=\"150\" src=\"https:\/\/www2.waldex.ch\/wordpress\/wp-content\/uploads\/2018\/05\/DSC_1954-150x150.jpg\" class=\"attachment-thumbnail size-thumbnail wp-post-image\" alt=\"\" style=\"max-width:113px;max-height:113px;\" srcset=\"https:\/\/www2.waldex.ch\/wordpress\/wp-content\/uploads\/2018\/05\/DSC_1954-150x150.jpg 150w, https:\/\/www2.waldex.ch\/wordpress\/wp-content\/uploads\/2018\/05\/DSC_1954-100x100.jpg 100w\" sizes=\"auto, 100vw\" \/><\/a><\/div><a class=\"wp-block-latest-posts__post-title\" href=\"https:\/\/www2.waldex.ch\/wordpress\/?p=3927\">Gleisbau im Bahnhofsvorfeld und die lieben Weichenantriebe&#8230;.<\/a><time datetime=\"2018-05-28T18:42:01+01:00\" class=\"wp-block-latest-posts__post-date\">28. Mai 2018<\/time><\/li>\n<li><div class=\"wp-block-latest-posts__featured-image alignleft\"><a href=\"https:\/\/www2.waldex.ch\/wordpress\/?p=3642\" aria-label=\"Strasse gef\u00e4llig? Bitte sehr!\"><img loading=\"lazy\" decoding=\"async\" width=\"150\" height=\"150\" src=\"https:\/\/www2.waldex.ch\/wordpress\/wp-content\/uploads\/2018\/04\/wp-image-806280604-150x150.jpg\" class=\"attachment-thumbnail size-thumbnail wp-post-image\" alt=\"\" style=\"max-width:113px;max-height:113px;\" srcset=\"https:\/\/www2.waldex.ch\/wordpress\/wp-content\/uploads\/2018\/04\/wp-image-806280604-150x150.jpg 150w, https:\/\/www2.waldex.ch\/wordpress\/wp-content\/uploads\/2018\/04\/wp-image-806280604-100x100.jpg 100w\" sizes=\"auto, 100vw\" \/><\/a><\/div><a class=\"wp-block-latest-posts__post-title\" href=\"https:\/\/www2.waldex.ch\/wordpress\/?p=3642\">Strasse gef\u00e4llig? Bitte sehr!<\/a><time datetime=\"2018-04-10T13:34:19+01:00\" class=\"wp-block-latest-posts__post-date\">10. April 2018<\/time><\/li>\n<li><div class=\"wp-block-latest-posts__featured-image alignleft\"><a href=\"https:\/\/www2.waldex.ch\/wordpress\/?p=3654\" aria-label=\"1. Fahrt im Bahnhofsvorfeld\"><img loading=\"lazy\" decoding=\"async\" width=\"150\" height=\"150\" src=\"https:\/\/www2.waldex.ch\/wordpress\/wp-content\/uploads\/2018\/04\/bhf_Fahrt_Seg1u2-150x150.jpg\" class=\"attachment-thumbnail size-thumbnail wp-post-image\" alt=\"\" style=\"max-width:113px;max-height:113px;\" srcset=\"https:\/\/www2.waldex.ch\/wordpress\/wp-content\/uploads\/2018\/04\/bhf_Fahrt_Seg1u2-150x150.jpg 150w, https:\/\/www2.waldex.ch\/wordpress\/wp-content\/uploads\/2018\/04\/bhf_Fahrt_Seg1u2-100x100.jpg 100w\" sizes=\"auto, 100vw\" \/><\/a><\/div><a class=\"wp-block-latest-posts__post-title\" href=\"https:\/\/www2.waldex.ch\/wordpress\/?p=3654\">1. Fahrt im Bahnhofsvorfeld<\/a><time datetime=\"2018-04-08T23:04:14+01:00\" class=\"wp-block-latest-posts__post-date\">8. April 2018<\/time><\/li>\n<li><div class=\"wp-block-latest-posts__featured-image alignleft\"><a href=\"https:\/\/www2.waldex.ch\/wordpress\/?p=3631\" aria-label=\"Br\u00fcckenkappen f\u00fcr Wendeschlaufe\"><img loading=\"lazy\" decoding=\"async\" width=\"150\" height=\"150\" src=\"https:\/\/www2.waldex.ch\/wordpress\/wp-content\/uploads\/2018\/04\/brueckenkappen_20160429_seg1_hafen_ohne_spanten-150x150.jpg\" class=\"attachment-thumbnail size-thumbnail wp-post-image\" alt=\"\" style=\"max-width:113px;max-height:113px;\" srcset=\"https:\/\/www2.waldex.ch\/wordpress\/wp-content\/uploads\/2018\/04\/brueckenkappen_20160429_seg1_hafen_ohne_spanten-150x150.jpg 150w, https:\/\/www2.waldex.ch\/wordpress\/wp-content\/uploads\/2018\/04\/brueckenkappen_20160429_seg1_hafen_ohne_spanten-100x100.jpg 100w\" sizes=\"auto, 100vw\" \/><\/a><\/div><a class=\"wp-block-latest-posts__post-title\" href=\"https:\/\/www2.waldex.ch\/wordpress\/?p=3631\">Br\u00fcckenkappen f\u00fcr Wendeschlaufe<\/a><time datetime=\"2018-04-03T12:42:36+01:00\" class=\"wp-block-latest-posts__post-date\">3. April 2018<\/time><\/li>\n<\/ul><\/div><\/div>\n<\/div>\n<\/div>\n\n\n\n<p><strong>Tipp:<\/strong> ganz zuunterst auf jeder Blog-Seite in der Mitte&nbsp; gibt es die M\u00f6glichkeit \u00fcber nummerierte Links (   &lt;-  1&#8230;3 &#8211; &gt;  ), auf Seiten mit \u00e4lteren Blogs\/anderen Bauprojekten zu springen.<\/p>\n","protected":false},"excerpt":{"rendered":"<p>&nbsp;Zum ersten mal da? Ein detaillierter Beschrieb findet man hier. Das muss man gesehen haben: AnlagenvideosTop Anlagenvdeo im Juni 2009 Ab und zu reingucken? Bilder sagen mehr als Worte! In der Bildergallerie ist s\u00e4mtliches Bauen und Besuchen von bahn-relevanten Ausstellungen und Anl\u00e4ssen bis 2014 fotodokumentiert! Bilder nach 2014 sind und werden in den einzelnen Blogs &hellip; <\/p>\n<p class=\"link-more\"><a href=\"https:\/\/www2.waldex.ch\/wordpress\/?p=20\" class=\"more-link\"><span class=\"screen-reader-text\">&#8222;Warum diese Website und was finde ich hier?&#8220;<\/span> weiterlesen<\/a><\/p>\n","protected":false},"author":250,"featured_media":0,"comment_status":"closed","ping_status":"closed","sticky":true,"template":"","format":"standard","meta":{"ngg_post_thumbnail":0,"footnotes":""},"categories":[1],"tags":[],"class_list":["post-20","post","type-post","status-publish","format-standard","hentry","category-allgemein"],"_links":{"self":[{"href":"https:\/\/www2.waldex.ch\/wordpress\/index.php?rest_route=\/wp\/v2\/posts\/20","targetHints":{"allow":["GET"]}}],"collection":[{"href":"https:\/\/www2.waldex.ch\/wordpress\/index.php?rest_route=\/wp\/v2\/posts"}],"about":[{"href":"https:\/\/www2.waldex.ch\/wordpress\/index.php?rest_route=\/wp\/v2\/types\/post"}],"author":[{"embeddable":true,"href":"https:\/\/www2.waldex.ch\/wordpress\/index.php?rest_route=\/wp\/v2\/users\/250"}],"replies":[{"embeddable":true,"href":"https:\/\/www2.waldex.ch\/wordpress\/index.php?rest_route=%2Fwp%2Fv2%2Fcomments&post=20"}],"version-history":[{"count":0,"href":"https:\/\/www2.waldex.ch\/wordpress\/index.php?rest_route=\/wp\/v2\/posts\/20\/revisions"}],"wp:attachment":[{"href":"https:\/\/www2.waldex.ch\/wordpress\/index.php?rest_route=%2Fwp%2Fv2%2Fmedia&parent=20"}],"wp:term":[{"taxonomy":"category","embeddable":true,"href":"https:\/\/www2.waldex.ch\/wordpress\/index.php?rest_route=%2Fwp%2Fv2%2Fcategories&post=20"},{"taxonomy":"post_tag","embeddable":true,"href":"https:\/\/www2.waldex.ch\/wordpress\/index.php?rest_route=%2Fwp%2Fv2%2Ftags&post=20"}],"curies":[{"name":"wp","href":"https:\/\/api.w.org\/{rel}","templated":true}]}}