







































































































































































































































































{"id":188,"date":"2010-08-16T08:40:34","date_gmt":"2010-08-16T06:40:34","guid":{"rendered":"http:\/\/www2.waldex.ch\/wordpress\/?p=188"},"modified":"2022-02-05T04:39:23","modified_gmt":"2022-02-05T02:39:23","slug":"betriebsunterbruch-wegen-umzug","status":"publish","type":"post","link":"https:\/\/www2.waldex.ch\/wordpress\/?p=188","title":{"rendered":"Betriebsunterbruch wegen Umzug!"},"content":{"rendered":"<p>Liebe B\u00fcrger von Waldingen,<\/p>\n<p>Waldingen ist in Bewegung! Wegen Umzug in ein neues Haus wird alles in Kisten verpackt und die Anlage auseinandergeschraubt. Dies ist ein Vorteil der Module! Kein aufwendiger Abbruch n\u00f6tig.<\/p>\n<p><img loading=\"lazy\" decoding=\"async\" class=\"alignnone size-medium\" src=\"http:\/\/www2.waldex.ch\/gallery3\/var\/albums\/Nov_09\/15112009284.jpg?m=1341775082\" width=\"2592\" height=\"1944\"\/><\/p>\n<p>Der Weiterbau ist bis auf Weiteres gestoppt. Unter dem Link &#8222;Anlagenvideos&#8220; (oben rechts) sind einige Filmchen vom letzten Fahrtag (21. August 2010) zu finden, die noch einmal die letzten Eindr\u00fccke mit auf den Weg geben.<\/p>\n<p><img loading=\"lazy\" decoding=\"async\" class=\"alignnone size-medium\" src=\"http:\/\/www2.waldex.ch\/gallery3\/var\/albums\/Nov_09\/15112009285.jpg?m=1341775091\" width=\"2592\" height=\"1944\"\/><\/p>\n<p>Wir melden uns sp\u00e4testens im Januar 2010 wieder. Besten Dank f\u00fcrs Verst\u00e4ndnis!<br \/>\nEuer Homo Modellis.<\/p>\n","protected":false},"excerpt":{"rendered":"<p>Liebe B\u00fcrger von Waldingen, Waldingen ist in Bewegung! Wegen Umzug in ein neues Haus wird alles in Kisten verpackt und die Anlage auseinandergeschraubt. Dies ist ein Vorteil der Module! Kein aufwendiger Abbruch n\u00f6tig. Der Weiterbau ist bis auf Weiteres gestoppt. Unter dem Link &#8222;Anlagenvideos&#8220; (oben rechts) sind einige Filmchen vom letzten Fahrtag (21. August 2010) &hellip; <\/p>\n<p class=\"link-more\"><a href=\"https:\/\/www2.waldex.ch\/wordpress\/?p=188\" class=\"more-link\"><span class=\"screen-reader-text\">&#8222;Betriebsunterbruch wegen Umzug!&#8220;<\/span> weiterlesen<\/a><\/p>\n","protected":false},"author":250,"featured_media":955,"comment_status":"closed","ping_status":"closed","sticky":false,"template":"","format":"standard","meta":{"ngg_post_thumbnail":0,"footnotes":""},"categories":[1],"tags":[],"class_list":["post-188","post","type-post","status-publish","format-standard","has-post-thumbnail","hentry","category-allgemein"],"_links":{"self":[{"href":"https:\/\/www2.waldex.ch\/wordpress\/index.php?rest_route=\/wp\/v2\/posts\/188","targetHints":{"allow":["GET"]}}],"collection":[{"href":"https:\/\/www2.waldex.ch\/wordpress\/index.php?rest_route=\/wp\/v2\/posts"}],"about":[{"href":"https:\/\/www2.waldex.ch\/wordpress\/index.php?rest_route=\/wp\/v2\/types\/post"}],"author":[{"embeddable":true,"href":"https:\/\/www2.waldex.ch\/wordpress\/index.php?rest_route=\/wp\/v2\/users\/250"}],"replies":[{"embeddable":true,"href":"https:\/\/www2.waldex.ch\/wordpress\/index.php?rest_route=%2Fwp%2Fv2%2Fcomments&post=188"}],"version-history":[{"count":0,"href":"https:\/\/www2.waldex.ch\/wordpress\/index.php?rest_route=\/wp\/v2\/posts\/188\/revisions"}],"wp:featuredmedia":[{"embeddable":true,"href":"https:\/\/www2.waldex.ch\/wordpress\/index.php?rest_route=\/wp\/v2\/media\/955"}],"wp:attachment":[{"href":"https:\/\/www2.waldex.ch\/wordpress\/index.php?rest_route=%2Fwp%2Fv2%2Fmedia&parent=188"}],"wp:term":[{"taxonomy":"category","embeddable":true,"href":"https:\/\/www2.waldex.ch\/wordpress\/index.php?rest_route=%2Fwp%2Fv2%2Fcategories&post=188"},{"taxonomy":"post_tag","embeddable":true,"href":"https:\/\/www2.waldex.ch\/wordpress\/index.php?rest_route=%2Fwp%2Fv2%2Ftags&post=188"}],"curies":[{"name":"wp","href":"https:\/\/api.w.org\/{rel}","templated":true}]}}