







































































































































































































































































{"id":17544,"date":"2025-09-21T19:41:11","date_gmt":"2025-09-21T18:41:11","guid":{"rendered":"https:\/\/www2.waldex.ch\/wordpress\/?p=17544"},"modified":"2025-12-07T08:54:58","modified_gmt":"2025-12-07T07:54:58","slug":"bauen-und-den-segmenten-im-september","status":"publish","type":"post","link":"https:\/\/www2.waldex.ch\/wordpress\/?p=17544","title":{"rendered":"Bauen im September \u2013 wenn Waldingen wieder zum Ingenieurb\u00fcro wird"},"content":{"rendered":"\n<p>Autoren: Homo Modellis und ChatGPT \ud83d\ude42<\/p>\n<p data-start=\"354\" data-end=\"517\">Der September in Waldingen steht unter einem bekannten Motto:<br data-start=\"415\" data-end=\"418\"\/><em data-start=\"418\" data-end=\"517\">\u201eWir wollten ja nur ein bisschen bauen\u2026 und pl\u00f6tzlich stehen wir kurz vor einer Vollausstattung!\u201c<\/em><\/p>\n<p data-start=\"519\" data-end=\"701\">Denn auf den ersten Segmenten ist richtig was passiert: <strong data-start=\"575\" data-end=\"639\">Stra\u00dfenmarkierungen, Tunnelportale und erste Br\u00fcckenarbeiten<\/strong> dominieren die Szene<\/p>\n\n\n\n<figure class=\"wp-block-image size-large\"><img loading=\"lazy\" decoding=\"async\" width=\"1024\" height=\"768\" src=\"https:\/\/www2.waldex.ch\/wordpress\/wp-content\/uploads\/2025\/09\/img_6585-1024x768.jpg\" alt=\"\" class=\"wp-image-17529\" srcset=\"https:\/\/www2.waldex.ch\/wordpress\/wp-content\/uploads\/2025\/09\/img_6585-1024x768.jpg 1024w, https:\/\/www2.waldex.ch\/wordpress\/wp-content\/uploads\/2025\/09\/img_6585-300x225.jpg 300w, https:\/\/www2.waldex.ch\/wordpress\/wp-content\/uploads\/2025\/09\/img_6585-768x576.jpg 768w, https:\/\/www2.waldex.ch\/wordpress\/wp-content\/uploads\/2025\/09\/img_6585-1536x1152.jpg 1536w, https:\/\/www2.waldex.ch\/wordpress\/wp-content\/uploads\/2025\/09\/img_6585.jpg 2000w\" sizes=\"auto, (max-width: 767px) 89vw, (max-width: 1000px) 54vw, (max-width: 1071px) 543px, 580px\" \/><\/figure>\n\n\n\n<p><em>\u201eTunnelportal im Probeeinbau: Hier entscheidet sich, ob die Lok sp\u00e4ter majest\u00e4tisch hineinf\u00e4hrt oder majest\u00e4tisch h\u00e4ngenbleibt.\u201c<\/em><\/p>\n\n\n\n<p><em>\u201eSegment 1 und 2 im Fokus \u2014 Stra\u00dfenmarkierungen frisch aufgetragen, der Verkehr kann theoretisch rollen.\u201c<\/em><\/p>\n\n\n\n<p>Alles nat\u00fcrlich im Geiste einer <strong data-start=\"735\" data-end=\"774\">Vor\u00adalpenlandschaft im Ma\u00dfstab 1:87<\/strong>, wo selbst Millimeter gef\u00fchlt zu Bauvorschriften werden.<\/p>\n\n\n\n<h3 data-start=\"838\" data-end=\"927\"><strong data-start=\"842\" data-end=\"927\">Tunnelportale, Br\u00fccken &amp; Trassenvorbereitung \u2013 kurz: oberirdische Ingenieurskunst<\/strong><\/h3>\n<p data-start=\"929\" data-end=\"1018\">W\u00e4hrend die unteren Ebenen brav in Betonruhe verharren, darf die oberste Etage gl\u00e4nzen:<\/p>\n<ul data-start=\"1020\" data-end=\"1210\">\n<li data-start=\"1020\" data-end=\"1046\">\n<p data-start=\"1022\" data-end=\"1046\">Br\u00fccken werden gesetzt<\/p>\n<\/li>\n<li data-start=\"1047\" data-end=\"1075\">\n<p data-start=\"1049\" data-end=\"1075\">Tunnelportale eingepasst<\/p>\n<\/li>\n<li data-start=\"1076\" data-end=\"1210\">\n<p data-start=\"1078\" data-end=\"1210\">und die Trasse vorbereitet \u2013 denn irgendjemand muss ja die Z\u00fcge sicher durchs Gebirge f\u00fchren<\/p>\n<\/li>\n<\/ul>\n<p data-start=\"1212\" data-end=\"1353\">Es wirkt ein wenig wie bei Gro\u00dfprojekten im echten Leben \u2013 nur ohne Volksabstimmung, Budgetdebatten und Verz\u00f6gerungsskandal (naja, meistens).<\/p>\n\n\n\n<figure class=\"wp-block-image size-large\"><img loading=\"lazy\" decoding=\"async\" width=\"1024\" height=\"768\" src=\"https:\/\/www2.waldex.ch\/wordpress\/wp-content\/uploads\/2025\/09\/img_6575-1024x768.jpg\" alt=\"\" class=\"wp-image-17530\" srcset=\"https:\/\/www2.waldex.ch\/wordpress\/wp-content\/uploads\/2025\/09\/img_6575-1024x768.jpg 1024w, https:\/\/www2.waldex.ch\/wordpress\/wp-content\/uploads\/2025\/09\/img_6575-300x225.jpg 300w, https:\/\/www2.waldex.ch\/wordpress\/wp-content\/uploads\/2025\/09\/img_6575-768x576.jpg 768w, https:\/\/www2.waldex.ch\/wordpress\/wp-content\/uploads\/2025\/09\/img_6575-1536x1152.jpg 1536w, https:\/\/www2.waldex.ch\/wordpress\/wp-content\/uploads\/2025\/09\/img_6575.jpg 2000w\" sizes=\"auto, (max-width: 767px) 89vw, (max-width: 1000px) 54vw, (max-width: 1071px) 543px, 580px\" \/><\/figure>\n\n\n\n<p>\u201eBr\u00fcckenbaustelle \u2013 Hartschaum, Kleber, Mut. Alles, was auch die gro\u00dfen Bauingenieure verwenden\u2026 zumindest zwei davon.\u201c<\/p>\n\n\n\n<figure class=\"wp-block-image size-large\"><img loading=\"lazy\" decoding=\"async\" width=\"768\" height=\"1024\" src=\"https:\/\/www2.waldex.ch\/wordpress\/wp-content\/uploads\/2025\/09\/img_6576-768x1024.jpg\" alt=\"\" class=\"wp-image-17546\" srcset=\"https:\/\/www2.waldex.ch\/wordpress\/wp-content\/uploads\/2025\/09\/img_6576-768x1024.jpg 768w, https:\/\/www2.waldex.ch\/wordpress\/wp-content\/uploads\/2025\/09\/img_6576-225x300.jpg 225w, https:\/\/www2.waldex.ch\/wordpress\/wp-content\/uploads\/2025\/09\/img_6576-1152x1536.jpg 1152w, https:\/\/www2.waldex.ch\/wordpress\/wp-content\/uploads\/2025\/09\/img_6576.jpg 1500w\" sizes=\"auto, (max-width: 767px) 89vw, (max-width: 1000px) 54vw, (max-width: 1071px) 543px, 580px\" \/><\/figure>\n\n\n\n<p><em>\u201eDie verborgene Ausfahrt: Autos verschwinden unter der Bahn und tauchen, unauff\u00e4llig wie Spione, auf der Stra\u00dfe wieder auf.\u201c<\/em><\/p>\n\n\n\n<p><strong>Stra\u00dfenf\u00fchrung mit Tarnfunktion: Autos? Welche Ausfahrt?<\/strong><\/p>\n\n\n\n<p>Ein besonderes Highlight: <strong>Die Stra\u00dfenf\u00fchrung unter der Bahnbr\u00fccke<\/strong>.<\/p>\n\n\n\n<p>Hier fahren Autos k\u00fcnftig <strong>unscheinbar auf die Stra\u00dfe hinaus<\/strong>, geschickt verborgen durch zwei Parkpl\u00e4tze \u2013 Modelllandschaft meets Tarnkappentechnik Bauen und den Segmenten im Sept\u2026.<\/p>\n\n\n\n<p>Wer das sp\u00e4ter sieht, wird denken: \u201eAh, logisch, so ist es bestimmt in echt\u201c \u2013 und genau das ist das Ziel.<\/p>\n<p>&nbsp;<\/p>\n\n\n\n<figure class=\"wp-block-image size-large\"><img loading=\"lazy\" decoding=\"async\" width=\"768\" height=\"1024\" src=\"https:\/\/www2.waldex.ch\/wordpress\/wp-content\/uploads\/2025\/09\/img_6578-768x1024.jpg\" alt=\"\" class=\"wp-image-17531\" srcset=\"https:\/\/www2.waldex.ch\/wordpress\/wp-content\/uploads\/2025\/09\/img_6578-768x1024.jpg 768w, https:\/\/www2.waldex.ch\/wordpress\/wp-content\/uploads\/2025\/09\/img_6578-225x300.jpg 225w, https:\/\/www2.waldex.ch\/wordpress\/wp-content\/uploads\/2025\/09\/img_6578-1152x1536.jpg 1152w, https:\/\/www2.waldex.ch\/wordpress\/wp-content\/uploads\/2025\/09\/img_6578.jpg 1500w\" sizes=\"auto, (max-width: 767px) 89vw, (max-width: 1000px) 54vw, (max-width: 1071px) 543px, 580px\" \/><\/figure>\n\n\n\n<p>\u201eStra\u00dfe verlegt, Autos zufrieden. Man beachte: Auch Modellfahrzeuge sch\u00e4tzen klare Verkehrsf\u00fchrung.\u201c<\/p>\n\n\n\n<figure class=\"wp-block-image size-large\"><img loading=\"lazy\" decoding=\"async\" width=\"1024\" height=\"768\" src=\"https:\/\/www2.waldex.ch\/wordpress\/wp-content\/uploads\/2025\/09\/img_6582-1024x768.jpg\" alt=\"\" class=\"wp-image-17533\" srcset=\"https:\/\/www2.waldex.ch\/wordpress\/wp-content\/uploads\/2025\/09\/img_6582-1024x768.jpg 1024w, https:\/\/www2.waldex.ch\/wordpress\/wp-content\/uploads\/2025\/09\/img_6582-300x225.jpg 300w, https:\/\/www2.waldex.ch\/wordpress\/wp-content\/uploads\/2025\/09\/img_6582-768x576.jpg 768w, https:\/\/www2.waldex.ch\/wordpress\/wp-content\/uploads\/2025\/09\/img_6582-1536x1152.jpg 1536w, https:\/\/www2.waldex.ch\/wordpress\/wp-content\/uploads\/2025\/09\/img_6582.jpg 2000w\" sizes=\"auto, (max-width: 767px) 89vw, (max-width: 1000px) 54vw, (max-width: 1071px) 543px, 580px\" \/><\/figure>\n\n\n\n<p><\/p>\n\n\n\n<figure class=\"wp-block-image size-large\"><img loading=\"lazy\" decoding=\"async\" width=\"1024\" height=\"768\" src=\"https:\/\/www2.waldex.ch\/wordpress\/wp-content\/uploads\/2025\/09\/img_6591-1024x768.jpg\" alt=\"\" class=\"wp-image-17534\" srcset=\"https:\/\/www2.waldex.ch\/wordpress\/wp-content\/uploads\/2025\/09\/img_6591-1024x768.jpg 1024w, https:\/\/www2.waldex.ch\/wordpress\/wp-content\/uploads\/2025\/09\/img_6591-300x225.jpg 300w, https:\/\/www2.waldex.ch\/wordpress\/wp-content\/uploads\/2025\/09\/img_6591-768x576.jpg 768w, https:\/\/www2.waldex.ch\/wordpress\/wp-content\/uploads\/2025\/09\/img_6591-1536x1152.jpg 1536w, https:\/\/www2.waldex.ch\/wordpress\/wp-content\/uploads\/2025\/09\/img_6591.jpg 2000w\" sizes=\"auto, (max-width: 767px) 89vw, (max-width: 1000px) 54vw, (max-width: 1071px) 543px, 580px\" \/><\/figure>\n\n\n\n<p><em>\u201eParkplatz als Tarnmodul: Was aussieht wie ein Parkplatz ist in Wirklichkeit ein eleganter Sichtschutz f\u00fcr den Stra\u00dfenabgang.\u201c<\/em><\/p>\n\n\n\n<figure class=\"wp-block-image size-large\"><img loading=\"lazy\" decoding=\"async\" width=\"1024\" height=\"768\" src=\"https:\/\/www2.waldex.ch\/wordpress\/wp-content\/uploads\/2025\/09\/img_6589-1024x768.jpg\" alt=\"\" class=\"wp-image-17535\" srcset=\"https:\/\/www2.waldex.ch\/wordpress\/wp-content\/uploads\/2025\/09\/img_6589-1024x768.jpg 1024w, https:\/\/www2.waldex.ch\/wordpress\/wp-content\/uploads\/2025\/09\/img_6589-300x225.jpg 300w, https:\/\/www2.waldex.ch\/wordpress\/wp-content\/uploads\/2025\/09\/img_6589-768x576.jpg 768w, https:\/\/www2.waldex.ch\/wordpress\/wp-content\/uploads\/2025\/09\/img_6589-1536x1152.jpg 1536w, https:\/\/www2.waldex.ch\/wordpress\/wp-content\/uploads\/2025\/09\/img_6589.jpg 2000w\" sizes=\"auto, (max-width: 767px) 89vw, (max-width: 1000px) 54vw, (max-width: 1071px) 543px, 580px\" \/><\/figure>\n\n\n\n<figure class=\"wp-block-image size-large\"><img loading=\"lazy\" decoding=\"async\" width=\"768\" height=\"1024\" src=\"https:\/\/www2.waldex.ch\/wordpress\/wp-content\/uploads\/2025\/09\/img_6590-768x1024.jpg\" alt=\"\" class=\"wp-image-17536\" srcset=\"https:\/\/www2.waldex.ch\/wordpress\/wp-content\/uploads\/2025\/09\/img_6590-768x1024.jpg 768w, https:\/\/www2.waldex.ch\/wordpress\/wp-content\/uploads\/2025\/09\/img_6590-225x300.jpg 225w, https:\/\/www2.waldex.ch\/wordpress\/wp-content\/uploads\/2025\/09\/img_6590-1152x1536.jpg 1152w, https:\/\/www2.waldex.ch\/wordpress\/wp-content\/uploads\/2025\/09\/img_6590.jpg 1500w\" sizes=\"auto, (max-width: 767px) 89vw, (max-width: 1000px) 54vw, (max-width: 1071px) 543px, 580px\" \/><\/figure>\n\n\n\n<p>&#8230;und da ist noch die oberste Ebene&#8230;geplant mit K- Gleis, realisieren aber doch lieber mit C-Gleis?<\/p>\n\n\n\n<figure class=\"wp-block-image size-large\"><img loading=\"lazy\" decoding=\"async\" width=\"1024\" height=\"768\" src=\"https:\/\/www2.waldex.ch\/wordpress\/wp-content\/uploads\/2025\/09\/img_6574-1024x768.jpg\" alt=\"\" class=\"wp-image-17537\" srcset=\"https:\/\/www2.waldex.ch\/wordpress\/wp-content\/uploads\/2025\/09\/img_6574-1024x768.jpg 1024w, https:\/\/www2.waldex.ch\/wordpress\/wp-content\/uploads\/2025\/09\/img_6574-300x225.jpg 300w, https:\/\/www2.waldex.ch\/wordpress\/wp-content\/uploads\/2025\/09\/img_6574-768x576.jpg 768w, https:\/\/www2.waldex.ch\/wordpress\/wp-content\/uploads\/2025\/09\/img_6574-1536x1152.jpg 1536w, https:\/\/www2.waldex.ch\/wordpress\/wp-content\/uploads\/2025\/09\/img_6574.jpg 2000w\" sizes=\"auto, (max-width: 767px) 89vw, (max-width: 1000px) 54vw, (max-width: 1071px) 543px, 580px\" \/><\/figure>\n\n\n\n<p>\u201eOberste Ebene: Da, wo die Z\u00fcge H\u00f6henluft schnuppern und die Br\u00fcckenbauer schwitzen.\u201c<\/p>\n\n\n\n<figure class=\"wp-block-image size-large\"><img loading=\"lazy\" decoding=\"async\" width=\"1024\" height=\"768\" src=\"https:\/\/www2.waldex.ch\/wordpress\/wp-content\/uploads\/2025\/09\/img_6572-1024x768.jpg\" alt=\"\" class=\"wp-image-17538\" srcset=\"https:\/\/www2.waldex.ch\/wordpress\/wp-content\/uploads\/2025\/09\/img_6572-1024x768.jpg 1024w, https:\/\/www2.waldex.ch\/wordpress\/wp-content\/uploads\/2025\/09\/img_6572-300x225.jpg 300w, https:\/\/www2.waldex.ch\/wordpress\/wp-content\/uploads\/2025\/09\/img_6572-768x576.jpg 768w, https:\/\/www2.waldex.ch\/wordpress\/wp-content\/uploads\/2025\/09\/img_6572-1536x1152.jpg 1536w, https:\/\/www2.waldex.ch\/wordpress\/wp-content\/uploads\/2025\/09\/img_6572.jpg 2000w\" sizes=\"auto, (max-width: 767px) 89vw, (max-width: 1000px) 54vw, (max-width: 1071px) 543px, 580px\" \/><\/figure>\n\n\n\n<figure class=\"wp-block-image size-large\"><img loading=\"lazy\" decoding=\"async\" width=\"1024\" height=\"768\" src=\"https:\/\/www2.waldex.ch\/wordpress\/wp-content\/uploads\/2025\/09\/img_6571-1024x768.jpg\" alt=\"\" class=\"wp-image-17539\" srcset=\"https:\/\/www2.waldex.ch\/wordpress\/wp-content\/uploads\/2025\/09\/img_6571-1024x768.jpg 1024w, https:\/\/www2.waldex.ch\/wordpress\/wp-content\/uploads\/2025\/09\/img_6571-300x225.jpg 300w, https:\/\/www2.waldex.ch\/wordpress\/wp-content\/uploads\/2025\/09\/img_6571-768x576.jpg 768w, https:\/\/www2.waldex.ch\/wordpress\/wp-content\/uploads\/2025\/09\/img_6571-1536x1152.jpg 1536w, https:\/\/www2.waldex.ch\/wordpress\/wp-content\/uploads\/2025\/09\/img_6571.jpg 2000w\" sizes=\"auto, (max-width: 767px) 89vw, (max-width: 1000px) 54vw, (max-width: 1071px) 543px, 580px\" \/><\/figure>\n\n\n\n<p>\u201eVorbereitung f\u00fcr die Trasse \u2013 die wei\u00dfe Fl\u00e4che ist kein Gletscher, sondern zuk\u00fcnftige Geometrie in Arbeit.\u201c<\/p>\n\n\n\n<figure class=\"wp-block-image size-large\"><img loading=\"lazy\" decoding=\"async\" width=\"1024\" height=\"768\" src=\"https:\/\/www2.waldex.ch\/wordpress\/wp-content\/uploads\/2025\/09\/img_6570-1024x768.jpg\" alt=\"\" class=\"wp-image-17540\" srcset=\"https:\/\/www2.waldex.ch\/wordpress\/wp-content\/uploads\/2025\/09\/img_6570-1024x768.jpg 1024w, https:\/\/www2.waldex.ch\/wordpress\/wp-content\/uploads\/2025\/09\/img_6570-300x225.jpg 300w, https:\/\/www2.waldex.ch\/wordpress\/wp-content\/uploads\/2025\/09\/img_6570-768x576.jpg 768w, https:\/\/www2.waldex.ch\/wordpress\/wp-content\/uploads\/2025\/09\/img_6570-1536x1152.jpg 1536w, https:\/\/www2.waldex.ch\/wordpress\/wp-content\/uploads\/2025\/09\/img_6570.jpg 2000w\" sizes=\"auto, (max-width: 767px) 89vw, (max-width: 1000px) 54vw, (max-width: 1071px) 543px, 580px\" \/><\/figure>\n\n\n\n<p>\u201eSegmentkante? Welche Segmentkante? \u2013 Ziel erreicht: \u00dcberg\u00e4nge verschmelzen mit der Landschaft.\u201c<\/p>\n\n\n\n<figure class=\"wp-block-image size-large\"><img loading=\"lazy\" decoding=\"async\" width=\"768\" height=\"1024\" src=\"https:\/\/www2.waldex.ch\/wordpress\/wp-content\/uploads\/2025\/09\/img_6568-768x1024.jpg\" alt=\"\" class=\"wp-image-17541\" srcset=\"https:\/\/www2.waldex.ch\/wordpress\/wp-content\/uploads\/2025\/09\/img_6568-768x1024.jpg 768w, https:\/\/www2.waldex.ch\/wordpress\/wp-content\/uploads\/2025\/09\/img_6568-225x300.jpg 225w, https:\/\/www2.waldex.ch\/wordpress\/wp-content\/uploads\/2025\/09\/img_6568-1152x1536.jpg 1152w, https:\/\/www2.waldex.ch\/wordpress\/wp-content\/uploads\/2025\/09\/img_6568.jpg 1500w\" sizes=\"auto, (max-width: 767px) 89vw, (max-width: 1000px) 54vw, (max-width: 1071px) 543px, 580px\" \/><\/figure>\n\n\n\n<p>Mal schauen ob es mit den g\u00fcnstig erworbenen SecondHand-Br\u00fccken passt?<\/p>\n\n\n\n<figure class=\"wp-block-image size-large\"><img loading=\"lazy\" decoding=\"async\" width=\"1024\" height=\"768\" src=\"https:\/\/www2.waldex.ch\/wordpress\/wp-content\/uploads\/2025\/09\/img_6583-1024x768.jpg\" alt=\"\" class=\"wp-image-17543\" srcset=\"https:\/\/www2.waldex.ch\/wordpress\/wp-content\/uploads\/2025\/09\/img_6583-1024x768.jpg 1024w, https:\/\/www2.waldex.ch\/wordpress\/wp-content\/uploads\/2025\/09\/img_6583-300x225.jpg 300w, https:\/\/www2.waldex.ch\/wordpress\/wp-content\/uploads\/2025\/09\/img_6583-768x576.jpg 768w, https:\/\/www2.waldex.ch\/wordpress\/wp-content\/uploads\/2025\/09\/img_6583-1536x1152.jpg 1536w, https:\/\/www2.waldex.ch\/wordpress\/wp-content\/uploads\/2025\/09\/img_6583.jpg 2000w\" sizes=\"auto, (max-width: 767px) 89vw, (max-width: 1000px) 54vw, (max-width: 1071px) 543px, 580px\" \/><\/figure>\n\n\n\n<p>Da dar\u00fcber noch das Skigebiet draufkommt, m\u00fcssen noch passende &#8222;Landschaftsabschl\u00fcsse&#8220; hin&#8230;.<\/p>\n\n\n\n<figure class=\"wp-block-image size-large\"><img loading=\"lazy\" decoding=\"async\" width=\"768\" height=\"1024\" src=\"https:\/\/www2.waldex.ch\/wordpress\/wp-content\/uploads\/2025\/09\/img_6613-768x1024.jpg\" alt=\"\" class=\"wp-image-17548\" srcset=\"https:\/\/www2.waldex.ch\/wordpress\/wp-content\/uploads\/2025\/09\/img_6613-768x1024.jpg 768w, https:\/\/www2.waldex.ch\/wordpress\/wp-content\/uploads\/2025\/09\/img_6613-225x300.jpg 225w, https:\/\/www2.waldex.ch\/wordpress\/wp-content\/uploads\/2025\/09\/img_6613-1152x1536.jpg 1152w, https:\/\/www2.waldex.ch\/wordpress\/wp-content\/uploads\/2025\/09\/img_6613.jpg 1500w\" sizes=\"auto, (max-width: 767px) 89vw, (max-width: 1000px) 54vw, (max-width: 1071px) 543px, 580px\" \/><\/figure>\n\n\n\n<p>&#8230;und jetzt erste Stellproben mit C-Gleis. Mehr dazu im n\u00e4chsten Blog-Artikel<\/p>\n\n\n\n<figure class=\"wp-block-image size-large\"><img loading=\"lazy\" decoding=\"async\" width=\"768\" height=\"1024\" src=\"https:\/\/www2.waldex.ch\/wordpress\/wp-content\/uploads\/2025\/09\/img_6612-768x1024.jpg\" alt=\"\" class=\"wp-image-17549\" srcset=\"https:\/\/www2.waldex.ch\/wordpress\/wp-content\/uploads\/2025\/09\/img_6612-768x1024.jpg 768w, https:\/\/www2.waldex.ch\/wordpress\/wp-content\/uploads\/2025\/09\/img_6612-225x300.jpg 225w, https:\/\/www2.waldex.ch\/wordpress\/wp-content\/uploads\/2025\/09\/img_6612-1152x1536.jpg 1152w, https:\/\/www2.waldex.ch\/wordpress\/wp-content\/uploads\/2025\/09\/img_6612.jpg 1500w\" sizes=\"auto, (max-width: 767px) 89vw, (max-width: 1000px) 54vw, (max-width: 1071px) 543px, 580px\" \/><\/figure>\n\n\n\n<figure class=\"wp-block-image size-large\"><img loading=\"lazy\" decoding=\"async\" width=\"768\" height=\"1024\" src=\"https:\/\/www2.waldex.ch\/wordpress\/wp-content\/uploads\/2025\/09\/img_6608-768x1024.jpg\" alt=\"\" class=\"wp-image-17550\" srcset=\"https:\/\/www2.waldex.ch\/wordpress\/wp-content\/uploads\/2025\/09\/img_6608-768x1024.jpg 768w, https:\/\/www2.waldex.ch\/wordpress\/wp-content\/uploads\/2025\/09\/img_6608-225x300.jpg 225w, https:\/\/www2.waldex.ch\/wordpress\/wp-content\/uploads\/2025\/09\/img_6608-1152x1536.jpg 1152w, https:\/\/www2.waldex.ch\/wordpress\/wp-content\/uploads\/2025\/09\/img_6608.jpg 1500w\" sizes=\"auto, (max-width: 767px) 89vw, (max-width: 1000px) 54vw, (max-width: 1071px) 543px, 580px\" \/><\/figure>\n\n\n\n<figure class=\"wp-block-image size-large\"><img loading=\"lazy\" decoding=\"async\" width=\"1024\" height=\"768\" src=\"https:\/\/www2.waldex.ch\/wordpress\/wp-content\/uploads\/2025\/09\/img_6605-1024x768.jpg\" alt=\"\" class=\"wp-image-17551\" srcset=\"https:\/\/www2.waldex.ch\/wordpress\/wp-content\/uploads\/2025\/09\/img_6605-1024x768.jpg 1024w, https:\/\/www2.waldex.ch\/wordpress\/wp-content\/uploads\/2025\/09\/img_6605-300x225.jpg 300w, https:\/\/www2.waldex.ch\/wordpress\/wp-content\/uploads\/2025\/09\/img_6605-768x576.jpg 768w, https:\/\/www2.waldex.ch\/wordpress\/wp-content\/uploads\/2025\/09\/img_6605-1536x1152.jpg 1536w, https:\/\/www2.waldex.ch\/wordpress\/wp-content\/uploads\/2025\/09\/img_6605.jpg 2000w\" sizes=\"auto, (max-width: 767px) 89vw, (max-width: 1000px) 54vw, (max-width: 1071px) 543px, 580px\" \/><\/figure>\n\n\n\n<figure class=\"wp-block-image size-large\"><img loading=\"lazy\" decoding=\"async\" width=\"1024\" height=\"768\" src=\"https:\/\/www2.waldex.ch\/wordpress\/wp-content\/uploads\/2025\/09\/img_6606-1024x768.jpg\" alt=\"\" class=\"wp-image-17552\" srcset=\"https:\/\/www2.waldex.ch\/wordpress\/wp-content\/uploads\/2025\/09\/img_6606-1024x768.jpg 1024w, https:\/\/www2.waldex.ch\/wordpress\/wp-content\/uploads\/2025\/09\/img_6606-300x225.jpg 300w, https:\/\/www2.waldex.ch\/wordpress\/wp-content\/uploads\/2025\/09\/img_6606-768x576.jpg 768w, https:\/\/www2.waldex.ch\/wordpress\/wp-content\/uploads\/2025\/09\/img_6606-1536x1152.jpg 1536w, https:\/\/www2.waldex.ch\/wordpress\/wp-content\/uploads\/2025\/09\/img_6606.jpg 2000w\" sizes=\"auto, (max-width: 767px) 89vw, (max-width: 1000px) 54vw, (max-width: 1071px) 543px, 580px\" \/><\/figure>\n\n\n\n<p>\u201eAusschnitt aus der Voralpenwelt im Ma\u00dfstab 1:87 \u2013 mit mehr Pr\u00e4zision als manche Originalbaustelle.\u201c<\/p>\n\n\n\n<p>\u00a0<\/p>\n<p>\u00a0<\/p>\n\n\n\n<figure class=\"wp-block-image size-large\"><img loading=\"lazy\" decoding=\"async\" width=\"1024\" height=\"768\" src=\"https:\/\/www2.waldex.ch\/wordpress\/wp-content\/uploads\/2025\/09\/img_6596-1024x768.jpg\" alt=\"\" class=\"wp-image-17553\" srcset=\"https:\/\/www2.waldex.ch\/wordpress\/wp-content\/uploads\/2025\/09\/img_6596-1024x768.jpg 1024w, https:\/\/www2.waldex.ch\/wordpress\/wp-content\/uploads\/2025\/09\/img_6596-300x225.jpg 300w, https:\/\/www2.waldex.ch\/wordpress\/wp-content\/uploads\/2025\/09\/img_6596-768x576.jpg 768w, https:\/\/www2.waldex.ch\/wordpress\/wp-content\/uploads\/2025\/09\/img_6596-1536x1152.jpg 1536w, https:\/\/www2.waldex.ch\/wordpress\/wp-content\/uploads\/2025\/09\/img_6596.jpg 2000w\" sizes=\"auto, (max-width: 767px) 89vw, (max-width: 1000px) 54vw, (max-width: 1071px) 543px, 580px\" \/><\/figure>\n\n\n\n<p>Die Spantenl\u00f6cher passen auch nicht mehr mit C&#8230;.<\/p>\n\n\n\n<figure class=\"wp-block-image size-large\"><img loading=\"lazy\" decoding=\"async\" width=\"1024\" height=\"768\" src=\"https:\/\/www2.waldex.ch\/wordpress\/wp-content\/uploads\/2025\/09\/img_6595-1024x768.jpg\" alt=\"\" class=\"wp-image-17554\" srcset=\"https:\/\/www2.waldex.ch\/wordpress\/wp-content\/uploads\/2025\/09\/img_6595-1024x768.jpg 1024w, https:\/\/www2.waldex.ch\/wordpress\/wp-content\/uploads\/2025\/09\/img_6595-300x225.jpg 300w, https:\/\/www2.waldex.ch\/wordpress\/wp-content\/uploads\/2025\/09\/img_6595-768x576.jpg 768w, https:\/\/www2.waldex.ch\/wordpress\/wp-content\/uploads\/2025\/09\/img_6595-1536x1152.jpg 1536w, https:\/\/www2.waldex.ch\/wordpress\/wp-content\/uploads\/2025\/09\/img_6595.jpg 2000w\" sizes=\"auto, (max-width: 767px) 89vw, (max-width: 1000px) 54vw, (max-width: 1071px) 543px, 580px\" \/><\/figure>\n\n\n\n<p><\/p>\n\n\n\n<p><strong>Waldingen Online \u2013 kleine Welt, gro\u00dfe Ingenieure<\/strong><\/p>\n\n\n\n<p>Wie immer gilt das Grundprinzip des Projekts:<\/p>\n\n\n\n<blockquote class=\"wp-block-quote is-layout-flow wp-block-quote-is-layout-flow\">\n<p>\u201eEine kleine Landschaft im Charakter der schweizerischen Voralpen im Ma\u00dfstab 1:87.\u201c<br \/>\u2014 oder anders gesagt: <strong>wenig Platz, viel Anspruch, maximale Detailverliebtheit<\/strong> Bauen und den Segmenten im Sept\u2026<\/p>\n<\/blockquote>\n\n\n\n<p>Br\u00fccken, Stra\u00dfenmarkierungen, Portalbau\u2026 all das sind sichtbare Meilensteine.<br \/>Unsichtbar, aber mindestens so technisch, ist die Planung dahinter:<\/p>\n\n\n\n<ul class=\"wp-block-list\">\n<li>Segment\u00fcberg\u00e4nge<\/li>\n\n\n\n<li>verdeckte Zufahrten<\/li>\n\n\n\n<li>Einbettung in das Gesamtlayout<\/li>\n<\/ul>\n\n\n\n<p>Man k\u00f6nnte sagen: <strong>Ein Diorama wird zur Mini-Infrastrukturbeh\u00f6rde<\/strong>.<\/p>\n<p>\u00a0<\/p>\n<h2 data-start=\"2423\" data-end=\"2487\"><strong data-start=\"2426\" data-end=\"2487\">Fazit: September \u2013 Fortschritt in Spanten und Zentimetern<\/strong><\/h2>\n<p data-start=\"2489\" data-end=\"2546\">Zwar sind die Bauarbeiten noch nicht abgeschlossen, aber:<\/p>\n<p data-start=\"2548\" data-end=\"2707\">\u2714 erste visuelle Ergebnisse sind sichtbar<br data-start=\"2589\" data-end=\"2592\" \/>\u2714 das Konzept funktioniert<br data-start=\"2618\" data-end=\"2621\" \/>\u2714 die Autos wissen, wohin sie fahren sollen (und die Zuschauer m\u00fcssen es nicht merken)<\/p>\n<p data-start=\"2709\" data-end=\"2756\">Kurz: <strong data-start=\"2715\" data-end=\"2756\">Waldingen w\u00e4chst \u2013 und zwar mit Stil.<\/strong><\/p>\n<p>\u00a0<\/p>\n","protected":false},"excerpt":{"rendered":"<p>Autoren: Homo Modellis und ChatGPT \ud83d\ude42 Der September in Waldingen steht unter einem bekannten Motto:\u201eWir wollten ja nur ein bisschen bauen\u2026 und pl\u00f6tzlich stehen wir kurz vor einer Vollausstattung!\u201c Denn auf den ersten Segmenten ist richtig was passiert: Stra\u00dfenmarkierungen, Tunnelportale und erste Br\u00fcckenarbeiten dominieren die Szene \u201eTunnelportal im Probeeinbau: Hier entscheidet sich, ob die Lok &hellip; <\/p>\n<p class=\"link-more\"><a href=\"https:\/\/www2.waldex.ch\/wordpress\/?p=17544\" class=\"more-link\"><span class=\"screen-reader-text\">&#8222;Bauen im September \u2013 wenn Waldingen wieder zum Ingenieurb\u00fcro wird&#8220;<\/span> weiterlesen<\/a><\/p>\n","protected":false},"author":251,"featured_media":17542,"comment_status":"closed","ping_status":"open","sticky":false,"template":"","format":"standard","meta":{"ngg_post_thumbnail":0,"footnotes":""},"categories":[8],"tags":[],"class_list":["post-17544","post","type-post","status-publish","format-standard","has-post-thumbnail","hentry","category-build"],"_links":{"self":[{"href":"https:\/\/www2.waldex.ch\/wordpress\/index.php?rest_route=\/wp\/v2\/posts\/17544","targetHints":{"allow":["GET"]}}],"collection":[{"href":"https:\/\/www2.waldex.ch\/wordpress\/index.php?rest_route=\/wp\/v2\/posts"}],"about":[{"href":"https:\/\/www2.waldex.ch\/wordpress\/index.php?rest_route=\/wp\/v2\/types\/post"}],"author":[{"embeddable":true,"href":"https:\/\/www2.waldex.ch\/wordpress\/index.php?rest_route=\/wp\/v2\/users\/251"}],"replies":[{"embeddable":true,"href":"https:\/\/www2.waldex.ch\/wordpress\/index.php?rest_route=%2Fwp%2Fv2%2Fcomments&post=17544"}],"version-history":[{"count":0,"href":"https:\/\/www2.waldex.ch\/wordpress\/index.php?rest_route=\/wp\/v2\/posts\/17544\/revisions"}],"wp:featuredmedia":[{"embeddable":true,"href":"https:\/\/www2.waldex.ch\/wordpress\/index.php?rest_route=\/wp\/v2\/media\/17542"}],"wp:attachment":[{"href":"https:\/\/www2.waldex.ch\/wordpress\/index.php?rest_route=%2Fwp%2Fv2%2Fmedia&parent=17544"}],"wp:term":[{"taxonomy":"category","embeddable":true,"href":"https:\/\/www2.waldex.ch\/wordpress\/index.php?rest_route=%2Fwp%2Fv2%2Fcategories&post=17544"},{"taxonomy":"post_tag","embeddable":true,"href":"https:\/\/www2.waldex.ch\/wordpress\/index.php?rest_route=%2Fwp%2Fv2%2Ftags&post=17544"}],"curies":[{"name":"wp","href":"https:\/\/api.w.org\/{rel}","templated":true}]}}