







































































































































































































































































{"id":17181,"date":"2024-12-02T11:09:00","date_gmt":"2024-12-02T10:09:00","guid":{"rendered":"https:\/\/www2.waldex.ch\/wordpress\/?p=17181"},"modified":"2025-08-24T11:22:17","modified_gmt":"2025-08-24T10:22:17","slug":"faller-car-system","status":"publish","type":"post","link":"https:\/\/www2.waldex.ch\/wordpress\/?p=17181","title":{"rendered":"Faller Car System"},"content":{"rendered":"\n<p>Die ersten Fahrzeuge fahren auf den Segmenten 1+2, gesteuert mit M\u00e4rklin und Viessmann K84-Decoder an der CS1r und EcosController auf dem Tablet<\/p>\n\n\n\n\n\n<figure class=\"wp-block-image size-large\"><img loading=\"lazy\" decoding=\"async\" width=\"1024\" height=\"576\" src=\"https:\/\/www2.waldex.ch\/wordpress\/wp-content\/uploads\/2025\/02\/fcs15-1024x576.jpg\" alt=\"\" class=\"wp-image-17183\" srcset=\"https:\/\/www2.waldex.ch\/wordpress\/wp-content\/uploads\/2025\/02\/fcs15-1024x576.jpg 1024w, https:\/\/www2.waldex.ch\/wordpress\/wp-content\/uploads\/2025\/02\/fcs15-300x169.jpg 300w, https:\/\/www2.waldex.ch\/wordpress\/wp-content\/uploads\/2025\/02\/fcs15-768x432.jpg 768w, https:\/\/www2.waldex.ch\/wordpress\/wp-content\/uploads\/2025\/02\/fcs15-1536x864.jpg 1536w, https:\/\/www2.waldex.ch\/wordpress\/wp-content\/uploads\/2025\/02\/fcs15.jpg 2048w\" sizes=\"auto, (max-width: 767px) 89vw, (max-width: 1000px) 54vw, (max-width: 1071px) 543px, 580px\" \/><figcaption class=\"wp-element-caption\">Vogelflug Sicht. Die Fahrzeuge fahren im Gegenuhrzeigersinn herum. Hinten und links k\u00f6nnen 19 Fahrzeuge abgestellt werden <\/figcaption><\/figure>\n\n\n\n<figure class=\"wp-block-image size-large\"><img loading=\"lazy\" decoding=\"async\" width=\"768\" height=\"1024\" src=\"https:\/\/www2.waldex.ch\/wordpress\/wp-content\/uploads\/2025\/02\/fcs14-768x1024.jpg\" alt=\"\" class=\"wp-image-17184\" srcset=\"https:\/\/www2.waldex.ch\/wordpress\/wp-content\/uploads\/2025\/02\/fcs14-768x1024.jpg 768w, https:\/\/www2.waldex.ch\/wordpress\/wp-content\/uploads\/2025\/02\/fcs14-225x300.jpg 225w, https:\/\/www2.waldex.ch\/wordpress\/wp-content\/uploads\/2025\/02\/fcs14-1152x1536.jpg 1152w, https:\/\/www2.waldex.ch\/wordpress\/wp-content\/uploads\/2025\/02\/fcs14.jpg 1200w\" sizes=\"auto, (max-width: 767px) 89vw, (max-width: 1000px) 54vw, (max-width: 1071px) 543px, 580px\" \/><figcaption class=\"wp-element-caption\">Oben 4 Fz l\u00e4ngs mit \u00dcberholspur, links die grosse Parkharve \u00fcber beide Segmente hinweg <\/figcaption><\/figure>\n\n\n\n<figure class=\"wp-block-image size-large\"><img loading=\"lazy\" decoding=\"async\" width=\"768\" height=\"1024\" src=\"https:\/\/www2.waldex.ch\/wordpress\/wp-content\/uploads\/2025\/02\/fcs13-768x1024.jpg\" alt=\"\" class=\"wp-image-17185\" srcset=\"https:\/\/www2.waldex.ch\/wordpress\/wp-content\/uploads\/2025\/02\/fcs13-768x1024.jpg 768w, https:\/\/www2.waldex.ch\/wordpress\/wp-content\/uploads\/2025\/02\/fcs13-225x300.jpg 225w, https:\/\/www2.waldex.ch\/wordpress\/wp-content\/uploads\/2025\/02\/fcs13-1152x1536.jpg 1152w, https:\/\/www2.waldex.ch\/wordpress\/wp-content\/uploads\/2025\/02\/fcs13.jpg 1200w\" sizes=\"auto, (max-width: 767px) 89vw, (max-width: 1000px) 54vw, (max-width: 1071px) 543px, 580px\" \/><figcaption class=\"wp-element-caption\">Gesteuert mit Tablet \u00fcber die Digitalzentrale<\/figcaption><\/figure>\n\n\n\n<figure class=\"wp-block-image size-large\"><img loading=\"lazy\" decoding=\"async\" width=\"767\" height=\"1024\" src=\"https:\/\/www2.waldex.ch\/wordpress\/wp-content\/uploads\/2025\/02\/fcs6-767x1024.jpg\" alt=\"\" class=\"wp-image-17193\" srcset=\"https:\/\/www2.waldex.ch\/wordpress\/wp-content\/uploads\/2025\/02\/fcs6-767x1024.jpg 767w, https:\/\/www2.waldex.ch\/wordpress\/wp-content\/uploads\/2025\/02\/fcs6-225x300.jpg 225w, https:\/\/www2.waldex.ch\/wordpress\/wp-content\/uploads\/2025\/02\/fcs6-768x1025.jpg 768w, https:\/\/www2.waldex.ch\/wordpress\/wp-content\/uploads\/2025\/02\/fcs6-1151x1536.jpg 1151w, https:\/\/www2.waldex.ch\/wordpress\/wp-content\/uploads\/2025\/02\/fcs6.jpg 1199w\" sizes=\"auto, (max-width: 767px) 89vw, (max-width: 1000px) 54vw, (max-width: 1071px) 543px, 580px\" \/><figcaption class=\"wp-element-caption\">4 Parkpl\u00e4tze und der Wand entlang der Fahrstreifen <\/figcaption><\/figure>\n\n\n\n<figure class=\"wp-block-image size-large\"><img loading=\"lazy\" decoding=\"async\" width=\"767\" height=\"1024\" src=\"https:\/\/www2.waldex.ch\/wordpress\/wp-content\/uploads\/2025\/02\/fcs5-767x1024.jpg\" alt=\"\" class=\"wp-image-17194\" srcset=\"https:\/\/www2.waldex.ch\/wordpress\/wp-content\/uploads\/2025\/02\/fcs5-767x1024.jpg 767w, https:\/\/www2.waldex.ch\/wordpress\/wp-content\/uploads\/2025\/02\/fcs5-225x300.jpg 225w, https:\/\/www2.waldex.ch\/wordpress\/wp-content\/uploads\/2025\/02\/fcs5-768x1025.jpg 768w, https:\/\/www2.waldex.ch\/wordpress\/wp-content\/uploads\/2025\/02\/fcs5-1151x1536.jpg 1151w, https:\/\/www2.waldex.ch\/wordpress\/wp-content\/uploads\/2025\/02\/fcs5.jpg 1199w\" sizes=\"auto, (max-width: 767px) 89vw, (max-width: 1000px) 54vw, (max-width: 1071px) 543px, 580px\" \/><\/figure>\n\n\n\n<figure class=\"wp-block-image size-large\"><img loading=\"lazy\" decoding=\"async\" width=\"1024\" height=\"768\" src=\"https:\/\/www2.waldex.ch\/wordpress\/wp-content\/uploads\/2025\/02\/fcs11-1024x768.jpg\" alt=\"\" class=\"wp-image-17188\" srcset=\"https:\/\/www2.waldex.ch\/wordpress\/wp-content\/uploads\/2025\/02\/fcs11-1024x768.jpg 1024w, https:\/\/www2.waldex.ch\/wordpress\/wp-content\/uploads\/2025\/02\/fcs11-300x225.jpg 300w, https:\/\/www2.waldex.ch\/wordpress\/wp-content\/uploads\/2025\/02\/fcs11-768x576.jpg 768w, https:\/\/www2.waldex.ch\/wordpress\/wp-content\/uploads\/2025\/02\/fcs11-1536x1152.jpg 1536w, https:\/\/www2.waldex.ch\/wordpress\/wp-content\/uploads\/2025\/02\/fcs11.jpg 1600w\" sizes=\"auto, (max-width: 767px) 89vw, (max-width: 1000px) 54vw, (max-width: 1071px) 543px, 580px\" \/><figcaption class=\"wp-element-caption\">Hier wenige abgestellte Fahrzeuge verschiedener Hersteller\/Eigenbauten<\/figcaption><\/figure>\n\n\n\n<figure class=\"wp-block-image size-large\"><img loading=\"lazy\" decoding=\"async\" width=\"1024\" height=\"768\" src=\"https:\/\/www2.waldex.ch\/wordpress\/wp-content\/uploads\/2025\/02\/fcs10-1024x768.jpg\" alt=\"\" class=\"wp-image-17189\" srcset=\"https:\/\/www2.waldex.ch\/wordpress\/wp-content\/uploads\/2025\/02\/fcs10-1024x768.jpg 1024w, https:\/\/www2.waldex.ch\/wordpress\/wp-content\/uploads\/2025\/02\/fcs10-300x225.jpg 300w, https:\/\/www2.waldex.ch\/wordpress\/wp-content\/uploads\/2025\/02\/fcs10-768x576.jpg 768w, https:\/\/www2.waldex.ch\/wordpress\/wp-content\/uploads\/2025\/02\/fcs10-1536x1152.jpg 1536w, https:\/\/www2.waldex.ch\/wordpress\/wp-content\/uploads\/2025\/02\/fcs10.jpg 1600w\" sizes=\"auto, (max-width: 767px) 89vw, (max-width: 1000px) 54vw, (max-width: 1071px) 543px, 580px\" \/><figcaption class=\"wp-element-caption\">Von oben ist die Parkharve gut ersichtlich <\/figcaption><\/figure>\n\n\n\n<figure class=\"wp-block-image size-large\"><img loading=\"lazy\" decoding=\"async\" width=\"767\" height=\"1024\" src=\"https:\/\/www2.waldex.ch\/wordpress\/wp-content\/uploads\/2025\/02\/fcs4-767x1024.jpg\" alt=\"\" class=\"wp-image-17195\" srcset=\"https:\/\/www2.waldex.ch\/wordpress\/wp-content\/uploads\/2025\/02\/fcs4-767x1024.jpg 767w, https:\/\/www2.waldex.ch\/wordpress\/wp-content\/uploads\/2025\/02\/fcs4-225x300.jpg 225w, https:\/\/www2.waldex.ch\/wordpress\/wp-content\/uploads\/2025\/02\/fcs4-768x1025.jpg 768w, https:\/\/www2.waldex.ch\/wordpress\/wp-content\/uploads\/2025\/02\/fcs4-1151x1536.jpg 1151w, https:\/\/www2.waldex.ch\/wordpress\/wp-content\/uploads\/2025\/02\/fcs4.jpg 1199w\" sizes=\"auto, (max-width: 767px) 89vw, (max-width: 1000px) 54vw, (max-width: 1071px) 543px, 580px\" \/><figcaption class=\"wp-element-caption\">Die Harve f\u00fcllt sich\u2026<\/figcaption><\/figure>\n\n\n\n<figure class=\"wp-block-image size-large\"><img loading=\"lazy\" decoding=\"async\" width=\"767\" height=\"1024\" src=\"https:\/\/www2.waldex.ch\/wordpress\/wp-content\/uploads\/2025\/02\/fcs2-767x1024.jpg\" alt=\"\" class=\"wp-image-17197\" srcset=\"https:\/\/www2.waldex.ch\/wordpress\/wp-content\/uploads\/2025\/02\/fcs2-767x1024.jpg 767w, https:\/\/www2.waldex.ch\/wordpress\/wp-content\/uploads\/2025\/02\/fcs2-225x300.jpg 225w, https:\/\/www2.waldex.ch\/wordpress\/wp-content\/uploads\/2025\/02\/fcs2-768x1025.jpg 768w, https:\/\/www2.waldex.ch\/wordpress\/wp-content\/uploads\/2025\/02\/fcs2-1151x1536.jpg 1151w, https:\/\/www2.waldex.ch\/wordpress\/wp-content\/uploads\/2025\/02\/fcs2.jpg 1199w\" sizes=\"auto, (max-width: 767px) 89vw, (max-width: 1000px) 54vw, (max-width: 1071px) 543px, 580px\" \/><\/figure>\n\n\n\n<p>Alle wollen hin:)<\/p>\n\n\n\n<figure class=\"wp-block-image size-large\"><img loading=\"lazy\" decoding=\"async\" width=\"1024\" height=\"768\" src=\"https:\/\/www2.waldex.ch\/wordpress\/wp-content\/uploads\/2025\/02\/fcs8-1024x768.jpg\" alt=\"\" class=\"wp-image-17191\" srcset=\"https:\/\/www2.waldex.ch\/wordpress\/wp-content\/uploads\/2025\/02\/fcs8-1024x768.jpg 1024w, https:\/\/www2.waldex.ch\/wordpress\/wp-content\/uploads\/2025\/02\/fcs8-300x225.jpg 300w, https:\/\/www2.waldex.ch\/wordpress\/wp-content\/uploads\/2025\/02\/fcs8-768x576.jpg 768w, https:\/\/www2.waldex.ch\/wordpress\/wp-content\/uploads\/2025\/02\/fcs8-1536x1152.jpg 1536w, https:\/\/www2.waldex.ch\/wordpress\/wp-content\/uploads\/2025\/02\/fcs8.jpg 1600w\" sizes=\"auto, (max-width: 767px) 89vw, (max-width: 1000px) 54vw, (max-width: 1071px) 543px, 580px\" \/><figcaption class=\"wp-element-caption\">Besser Berg als Sturzschutz<\/figcaption><\/figure>\n\n\n\n<figure class=\"wp-block-image size-large\"><img loading=\"lazy\" decoding=\"async\" width=\"1024\" height=\"768\" src=\"https:\/\/www2.waldex.ch\/wordpress\/wp-content\/uploads\/2025\/02\/fcs9-1024x768.jpg\" alt=\"\" class=\"wp-image-17190\" srcset=\"https:\/\/www2.waldex.ch\/wordpress\/wp-content\/uploads\/2025\/02\/fcs9-1024x768.jpg 1024w, https:\/\/www2.waldex.ch\/wordpress\/wp-content\/uploads\/2025\/02\/fcs9-300x225.jpg 300w, https:\/\/www2.waldex.ch\/wordpress\/wp-content\/uploads\/2025\/02\/fcs9-768x576.jpg 768w, https:\/\/www2.waldex.ch\/wordpress\/wp-content\/uploads\/2025\/02\/fcs9-1536x1152.jpg 1536w, https:\/\/www2.waldex.ch\/wordpress\/wp-content\/uploads\/2025\/02\/fcs9.jpg 1600w\" sizes=\"auto, (max-width: 767px) 89vw, (max-width: 1000px) 54vw, (max-width: 1071px) 543px, 580px\" \/><figcaption class=\"wp-element-caption\">Blick in die Segmentmitte &#8211; Plexiglas- sch\u00fctzt vor Abst\u00fcrzen <\/figcaption><\/figure>\n\n\n\n<figure class=\"wp-block-image size-large\"><img loading=\"lazy\" decoding=\"async\" width=\"1024\" height=\"768\" src=\"https:\/\/www2.waldex.ch\/wordpress\/wp-content\/uploads\/2025\/02\/fcs12-1024x768.jpg\" alt=\"\" class=\"wp-image-17187\" srcset=\"https:\/\/www2.waldex.ch\/wordpress\/wp-content\/uploads\/2025\/02\/fcs12-1024x768.jpg 1024w, https:\/\/www2.waldex.ch\/wordpress\/wp-content\/uploads\/2025\/02\/fcs12-300x225.jpg 300w, https:\/\/www2.waldex.ch\/wordpress\/wp-content\/uploads\/2025\/02\/fcs12-768x576.jpg 768w, https:\/\/www2.waldex.ch\/wordpress\/wp-content\/uploads\/2025\/02\/fcs12-1536x1152.jpg 1536w, https:\/\/www2.waldex.ch\/wordpress\/wp-content\/uploads\/2025\/02\/fcs12.jpg 1600w\" sizes=\"auto, (max-width: 767px) 89vw, (max-width: 1000px) 54vw, (max-width: 1071px) 543px, 580px\" \/><figcaption class=\"wp-element-caption\">Ausfahrt aus der Parkharve<\/figcaption><\/figure>\n\n\n\n<figure class=\"wp-block-video\"><video controls src=\"blob:https:\/\/www2.waldex.ch\/dfdc803c-bcba-4c22-8db0-88392bace218\"><\/video><figcaption class=\"wp-element-caption\">Erster Test aber mit vielen Unf\u00e4llen uuuiiii!!<\/figcaption><\/figure>\n\n\n\n<h1>Fahrzeugmodifikation &#8211; auch das muss sein!<\/h1>\n\n\n\n<figure class=\"wp-block-image size-large\"><img loading=\"lazy\" decoding=\"async\" width=\"1024\" height=\"768\" src=\"https:\/\/www2.waldex.ch\/wordpress\/wp-content\/uploads\/2025\/08\/IMG_2104-1024x768.jpg\" alt=\"\" class=\"wp-image-17265\" srcset=\"https:\/\/www2.waldex.ch\/wordpress\/wp-content\/uploads\/2025\/08\/IMG_2104-1024x768.jpg 1024w, https:\/\/www2.waldex.ch\/wordpress\/wp-content\/uploads\/2025\/08\/IMG_2104-300x225.jpg 300w, https:\/\/www2.waldex.ch\/wordpress\/wp-content\/uploads\/2025\/08\/IMG_2104-768x576.jpg 768w, https:\/\/www2.waldex.ch\/wordpress\/wp-content\/uploads\/2025\/08\/IMG_2104-1536x1152.jpg 1536w, https:\/\/www2.waldex.ch\/wordpress\/wp-content\/uploads\/2025\/08\/IMG_2104-2048x1536.jpg 2048w\" sizes=\"auto, (max-width: 767px) 89vw, (max-width: 1000px) 54vw, (max-width: 1071px) 543px, 580px\" \/><figcaption class=\"wp-element-caption\">Der ganz ursprnglich MB o302 von Faller hatte noch keinen Reedkontakt. In Folge m\u00f6chte ein solcher nat\u00fcrlich eingebaut werden<\/figcaption><\/figure>\n\n\n\n<figure class=\"wp-block-image size-large\"><img loading=\"lazy\" decoding=\"async\" width=\"1024\" height=\"768\" src=\"https:\/\/www2.waldex.ch\/wordpress\/wp-content\/uploads\/2025\/08\/IMG_2100-1024x768.jpg\" alt=\"\" class=\"wp-image-17267\" srcset=\"https:\/\/www2.waldex.ch\/wordpress\/wp-content\/uploads\/2025\/08\/IMG_2100-1024x768.jpg 1024w, https:\/\/www2.waldex.ch\/wordpress\/wp-content\/uploads\/2025\/08\/IMG_2100-300x225.jpg 300w, https:\/\/www2.waldex.ch\/wordpress\/wp-content\/uploads\/2025\/08\/IMG_2100-768x576.jpg 768w, https:\/\/www2.waldex.ch\/wordpress\/wp-content\/uploads\/2025\/08\/IMG_2100-1536x1152.jpg 1536w, https:\/\/www2.waldex.ch\/wordpress\/wp-content\/uploads\/2025\/08\/IMG_2100-2048x1536.jpg 2048w\" sizes=\"auto, (max-width: 767px) 89vw, (max-width: 1000px) 54vw, (max-width: 1071px) 543px, 580px\" \/><figcaption class=\"wp-element-caption\">Draussen flickt es sich besser \ud83d\ude42<\/figcaption><\/figure>\n\n\n\n<figure class=\"wp-block-image size-large\"><img loading=\"lazy\" decoding=\"async\" width=\"1024\" height=\"768\" src=\"https:\/\/www2.waldex.ch\/wordpress\/wp-content\/uploads\/2025\/08\/IMG_2108-1024x768.jpg\" alt=\"\" class=\"wp-image-17269\" srcset=\"https:\/\/www2.waldex.ch\/wordpress\/wp-content\/uploads\/2025\/08\/IMG_2108-1024x768.jpg 1024w, https:\/\/www2.waldex.ch\/wordpress\/wp-content\/uploads\/2025\/08\/IMG_2108-300x225.jpg 300w, https:\/\/www2.waldex.ch\/wordpress\/wp-content\/uploads\/2025\/08\/IMG_2108-768x576.jpg 768w, https:\/\/www2.waldex.ch\/wordpress\/wp-content\/uploads\/2025\/08\/IMG_2108-1536x1152.jpg 1536w, https:\/\/www2.waldex.ch\/wordpress\/wp-content\/uploads\/2025\/08\/IMG_2108-2048x1536.jpg 2048w\" sizes=\"auto, (max-width: 767px) 89vw, (max-width: 1000px) 54vw, (max-width: 1071px) 543px, 580px\" \/><figcaption class=\"wp-element-caption\">Hier den Reedkontakt durch gebohrte L\u00f6cher reingesteckt&#8230;der Umbau hatte \u00fcbrigens am Schluss super funktioniert!<\/figcaption><\/figure>\n\n\n\n<h1>Schaltverst\u00e4rker f\u00fcr Weichenschalter<\/h1>\n<p>Ein alter Weichenschalter hatte nicht zuverl\u00e4ssig geschaltet. Mit einem selbst entwickelten Schaltverst\u00e4rker am Decoder K83-Ausgang scheint er wieder gut zu laufen!<\/p>\n\n\n\n<figure class=\"wp-block-image size-large\"><img loading=\"lazy\" decoding=\"async\" width=\"768\" height=\"1024\" src=\"https:\/\/www2.waldex.ch\/wordpress\/wp-content\/uploads\/2025\/08\/IMG_2373-768x1024.jpg\" alt=\"\" class=\"wp-image-17299\" srcset=\"https:\/\/www2.waldex.ch\/wordpress\/wp-content\/uploads\/2025\/08\/IMG_2373-768x1024.jpg 768w, https:\/\/www2.waldex.ch\/wordpress\/wp-content\/uploads\/2025\/08\/IMG_2373-225x300.jpg 225w, https:\/\/www2.waldex.ch\/wordpress\/wp-content\/uploads\/2025\/08\/IMG_2373-1152x1536.jpg 1152w, https:\/\/www2.waldex.ch\/wordpress\/wp-content\/uploads\/2025\/08\/IMG_2373-1536x2048.jpg 1536w, https:\/\/www2.waldex.ch\/wordpress\/wp-content\/uploads\/2025\/08\/IMG_2373-scaled.jpg 1920w\" sizes=\"auto, (max-width: 767px) 89vw, (max-width: 1000px) 54vw, (max-width: 1071px) 543px, 580px\" \/><\/figure>\n\n\n\n<figure class=\"wp-block-image size-large\"><img loading=\"lazy\" decoding=\"async\" width=\"768\" height=\"1024\" src=\"https:\/\/www2.waldex.ch\/wordpress\/wp-content\/uploads\/2025\/08\/IMG_2374-768x1024.jpg\" alt=\"\" class=\"wp-image-17300\" srcset=\"https:\/\/www2.waldex.ch\/wordpress\/wp-content\/uploads\/2025\/08\/IMG_2374-768x1024.jpg 768w, https:\/\/www2.waldex.ch\/wordpress\/wp-content\/uploads\/2025\/08\/IMG_2374-225x300.jpg 225w, https:\/\/www2.waldex.ch\/wordpress\/wp-content\/uploads\/2025\/08\/IMG_2374-1152x1536.jpg 1152w, https:\/\/www2.waldex.ch\/wordpress\/wp-content\/uploads\/2025\/08\/IMG_2374-1536x2048.jpg 1536w, https:\/\/www2.waldex.ch\/wordpress\/wp-content\/uploads\/2025\/08\/IMG_2374-scaled.jpg 1920w\" sizes=\"auto, (max-width: 767px) 89vw, (max-width: 1000px) 54vw, (max-width: 1071px) 543px, 580px\" \/><\/figure>\n\n\n\n<h1>Justierungs- und Nacharbeiten an den Segmenten<\/h1>\n\n\n\n<figure class=\"wp-block-image size-large\"><img loading=\"lazy\" decoding=\"async\" width=\"1024\" height=\"768\" src=\"https:\/\/www2.waldex.ch\/wordpress\/wp-content\/uploads\/2025\/08\/IMG_2446-1024x768.jpg\" alt=\"\" class=\"wp-image-17290\" srcset=\"https:\/\/www2.waldex.ch\/wordpress\/wp-content\/uploads\/2025\/08\/IMG_2446-1024x768.jpg 1024w, https:\/\/www2.waldex.ch\/wordpress\/wp-content\/uploads\/2025\/08\/IMG_2446-300x225.jpg 300w, https:\/\/www2.waldex.ch\/wordpress\/wp-content\/uploads\/2025\/08\/IMG_2446-768x576.jpg 768w, https:\/\/www2.waldex.ch\/wordpress\/wp-content\/uploads\/2025\/08\/IMG_2446-1536x1152.jpg 1536w, https:\/\/www2.waldex.ch\/wordpress\/wp-content\/uploads\/2025\/08\/IMG_2446-2048x1536.jpg 2048w\" sizes=\"auto, (max-width: 767px) 89vw, (max-width: 1000px) 54vw, (max-width: 1071px) 543px, 580px\" \/><figcaption class=\"wp-element-caption\">Hatte die Weichenantriebe modifiziert. Die Stellkraft wird langfristig zu schwach sein, die (rechts in weiss) Mikroschalter hatte ich entfernt, die sind bei Digitalschaltungen nicht n\u00f6tg.<\/figcaption><\/figure>\n\n\n\n<figure class=\"wp-block-image size-large\"><img loading=\"lazy\" decoding=\"async\" width=\"768\" height=\"1024\" src=\"https:\/\/www2.waldex.ch\/wordpress\/wp-content\/uploads\/2025\/08\/IMG_2535-768x1024.jpg\" alt=\"\" class=\"wp-image-17292\" srcset=\"https:\/\/www2.waldex.ch\/wordpress\/wp-content\/uploads\/2025\/08\/IMG_2535-768x1024.jpg 768w, https:\/\/www2.waldex.ch\/wordpress\/wp-content\/uploads\/2025\/08\/IMG_2535-225x300.jpg 225w, https:\/\/www2.waldex.ch\/wordpress\/wp-content\/uploads\/2025\/08\/IMG_2535-1152x1536.jpg 1152w, https:\/\/www2.waldex.ch\/wordpress\/wp-content\/uploads\/2025\/08\/IMG_2535-1536x2048.jpg 1536w, https:\/\/www2.waldex.ch\/wordpress\/wp-content\/uploads\/2025\/08\/IMG_2535-scaled.jpg 1920w\" sizes=\"auto, (max-width: 767px) 89vw, (max-width: 1000px) 54vw, (max-width: 1071px) 543px, 580px\" \/><figcaption class=\"wp-element-caption\">&#8230;.Sieht doch schon besser aus&#8230;.Aber an einer Stoppstelle hielt gar nichts mehr! Der Grund auf den folgenden Bildern:<\/figcaption><\/figure>\n\n\n\n<figure class=\"wp-block-image size-large\"><img loading=\"lazy\" decoding=\"async\" width=\"1024\" height=\"768\" src=\"https:\/\/www2.waldex.ch\/wordpress\/wp-content\/uploads\/2025\/08\/IMG_2506-1024x768.jpg\" alt=\"\" class=\"wp-image-17291\" srcset=\"https:\/\/www2.waldex.ch\/wordpress\/wp-content\/uploads\/2025\/08\/IMG_2506-1024x768.jpg 1024w, https:\/\/www2.waldex.ch\/wordpress\/wp-content\/uploads\/2025\/08\/IMG_2506-300x225.jpg 300w, https:\/\/www2.waldex.ch\/wordpress\/wp-content\/uploads\/2025\/08\/IMG_2506-768x576.jpg 768w, https:\/\/www2.waldex.ch\/wordpress\/wp-content\/uploads\/2025\/08\/IMG_2506-1536x1152.jpg 1536w, https:\/\/www2.waldex.ch\/wordpress\/wp-content\/uploads\/2025\/08\/IMG_2506-2048x1536.jpg 2048w\" sizes=\"auto, (max-width: 767px) 89vw, (max-width: 1000px) 54vw, (max-width: 1071px) 543px, 580px\" \/><figcaption class=\"wp-element-caption\">UPs? was liegt denn da f\u00fcr ein Metall auf den Gleisen? <\/figcaption><\/figure>\n\n\n\n<figure class=\"wp-block-image size-large\"><img loading=\"lazy\" decoding=\"async\" width=\"1024\" height=\"768\" src=\"https:\/\/www2.waldex.ch\/wordpress\/wp-content\/uploads\/2025\/08\/IMG_2507-1024x768.jpg\" alt=\"\" class=\"wp-image-17293\" srcset=\"https:\/\/www2.waldex.ch\/wordpress\/wp-content\/uploads\/2025\/08\/IMG_2507-1024x768.jpg 1024w, https:\/\/www2.waldex.ch\/wordpress\/wp-content\/uploads\/2025\/08\/IMG_2507-300x225.jpg 300w, https:\/\/www2.waldex.ch\/wordpress\/wp-content\/uploads\/2025\/08\/IMG_2507-768x576.jpg 768w, https:\/\/www2.waldex.ch\/wordpress\/wp-content\/uploads\/2025\/08\/IMG_2507-1536x1152.jpg 1536w, https:\/\/www2.waldex.ch\/wordpress\/wp-content\/uploads\/2025\/08\/IMG_2507-2048x1536.jpg 2048w\" sizes=\"auto, (max-width: 767px) 89vw, (max-width: 1000px) 54vw, (max-width: 1071px) 543px, 580px\" \/><figcaption class=\"wp-element-caption\">In der Stoppstelle drin fehlt er! Wie kann der nur rausgefallen sein?<\/figcaption><\/figure>\n\n\n\n<h1>Warum die Stoppstelle nicht mehr ging: Hatte ein Wartungslock ges\u00e4gt&#8230;..<\/h1>\n<p>Nat\u00fcrlich! Ich erinnere mich, dass ich zwischen Segement 1 und 2 etwas mehr Platz brauchte, wenn ich &#8222;innen&#8220; was machen muss&#8230;da hatte ich ein Loch ges\u00e4gt, nat\u00fcrlich gab es da Schwingungen! Deshalb war wohl dieses Gewinde rausgefallen!<\/p>\n\n\n\n<figure class=\"wp-block-image size-large\"><img loading=\"lazy\" decoding=\"async\" width=\"768\" height=\"1024\" src=\"https:\/\/www2.waldex.ch\/wordpress\/wp-content\/uploads\/2025\/08\/IMG_2230-768x1024.jpg\" alt=\"\" class=\"wp-image-17294\" srcset=\"https:\/\/www2.waldex.ch\/wordpress\/wp-content\/uploads\/2025\/08\/IMG_2230-768x1024.jpg 768w, https:\/\/www2.waldex.ch\/wordpress\/wp-content\/uploads\/2025\/08\/IMG_2230-225x300.jpg 225w, https:\/\/www2.waldex.ch\/wordpress\/wp-content\/uploads\/2025\/08\/IMG_2230-1152x1536.jpg 1152w, https:\/\/www2.waldex.ch\/wordpress\/wp-content\/uploads\/2025\/08\/IMG_2230-1536x2048.jpg 1536w, https:\/\/www2.waldex.ch\/wordpress\/wp-content\/uploads\/2025\/08\/IMG_2230-scaled.jpg 1920w\" sizes=\"auto, (max-width: 767px) 89vw, (max-width: 1000px) 54vw, (max-width: 1071px) 543px, 580px\" \/><\/figure>\n\n\n\n<figure class=\"wp-block-image size-large\"><img loading=\"lazy\" decoding=\"async\" width=\"1024\" height=\"768\" src=\"https:\/\/www2.waldex.ch\/wordpress\/wp-content\/uploads\/2025\/08\/IMG_2231-1024x768.jpg\" alt=\"\" class=\"wp-image-17295\" srcset=\"https:\/\/www2.waldex.ch\/wordpress\/wp-content\/uploads\/2025\/08\/IMG_2231-1024x768.jpg 1024w, https:\/\/www2.waldex.ch\/wordpress\/wp-content\/uploads\/2025\/08\/IMG_2231-300x225.jpg 300w, https:\/\/www2.waldex.ch\/wordpress\/wp-content\/uploads\/2025\/08\/IMG_2231-768x576.jpg 768w, https:\/\/www2.waldex.ch\/wordpress\/wp-content\/uploads\/2025\/08\/IMG_2231-1536x1152.jpg 1536w, https:\/\/www2.waldex.ch\/wordpress\/wp-content\/uploads\/2025\/08\/IMG_2231-2048x1536.jpg 2048w\" sizes=\"auto, (max-width: 767px) 89vw, (max-width: 1000px) 54vw, (max-width: 1071px) 543px, 580px\" \/><\/figure>\n\n\n\n<figure class=\"wp-block-image size-large\"><img loading=\"lazy\" decoding=\"async\" width=\"768\" height=\"1024\" src=\"https:\/\/www2.waldex.ch\/wordpress\/wp-content\/uploads\/2025\/08\/IMG_2232-768x1024.jpg\" alt=\"\" class=\"wp-image-17296\" srcset=\"https:\/\/www2.waldex.ch\/wordpress\/wp-content\/uploads\/2025\/08\/IMG_2232-768x1024.jpg 768w, https:\/\/www2.waldex.ch\/wordpress\/wp-content\/uploads\/2025\/08\/IMG_2232-225x300.jpg 225w, https:\/\/www2.waldex.ch\/wordpress\/wp-content\/uploads\/2025\/08\/IMG_2232-1152x1536.jpg 1152w, https:\/\/www2.waldex.ch\/wordpress\/wp-content\/uploads\/2025\/08\/IMG_2232-1536x2048.jpg 1536w, https:\/\/www2.waldex.ch\/wordpress\/wp-content\/uploads\/2025\/08\/IMG_2232-scaled.jpg 1920w\" sizes=\"auto, (max-width: 767px) 89vw, (max-width: 1000px) 54vw, (max-width: 1071px) 543px, 580px\" \/><\/figure>\n\n\n\n<figure class=\"wp-block-image size-large\"><img loading=\"lazy\" decoding=\"async\" width=\"768\" height=\"1024\" src=\"https:\/\/www2.waldex.ch\/wordpress\/wp-content\/uploads\/2025\/08\/IMG_2233-768x1024.jpg\" alt=\"\" class=\"wp-image-17297\" srcset=\"https:\/\/www2.waldex.ch\/wordpress\/wp-content\/uploads\/2025\/08\/IMG_2233-768x1024.jpg 768w, https:\/\/www2.waldex.ch\/wordpress\/wp-content\/uploads\/2025\/08\/IMG_2233-225x300.jpg 225w, https:\/\/www2.waldex.ch\/wordpress\/wp-content\/uploads\/2025\/08\/IMG_2233-1152x1536.jpg 1152w, https:\/\/www2.waldex.ch\/wordpress\/wp-content\/uploads\/2025\/08\/IMG_2233-1536x2048.jpg 1536w, https:\/\/www2.waldex.ch\/wordpress\/wp-content\/uploads\/2025\/08\/IMG_2233-scaled.jpg 1920w\" sizes=\"auto, (max-width: 767px) 89vw, (max-width: 1000px) 54vw, (max-width: 1071px) 543px, 580px\" \/><\/figure>\n\n\n\n<h1>Mehr Freiheitsgrade von Fahrzeugen<\/h1>\n<p>RC-Steuerung auf der Modellbahn! Leider weichen die Carsystem-Fahrzeuge nicht aus \ud83d\ude42 Sonst super und sehr Robust!<\/p>\n\n\n\n<figure class=\"wp-block-image size-large\"><img loading=\"lazy\" decoding=\"async\" width=\"1024\" height=\"768\" src=\"https:\/\/www2.waldex.ch\/wordpress\/wp-content\/uploads\/2025\/08\/IMG_2573-1024x768.jpg\" alt=\"\" class=\"wp-image-17304\" srcset=\"https:\/\/www2.waldex.ch\/wordpress\/wp-content\/uploads\/2025\/08\/IMG_2573-1024x768.jpg 1024w, https:\/\/www2.waldex.ch\/wordpress\/wp-content\/uploads\/2025\/08\/IMG_2573-300x225.jpg 300w, https:\/\/www2.waldex.ch\/wordpress\/wp-content\/uploads\/2025\/08\/IMG_2573-768x576.jpg 768w, https:\/\/www2.waldex.ch\/wordpress\/wp-content\/uploads\/2025\/08\/IMG_2573-1536x1152.jpg 1536w, https:\/\/www2.waldex.ch\/wordpress\/wp-content\/uploads\/2025\/08\/IMG_2573-2048x1536.jpg 2048w\" sizes=\"auto, (max-width: 767px) 89vw, (max-width: 1000px) 54vw, (max-width: 1071px) 543px, 580px\" \/><\/figure>\n\n\n\n<figure class=\"wp-block-image size-large\"><img loading=\"lazy\" decoding=\"async\" width=\"768\" height=\"1024\" src=\"https:\/\/www2.waldex.ch\/wordpress\/wp-content\/uploads\/2025\/08\/IMG_2815-768x1024.jpg\" alt=\"\" class=\"wp-image-17306\" srcset=\"https:\/\/www2.waldex.ch\/wordpress\/wp-content\/uploads\/2025\/08\/IMG_2815-768x1024.jpg 768w, https:\/\/www2.waldex.ch\/wordpress\/wp-content\/uploads\/2025\/08\/IMG_2815-225x300.jpg 225w, https:\/\/www2.waldex.ch\/wordpress\/wp-content\/uploads\/2025\/08\/IMG_2815-1152x1536.jpg 1152w, https:\/\/www2.waldex.ch\/wordpress\/wp-content\/uploads\/2025\/08\/IMG_2815-1536x2048.jpg 1536w, https:\/\/www2.waldex.ch\/wordpress\/wp-content\/uploads\/2025\/08\/IMG_2815-scaled.jpg 1920w\" sizes=\"auto, (max-width: 767px) 89vw, (max-width: 1000px) 54vw, (max-width: 1071px) 543px, 580px\" \/><\/figure>\n\n\n\n<figure class=\"wp-block-image size-large\"><img loading=\"lazy\" decoding=\"async\" width=\"1024\" height=\"768\" src=\"https:\/\/www2.waldex.ch\/wordpress\/wp-content\/uploads\/2025\/08\/IMG_3889-1024x768.jpg\" alt=\"\" class=\"wp-image-17327\" srcset=\"https:\/\/www2.waldex.ch\/wordpress\/wp-content\/uploads\/2025\/08\/IMG_3889-1024x768.jpg 1024w, https:\/\/www2.waldex.ch\/wordpress\/wp-content\/uploads\/2025\/08\/IMG_3889-300x225.jpg 300w, https:\/\/www2.waldex.ch\/wordpress\/wp-content\/uploads\/2025\/08\/IMG_3889-768x576.jpg 768w, https:\/\/www2.waldex.ch\/wordpress\/wp-content\/uploads\/2025\/08\/IMG_3889-1536x1152.jpg 1536w, https:\/\/www2.waldex.ch\/wordpress\/wp-content\/uploads\/2025\/08\/IMG_3889-2048x1536.jpg 2048w\" sizes=\"auto, (max-width: 767px) 89vw, (max-width: 1000px) 54vw, (max-width: 1071px) 543px, 580px\" \/><figcaption class=\"wp-element-caption\">Und, nat\u00fcrlich, fuhr nicht mehr (Mai 2025, wenige Woche nach Erhalt): Musste ein paar Grasfasern entfernen, dann war das Problem zum Gl\u00fcck schon behoben. Das Teil ist robust! Echt super!<\/figcaption><\/figure>\n","protected":false},"excerpt":{"rendered":"<p>Die ersten Fahrzeuge fahren auf den Segmenten 1+2, gesteuert mit M\u00e4rklin und Viessmann K84-Decoder an der CS1r und EcosController auf dem Tablet Alle wollen hin:) Fahrzeugmodifikation &#8211; auch das muss sein! Schaltverst\u00e4rker f\u00fcr Weichenschalter Ein alter Weichenschalter hatte nicht zuverl\u00e4ssig geschaltet. Mit einem selbst entwickelten Schaltverst\u00e4rker am Decoder K83-Ausgang scheint er wieder gut zu laufen! &hellip; <\/p>\n<p class=\"link-more\"><a href=\"https:\/\/www2.waldex.ch\/wordpress\/?p=17181\" class=\"more-link\"><span class=\"screen-reader-text\">&#8222;Faller Car System&#8220;<\/span> weiterlesen<\/a><\/p>\n","protected":false},"author":250,"featured_media":17188,"comment_status":"closed","ping_status":"open","sticky":false,"template":"","format":"standard","meta":{"ngg_post_thumbnail":0,"footnotes":""},"categories":[8],"tags":[],"class_list":["post-17181","post","type-post","status-publish","format-standard","has-post-thumbnail","hentry","category-build"],"_links":{"self":[{"href":"https:\/\/www2.waldex.ch\/wordpress\/index.php?rest_route=\/wp\/v2\/posts\/17181","targetHints":{"allow":["GET"]}}],"collection":[{"href":"https:\/\/www2.waldex.ch\/wordpress\/index.php?rest_route=\/wp\/v2\/posts"}],"about":[{"href":"https:\/\/www2.waldex.ch\/wordpress\/index.php?rest_route=\/wp\/v2\/types\/post"}],"author":[{"embeddable":true,"href":"https:\/\/www2.waldex.ch\/wordpress\/index.php?rest_route=\/wp\/v2\/users\/250"}],"replies":[{"embeddable":true,"href":"https:\/\/www2.waldex.ch\/wordpress\/index.php?rest_route=%2Fwp%2Fv2%2Fcomments&post=17181"}],"version-history":[{"count":0,"href":"https:\/\/www2.waldex.ch\/wordpress\/index.php?rest_route=\/wp\/v2\/posts\/17181\/revisions"}],"wp:featuredmedia":[{"embeddable":true,"href":"https:\/\/www2.waldex.ch\/wordpress\/index.php?rest_route=\/wp\/v2\/media\/17188"}],"wp:attachment":[{"href":"https:\/\/www2.waldex.ch\/wordpress\/index.php?rest_route=%2Fwp%2Fv2%2Fmedia&parent=17181"}],"wp:term":[{"taxonomy":"category","embeddable":true,"href":"https:\/\/www2.waldex.ch\/wordpress\/index.php?rest_route=%2Fwp%2Fv2%2Fcategories&post=17181"},{"taxonomy":"post_tag","embeddable":true,"href":"https:\/\/www2.waldex.ch\/wordpress\/index.php?rest_route=%2Fwp%2Fv2%2Ftags&post=17181"}],"curies":[{"name":"wp","href":"https:\/\/api.w.org\/{rel}","templated":true}]}}