







































































































































































































































































{"id":17143,"date":"2025-02-02T10:19:30","date_gmt":"2025-02-02T09:19:30","guid":{"rendered":"https:\/\/www2.waldex.ch\/wordpress\/?p=17143"},"modified":"2025-08-24T09:25:48","modified_gmt":"2025-08-24T08:25:48","slug":"__trashed","status":"publish","type":"post","link":"https:\/\/www2.waldex.ch\/wordpress\/?p=17143","title":{"rendered":"Alter Fiddle Yard mit neuer Zufahrt (Gleisdreieck und Klappbr\u00fccke)"},"content":{"rendered":"\n\n\n<p>Fast 15 Jahre lang war mein Abstellbahnhof \u201eHerdern\u201c unber\u00fchrt hochkant an der Wand unter den Modulen gelagert. Nun kommen bald neue Z\u00fcge (M\u00e4rklin Giruno aus der Reperatur, Roco Twindexx) und bestehende in der Schachtel m\u00f6chten auch mal wieder fahren (ICE1, ICE3, etc).<\/p>\n\n\n\n<figure class=\"wp-block-image size-large\"><img loading=\"lazy\" decoding=\"async\" width=\"1024\" height=\"768\" src=\"https:\/\/www2.waldex.ch\/wordpress\/wp-content\/uploads\/2025\/02\/IMG_1233-1024x768.jpg\" alt=\"\" class=\"wp-image-17089\" srcset=\"https:\/\/www2.waldex.ch\/wordpress\/wp-content\/uploads\/2025\/02\/IMG_1233-1024x768.jpg 1024w, https:\/\/www2.waldex.ch\/wordpress\/wp-content\/uploads\/2025\/02\/IMG_1233-300x225.jpg 300w, https:\/\/www2.waldex.ch\/wordpress\/wp-content\/uploads\/2025\/02\/IMG_1233-768x576.jpg 768w, https:\/\/www2.waldex.ch\/wordpress\/wp-content\/uploads\/2025\/02\/IMG_1233-1536x1152.jpg 1536w, https:\/\/www2.waldex.ch\/wordpress\/wp-content\/uploads\/2025\/02\/IMG_1233-2048x1536.jpg 2048w\" sizes=\"auto, (max-width: 767px) 89vw, (max-width: 1000px) 54vw, (max-width: 1071px) 543px, 580px\" \/><figcaption class=\"wp-element-caption\">Vor \u00fcber 20 Jahren gebaut am alten Ort (f\u00fcr die Modulanlage), fast 15 Jahre unter den Modulen am aktuellen Ort gelagert und ungenutzt. Sollte f\u00fcr neue Z\u00fcge reaktiviert werden!<\/figcaption><\/figure>\n\n\n\n<figure class=\"wp-block-image size-large\"><img loading=\"lazy\" decoding=\"async\" width=\"1024\" height=\"768\" src=\"https:\/\/www2.waldex.ch\/wordpress\/wp-content\/uploads\/2025\/02\/IMG_1234-1024x768.jpg\" alt=\"\" class=\"wp-image-17102\" srcset=\"https:\/\/www2.waldex.ch\/wordpress\/wp-content\/uploads\/2025\/02\/IMG_1234-1024x768.jpg 1024w, https:\/\/www2.waldex.ch\/wordpress\/wp-content\/uploads\/2025\/02\/IMG_1234-300x225.jpg 300w, https:\/\/www2.waldex.ch\/wordpress\/wp-content\/uploads\/2025\/02\/IMG_1234-768x576.jpg 768w, https:\/\/www2.waldex.ch\/wordpress\/wp-content\/uploads\/2025\/02\/IMG_1234-1536x1152.jpg 1536w, https:\/\/www2.waldex.ch\/wordpress\/wp-content\/uploads\/2025\/02\/IMG_1234-2048x1536.jpg 2048w\" sizes=\"auto, (max-width: 767px) 89vw, (max-width: 1000px) 54vw, (max-width: 1071px) 543px, 580px\" \/><figcaption class=\"wp-element-caption\">Das gesamte Material ist in Rolli&#8217;s (Rollschubladen oder fahrbahre Gestelle) gelatert &#8211; rausr\u00e4umen ging verh\u00e4nltnism\u00e4ssig schnell<\/figcaption><\/figure>\n\n\n\n<figure class=\"wp-block-image size-large\"><img loading=\"lazy\" decoding=\"async\" width=\"1024\" height=\"768\" src=\"https:\/\/www2.waldex.ch\/wordpress\/wp-content\/uploads\/2025\/02\/IMG_1271-1024x768.jpg\" alt=\"\" class=\"wp-image-17111\" srcset=\"https:\/\/www2.waldex.ch\/wordpress\/wp-content\/uploads\/2025\/02\/IMG_1271-1024x768.jpg 1024w, https:\/\/www2.waldex.ch\/wordpress\/wp-content\/uploads\/2025\/02\/IMG_1271-300x225.jpg 300w, https:\/\/www2.waldex.ch\/wordpress\/wp-content\/uploads\/2025\/02\/IMG_1271-768x576.jpg 768w, https:\/\/www2.waldex.ch\/wordpress\/wp-content\/uploads\/2025\/02\/IMG_1271-1536x1152.jpg 1536w, https:\/\/www2.waldex.ch\/wordpress\/wp-content\/uploads\/2025\/02\/IMG_1271-2048x1536.jpg 2048w\" sizes=\"auto, (max-width: 767px) 89vw, (max-width: 1000px) 54vw, (max-width: 1071px) 543px, 580px\" \/><figcaption class=\"wp-element-caption\">Fiddle Yard &#8222;Herdern&#8220;: Gesamtl\u00e4nger: 298 cm, 8 Gleise \ud83d\ude42<\/figcaption><\/figure>\n\n\n\n<figure class=\"wp-block-image size-large\"><img loading=\"lazy\" decoding=\"async\" width=\"1024\" height=\"768\" src=\"https:\/\/www2.waldex.ch\/wordpress\/wp-content\/uploads\/2025\/02\/IMG_1272-1024x768.jpg\" alt=\"\" class=\"wp-image-17110\" srcset=\"https:\/\/www2.waldex.ch\/wordpress\/wp-content\/uploads\/2025\/02\/IMG_1272-1024x768.jpg 1024w, https:\/\/www2.waldex.ch\/wordpress\/wp-content\/uploads\/2025\/02\/IMG_1272-300x225.jpg 300w, https:\/\/www2.waldex.ch\/wordpress\/wp-content\/uploads\/2025\/02\/IMG_1272-768x576.jpg 768w, https:\/\/www2.waldex.ch\/wordpress\/wp-content\/uploads\/2025\/02\/IMG_1272-1536x1152.jpg 1536w, https:\/\/www2.waldex.ch\/wordpress\/wp-content\/uploads\/2025\/02\/IMG_1272-2048x1536.jpg 2048w\" sizes=\"auto, (max-width: 767px) 89vw, (max-width: 1000px) 54vw, (max-width: 1071px) 543px, 580px\" \/><figcaption class=\"wp-element-caption\">Aufgestellt und mit 4 (sp\u00e4ter 8) h\u00f6henverstellbaren Beinen versehen. Schienenoberkante wie beim anderen Schattenahnhof (Bern)<\/figcaption><\/figure>\n\n\n\n<figure class=\"wp-block-image size-large\"><img loading=\"lazy\" decoding=\"async\" width=\"1024\" height=\"768\" src=\"https:\/\/www2.waldex.ch\/wordpress\/wp-content\/uploads\/2025\/02\/IMG_1278-1024x768.jpg\" alt=\"\" class=\"wp-image-17113\" srcset=\"https:\/\/www2.waldex.ch\/wordpress\/wp-content\/uploads\/2025\/02\/IMG_1278-1024x768.jpg 1024w, https:\/\/www2.waldex.ch\/wordpress\/wp-content\/uploads\/2025\/02\/IMG_1278-300x225.jpg 300w, https:\/\/www2.waldex.ch\/wordpress\/wp-content\/uploads\/2025\/02\/IMG_1278-768x576.jpg 768w, https:\/\/www2.waldex.ch\/wordpress\/wp-content\/uploads\/2025\/02\/IMG_1278-1536x1152.jpg 1536w, https:\/\/www2.waldex.ch\/wordpress\/wp-content\/uploads\/2025\/02\/IMG_1278-2048x1536.jpg 2048w\" sizes=\"auto, (max-width: 767px) 89vw, (max-width: 1000px) 54vw, (max-width: 1071px) 543px, 580px\" \/><figcaption class=\"wp-element-caption\">Fiddleyard &#8222;Herdern&#8220; unter den Modulen<\/figcaption><\/figure>\n\n\n\n<figure class=\"wp-block-image size-large\"><img loading=\"lazy\" decoding=\"async\" width=\"768\" height=\"1024\" src=\"https:\/\/www2.waldex.ch\/wordpress\/wp-content\/uploads\/2025\/02\/IMG_1281-768x1024.jpg\" alt=\"\" class=\"wp-image-17117\" srcset=\"https:\/\/www2.waldex.ch\/wordpress\/wp-content\/uploads\/2025\/02\/IMG_1281-768x1024.jpg 768w, https:\/\/www2.waldex.ch\/wordpress\/wp-content\/uploads\/2025\/02\/IMG_1281-225x300.jpg 225w, https:\/\/www2.waldex.ch\/wordpress\/wp-content\/uploads\/2025\/02\/IMG_1281-1152x1536.jpg 1152w, https:\/\/www2.waldex.ch\/wordpress\/wp-content\/uploads\/2025\/02\/IMG_1281-1536x2048.jpg 1536w, https:\/\/www2.waldex.ch\/wordpress\/wp-content\/uploads\/2025\/02\/IMG_1281-scaled.jpg 1920w\" sizes=\"auto, (max-width: 767px) 89vw, (max-width: 1000px) 54vw, (max-width: 1071px) 543px, 580px\" \/><figcaption class=\"wp-element-caption\">Die Schubladenrollis brauchen am meisten Platz und passen wieder gut drunter (55 cm H\u00f6he). Fast ein guter Zufall!<\/figcaption><\/figure>\n\n\n\n<p>Der Platz ist eng. Dennoch passt der Fiddy unter die Module: Nur wenige Modulbeine mussten versetzt und eine st\u00fctzende Kommode durch Beine ersetzt werden. Zudem gab es dadurch unten mehr Stauraum. Wegen dem Fiddy h\u00e4tte ich eigentlich weniger Platz erwartet\u2026.Alles in allem also ein Gewinn!<\/p>\n\n\n\n<figure class=\"wp-block-image size-large\"><img loading=\"lazy\" decoding=\"async\" width=\"1024\" height=\"768\" src=\"https:\/\/www2.waldex.ch\/wordpress\/wp-content\/uploads\/2025\/02\/IMG_1319-1024x768.jpg\" alt=\"\" class=\"wp-image-17126\" srcset=\"https:\/\/www2.waldex.ch\/wordpress\/wp-content\/uploads\/2025\/02\/IMG_1319-1024x768.jpg 1024w, https:\/\/www2.waldex.ch\/wordpress\/wp-content\/uploads\/2025\/02\/IMG_1319-300x225.jpg 300w, https:\/\/www2.waldex.ch\/wordpress\/wp-content\/uploads\/2025\/02\/IMG_1319-768x576.jpg 768w, https:\/\/www2.waldex.ch\/wordpress\/wp-content\/uploads\/2025\/02\/IMG_1319-1536x1152.jpg 1536w, https:\/\/www2.waldex.ch\/wordpress\/wp-content\/uploads\/2025\/02\/IMG_1319-2048x1536.jpg 2048w\" sizes=\"auto, (max-width: 767px) 89vw, (max-width: 1000px) 54vw, (max-width: 1071px) 543px, 580px\" \/><figcaption class=\"wp-element-caption\">Hier Sicht auf den  Beinewald \ud83d\ude42 ist aber ok so, da jedes Modul\/Segment alleine auf dem Boden steht. Genug Platz f\u00fcr Rollw\u00e4gelchen dazwischen ist ja vorhanden<\/figcaption><\/figure>\n\n\n\n<figure class=\"wp-block-image size-large\"><img loading=\"lazy\" decoding=\"async\" width=\"1024\" height=\"768\" src=\"https:\/\/www2.waldex.ch\/wordpress\/wp-content\/uploads\/2025\/02\/IMG_1252-1024x768.jpg\" alt=\"\" class=\"wp-image-17112\" srcset=\"https:\/\/www2.waldex.ch\/wordpress\/wp-content\/uploads\/2025\/02\/IMG_1252-1024x768.jpg 1024w, https:\/\/www2.waldex.ch\/wordpress\/wp-content\/uploads\/2025\/02\/IMG_1252-300x225.jpg 300w, https:\/\/www2.waldex.ch\/wordpress\/wp-content\/uploads\/2025\/02\/IMG_1252-768x576.jpg 768w, https:\/\/www2.waldex.ch\/wordpress\/wp-content\/uploads\/2025\/02\/IMG_1252-1536x1152.jpg 1536w, https:\/\/www2.waldex.ch\/wordpress\/wp-content\/uploads\/2025\/02\/IMG_1252-2048x1536.jpg 2048w\" sizes=\"auto, (max-width: 767px) 89vw, (max-width: 1000px) 54vw, (max-width: 1071px) 543px, 580px\" \/><figcaption class=\"wp-element-caption\">Neue Ansichten auf die alte Stadt (\u00fcber dem LS-Aggregat :-)), da die alte Kommode unter den Modulen f\u00fcr den Fiddy wegger\u00e4umt werden musste<\/figcaption><\/figure>\n\n\n\n<figure class=\"wp-block-image size-large\"><img loading=\"lazy\" decoding=\"async\" width=\"768\" height=\"1024\" src=\"https:\/\/www2.waldex.ch\/wordpress\/wp-content\/uploads\/2025\/02\/IMG_1261-768x1024.jpg\" alt=\"\" class=\"wp-image-17118\" srcset=\"https:\/\/www2.waldex.ch\/wordpress\/wp-content\/uploads\/2025\/02\/IMG_1261-768x1024.jpg 768w, https:\/\/www2.waldex.ch\/wordpress\/wp-content\/uploads\/2025\/02\/IMG_1261-225x300.jpg 225w, https:\/\/www2.waldex.ch\/wordpress\/wp-content\/uploads\/2025\/02\/IMG_1261-1152x1536.jpg 1152w, https:\/\/www2.waldex.ch\/wordpress\/wp-content\/uploads\/2025\/02\/IMG_1261-1536x2048.jpg 1536w, https:\/\/www2.waldex.ch\/wordpress\/wp-content\/uploads\/2025\/02\/IMG_1261-scaled.jpg 1920w\" sizes=\"auto, (max-width: 767px) 89vw, (max-width: 1000px) 54vw, (max-width: 1071px) 543px, 580px\" \/><figcaption class=\"wp-element-caption\">!Meine beiden Kinder am\u00fcsieren sich auch&#8230;endlich haben sie mal die Anlage von hinten anschauen d\u00fcrfen!<\/figcaption><\/figure>\n\n\n\n<figure class=\"wp-block-image size-large\"><img loading=\"lazy\" decoding=\"async\" width=\"768\" height=\"1024\" src=\"https:\/\/www2.waldex.ch\/wordpress\/wp-content\/uploads\/2025\/02\/IMG_1328-768x1024.jpg\" alt=\"\" class=\"wp-image-17119\" srcset=\"https:\/\/www2.waldex.ch\/wordpress\/wp-content\/uploads\/2025\/02\/IMG_1328-768x1024.jpg 768w, https:\/\/www2.waldex.ch\/wordpress\/wp-content\/uploads\/2025\/02\/IMG_1328-225x300.jpg 225w, https:\/\/www2.waldex.ch\/wordpress\/wp-content\/uploads\/2025\/02\/IMG_1328-1152x1536.jpg 1152w, https:\/\/www2.waldex.ch\/wordpress\/wp-content\/uploads\/2025\/02\/IMG_1328-1536x2048.jpg 1536w, https:\/\/www2.waldex.ch\/wordpress\/wp-content\/uploads\/2025\/02\/IMG_1328-scaled.jpg 1920w\" sizes=\"auto, (max-width: 767px) 89vw, (max-width: 1000px) 54vw, (max-width: 1071px) 543px, 580px\" \/><figcaption class=\"wp-element-caption\">Von Kinderh\u00e4nden gebautes Dorf aus abgebautem Material<\/figcaption><\/figure>\n\n\n\n<figure class=\"wp-block-image size-large\"><img loading=\"lazy\" decoding=\"async\" width=\"768\" height=\"1024\" src=\"https:\/\/www2.waldex.ch\/wordpress\/wp-content\/uploads\/2025\/02\/IMG_1326-768x1024.jpg\" alt=\"\" class=\"wp-image-17114\" srcset=\"https:\/\/www2.waldex.ch\/wordpress\/wp-content\/uploads\/2025\/02\/IMG_1326-768x1024.jpg 768w, https:\/\/www2.waldex.ch\/wordpress\/wp-content\/uploads\/2025\/02\/IMG_1326-225x300.jpg 225w, https:\/\/www2.waldex.ch\/wordpress\/wp-content\/uploads\/2025\/02\/IMG_1326-1152x1536.jpg 1152w, https:\/\/www2.waldex.ch\/wordpress\/wp-content\/uploads\/2025\/02\/IMG_1326-1536x2048.jpg 1536w, https:\/\/www2.waldex.ch\/wordpress\/wp-content\/uploads\/2025\/02\/IMG_1326-scaled.jpg 1920w\" sizes=\"auto, (max-width: 767px) 89vw, (max-width: 1000px) 54vw, (max-width: 1071px) 543px, 580px\" \/><figcaption class=\"wp-element-caption\">Die provisorische Bahnhofseinfahrt wurde auch nivelliert. Dies war nur m\u00f6glich mit Heben der Kehrmodule um ca. 5 cm (wurde damals nur oberfl\u00e4chlich gemacht und brachte ab und zu etwas Probleme im Bahnverkehr bei 7% Steigung auf einer Strecke von 40 cm in der hier gezeigten Einfahrt. Dies wurde korrigiert). Norm ist 100 cm Gleish\u00f6he \u00fcber dem Boden, hier gefordert: 110 cm.<\/figcaption><\/figure>\n\n\n\n<figure class=\"wp-block-image size-large\"><img loading=\"lazy\" decoding=\"async\" width=\"768\" height=\"1024\" src=\"https:\/\/www2.waldex.ch\/wordpress\/wp-content\/uploads\/2025\/02\/IMG_1310-768x1024.jpg\" alt=\"\" class=\"wp-image-17127\" srcset=\"https:\/\/www2.waldex.ch\/wordpress\/wp-content\/uploads\/2025\/02\/IMG_1310-768x1024.jpg 768w, https:\/\/www2.waldex.ch\/wordpress\/wp-content\/uploads\/2025\/02\/IMG_1310-225x300.jpg 225w, https:\/\/www2.waldex.ch\/wordpress\/wp-content\/uploads\/2025\/02\/IMG_1310-1152x1536.jpg 1152w, https:\/\/www2.waldex.ch\/wordpress\/wp-content\/uploads\/2025\/02\/IMG_1310-1536x2048.jpg 1536w, https:\/\/www2.waldex.ch\/wordpress\/wp-content\/uploads\/2025\/02\/IMG_1310-scaled.jpg 1920w\" sizes=\"auto, (max-width: 767px) 89vw, (max-width: 1000px) 54vw, (max-width: 1071px) 543px, 580px\" \/><figcaption class=\"wp-element-caption\">Einfache Beinverl\u00e4ngerung bestehender, genormten H\u00f6hen auf die ben\u00f6tigte (anstelle der  Schubladenkommode)<\/figcaption><\/figure>\n\n\n\n<figure class=\"wp-block-image size-large\"><img loading=\"lazy\" decoding=\"async\" width=\"768\" height=\"1024\" src=\"https:\/\/www2.waldex.ch\/wordpress\/wp-content\/uploads\/2025\/02\/IMG_1298-768x1024.jpg\" alt=\"\" class=\"wp-image-17116\" srcset=\"https:\/\/www2.waldex.ch\/wordpress\/wp-content\/uploads\/2025\/02\/IMG_1298-768x1024.jpg 768w, https:\/\/www2.waldex.ch\/wordpress\/wp-content\/uploads\/2025\/02\/IMG_1298-225x300.jpg 225w, https:\/\/www2.waldex.ch\/wordpress\/wp-content\/uploads\/2025\/02\/IMG_1298-1152x1536.jpg 1152w, https:\/\/www2.waldex.ch\/wordpress\/wp-content\/uploads\/2025\/02\/IMG_1298-1536x2048.jpg 1536w, https:\/\/www2.waldex.ch\/wordpress\/wp-content\/uploads\/2025\/02\/IMG_1298-scaled.jpg 1920w\" sizes=\"auto, (max-width: 767px) 89vw, (max-width: 1000px) 54vw, (max-width: 1071px) 543px, 580px\" \/><figcaption class=\"wp-element-caption\">Daher mussten neue Beine gemacht werden (die alten f\u00fcr korrekte Gleish\u00f6he von 100cm \u00fcber dem Boden nach Swissmodul-Standard immer noch vorhanden)<\/figcaption><\/figure>\n\n\n\n<figure class=\"wp-block-image size-large\"><img loading=\"lazy\" decoding=\"async\" width=\"768\" height=\"1024\" src=\"https:\/\/www2.waldex.ch\/wordpress\/wp-content\/uploads\/2025\/02\/IMG_1307-768x1024.jpg\" alt=\"\" class=\"wp-image-17120\" srcset=\"https:\/\/www2.waldex.ch\/wordpress\/wp-content\/uploads\/2025\/02\/IMG_1307-768x1024.jpg 768w, https:\/\/www2.waldex.ch\/wordpress\/wp-content\/uploads\/2025\/02\/IMG_1307-225x300.jpg 225w, https:\/\/www2.waldex.ch\/wordpress\/wp-content\/uploads\/2025\/02\/IMG_1307-1152x1536.jpg 1152w, https:\/\/www2.waldex.ch\/wordpress\/wp-content\/uploads\/2025\/02\/IMG_1307-1536x2048.jpg 1536w, https:\/\/www2.waldex.ch\/wordpress\/wp-content\/uploads\/2025\/02\/IMG_1307-scaled.jpg 1920w\" sizes=\"auto, (max-width: 767px) 89vw, (max-width: 1000px) 54vw, (max-width: 1071px) 543px, 580px\" \/><figcaption class=\"wp-element-caption\">HIer noch ein Blick auf die alten eigentlich (seit 14 Jahren) provisorisch erh\u00f6hten St\u00fctzen (war auf ca. 105cm statt geforderten 110cm, designed f\u00fcr 100 cm Gleish\u00f6he \u00fcber Boden, aber verl\u00e4ngert mit Schrauben aus dem Eisenwarenhandel..<\/figcaption><\/figure>\n\n\n\n<figure class=\"wp-block-image size-large\"><img loading=\"lazy\" decoding=\"async\" width=\"768\" height=\"1024\" src=\"https:\/\/www2.waldex.ch\/wordpress\/wp-content\/uploads\/2025\/02\/IMG_1308-768x1024.jpg\" alt=\"\" class=\"wp-image-17121\" srcset=\"https:\/\/www2.waldex.ch\/wordpress\/wp-content\/uploads\/2025\/02\/IMG_1308-768x1024.jpg 768w, https:\/\/www2.waldex.ch\/wordpress\/wp-content\/uploads\/2025\/02\/IMG_1308-225x300.jpg 225w, https:\/\/www2.waldex.ch\/wordpress\/wp-content\/uploads\/2025\/02\/IMG_1308-1152x1536.jpg 1152w, https:\/\/www2.waldex.ch\/wordpress\/wp-content\/uploads\/2025\/02\/IMG_1308-1536x2048.jpg 1536w, https:\/\/www2.waldex.ch\/wordpress\/wp-content\/uploads\/2025\/02\/IMG_1308-scaled.jpg 1920w\" sizes=\"auto, (max-width: 767px) 89vw, (max-width: 1000px) 54vw, (max-width: 1071px) 543px, 580px\" \/><figcaption class=\"wp-element-caption\">An der Wand konnte ich die Beine nicht tauschen, da die Schrauben oben am Modul zur Wandseite sind. Alle Module abbauen und Beine tauschen war aufw\u00e4ndiger als ein r\u00fcckbaubarer &#8222;Hack&#8220; mit Beschl\u00e4gen und Leistenst\u00fcck f\u00fcr Beinverl\u00e4ngerung&#8230;.<\/figcaption><\/figure>\n\n\n\n<figure class=\"wp-block-image size-large\"><img loading=\"lazy\" decoding=\"async\" width=\"768\" height=\"1024\" src=\"https:\/\/www2.waldex.ch\/wordpress\/wp-content\/uploads\/2025\/02\/IMG_1312-768x1024.jpg\" alt=\"\" class=\"wp-image-17123\" srcset=\"https:\/\/www2.waldex.ch\/wordpress\/wp-content\/uploads\/2025\/02\/IMG_1312-768x1024.jpg 768w, https:\/\/www2.waldex.ch\/wordpress\/wp-content\/uploads\/2025\/02\/IMG_1312-225x300.jpg 225w, https:\/\/www2.waldex.ch\/wordpress\/wp-content\/uploads\/2025\/02\/IMG_1312-1152x1536.jpg 1152w, https:\/\/www2.waldex.ch\/wordpress\/wp-content\/uploads\/2025\/02\/IMG_1312-1536x2048.jpg 1536w, https:\/\/www2.waldex.ch\/wordpress\/wp-content\/uploads\/2025\/02\/IMG_1312-scaled.jpg 1920w\" sizes=\"auto, (max-width: 767px) 89vw, (max-width: 1000px) 54vw, (max-width: 1071px) 543px, 580px\" \/><figcaption class=\"wp-element-caption\">cDas Bein der (FCS)-Tankstelle:; neu<\/figcaption><\/figure>\n\n\n\n<p>Zum Thema Z\u00fcge: hier was im &#8222;Backlog&#8220; so ansteht&#8230;&#8230;<\/p>\n\n\n\n<figure class=\"wp-block-image size-large\"><img loading=\"lazy\" decoding=\"async\" width=\"768\" height=\"1024\" src=\"https:\/\/www2.waldex.ch\/wordpress\/wp-content\/uploads\/2025\/02\/IMG_1311-768x1024.jpg\" alt=\"\" class=\"wp-image-17125\" srcset=\"https:\/\/www2.waldex.ch\/wordpress\/wp-content\/uploads\/2025\/02\/IMG_1311-768x1024.jpg 768w, https:\/\/www2.waldex.ch\/wordpress\/wp-content\/uploads\/2025\/02\/IMG_1311-225x300.jpg 225w, https:\/\/www2.waldex.ch\/wordpress\/wp-content\/uploads\/2025\/02\/IMG_1311-1152x1536.jpg 1152w, https:\/\/www2.waldex.ch\/wordpress\/wp-content\/uploads\/2025\/02\/IMG_1311-1536x2048.jpg 1536w, https:\/\/www2.waldex.ch\/wordpress\/wp-content\/uploads\/2025\/02\/IMG_1311-scaled.jpg 1920w\" sizes=\"auto, (max-width: 767px) 89vw, (max-width: 1000px) 54vw, (max-width: 1071px) 543px, 580px\" \/><figcaption class=\"wp-element-caption\"><em>cDas Bein der (FCS)-Tankstelle:;<\/em> alt<\/figcaption><\/figure>\n\n\n\n<figure class=\"wp-block-image size-large\"><img loading=\"lazy\" decoding=\"async\" width=\"1024\" height=\"768\" src=\"https:\/\/www2.waldex.ch\/wordpress\/wp-content\/uploads\/2025\/02\/IMG_1325-1024x768.jpg\" alt=\"\" class=\"wp-image-17122\" srcset=\"https:\/\/www2.waldex.ch\/wordpress\/wp-content\/uploads\/2025\/02\/IMG_1325-1024x768.jpg 1024w, https:\/\/www2.waldex.ch\/wordpress\/wp-content\/uploads\/2025\/02\/IMG_1325-300x225.jpg 300w, https:\/\/www2.waldex.ch\/wordpress\/wp-content\/uploads\/2025\/02\/IMG_1325-768x576.jpg 768w, https:\/\/www2.waldex.ch\/wordpress\/wp-content\/uploads\/2025\/02\/IMG_1325-1536x1152.jpg 1536w, https:\/\/www2.waldex.ch\/wordpress\/wp-content\/uploads\/2025\/02\/IMG_1325-2048x1536.jpg 2048w\" sizes=\"auto, (max-width: 767px) 89vw, (max-width: 1000px) 54vw, (max-width: 1071px) 543px, 580px\" \/><figcaption class=\"wp-element-caption\">Somit: Neue Beine &#8211; neues Gl\u00fcck! (grau im Hintergrund: die letzten 4 (also insgesamt 8) Beine des Fiddle Yard &#8222;Herdern&#8220;<\/figcaption><\/figure>\n\n\n\n<figure class=\"wp-block-image size-large\"><img loading=\"lazy\" decoding=\"async\" width=\"1024\" height=\"601\" src=\"https:\/\/www2.waldex.ch\/wordpress\/wp-content\/uploads\/2025\/02\/img_1134-1-1024x601.jpg\" alt=\"\" class=\"wp-image-17074\" srcset=\"https:\/\/www2.waldex.ch\/wordpress\/wp-content\/uploads\/2025\/02\/img_1134-1-1024x601.jpg 1024w, https:\/\/www2.waldex.ch\/wordpress\/wp-content\/uploads\/2025\/02\/img_1134-1-300x176.jpg 300w, https:\/\/www2.waldex.ch\/wordpress\/wp-content\/uploads\/2025\/02\/img_1134-1-768x451.jpg 768w, https:\/\/www2.waldex.ch\/wordpress\/wp-content\/uploads\/2025\/02\/img_1134-1.jpg 1170w\" sizes=\"auto, (max-width: 767px) 89vw, (max-width: 1000px) 54vw, (max-width: 1071px) 543px, 580px\" \/><figcaption class=\"wp-element-caption\">Warum ein Fiddle Yard zus\u00e4tzlich? Enger Platz und &#8230;.neues Rollmaterial rollt bald an: Roco Twindexx- IMA Friedlichshafen, Nov 2024<\/figcaption><\/figure>\n\n\n\n<figure class=\"wp-block-image size-large\"><img loading=\"lazy\" decoding=\"async\" width=\"1024\" height=\"768\" src=\"https:\/\/www2.waldex.ch\/wordpress\/wp-content\/uploads\/2025\/02\/IMG_1056-1024x768.jpg\" alt=\"\" class=\"wp-image-17100\" srcset=\"https:\/\/www2.waldex.ch\/wordpress\/wp-content\/uploads\/2025\/02\/IMG_1056-1024x768.jpg 1024w, https:\/\/www2.waldex.ch\/wordpress\/wp-content\/uploads\/2025\/02\/IMG_1056-300x225.jpg 300w, https:\/\/www2.waldex.ch\/wordpress\/wp-content\/uploads\/2025\/02\/IMG_1056-768x576.jpg 768w, https:\/\/www2.waldex.ch\/wordpress\/wp-content\/uploads\/2025\/02\/IMG_1056-1536x1152.jpg 1536w, https:\/\/www2.waldex.ch\/wordpress\/wp-content\/uploads\/2025\/02\/IMG_1056-2048x1536.jpg 2048w\" sizes=\"auto, (max-width: 767px) 89vw, (max-width: 1000px) 54vw, (max-width: 1071px) 543px, 580px\" \/><figcaption class=\"wp-element-caption\">Neuanschaffung Ende 2024: ICE4 (hier auf dem Rollpr\u00fcfstand f\u00fcr Einmessen)<\/figcaption><\/figure>\n\n\n\n<figure class=\"wp-block-image size-large\"><img loading=\"lazy\" decoding=\"async\" width=\"768\" height=\"1024\" src=\"https:\/\/www2.waldex.ch\/wordpress\/wp-content\/uploads\/2025\/02\/IMG_1083-768x1024.jpg\" alt=\"\" class=\"wp-image-17099\" srcset=\"https:\/\/www2.waldex.ch\/wordpress\/wp-content\/uploads\/2025\/02\/IMG_1083-768x1024.jpg 768w, https:\/\/www2.waldex.ch\/wordpress\/wp-content\/uploads\/2025\/02\/IMG_1083-225x300.jpg 225w, https:\/\/www2.waldex.ch\/wordpress\/wp-content\/uploads\/2025\/02\/IMG_1083-1152x1536.jpg 1152w, https:\/\/www2.waldex.ch\/wordpress\/wp-content\/uploads\/2025\/02\/IMG_1083-1536x2048.jpg 1536w, https:\/\/www2.waldex.ch\/wordpress\/wp-content\/uploads\/2025\/02\/IMG_1083-scaled.jpg 1920w\" sizes=\"auto, (max-width: 767px) 89vw, (max-width: 1000px) 54vw, (max-width: 1071px) 543px, 580px\" \/><figcaption class=\"wp-element-caption\">Kleiner Exkurs: Leider haben sich beim brandneuen ICE4 die Wellen in langsamer, gerader Talfahrt verklemmt \ud83d\ude41<\/figcaption><\/figure>\n\n\n\n<p>Jedoch musste im Schatten Bahnhof Bern auch entsprechend eine Zufahrt geschaffen werden: ein sechtes Gleis mit diversen Abstell leisten f\u00fcr kurzfahrzeuge und ein Gleisdreieck l\u00f6sten das Problem.<\/p>\n\n\n\n<p>Interessanter Nebeneffekt: Alles, was hier an Bau beschrieben und Illustriert ist, ist aus Restmaterial gebaut! Zum Gl\u00fcck habe ich altes Holz und ungebrauchte Beschl\u00e4ge nicht entsorgt, ebenfalls auch noch brauchbare Schrauben aufbewahrt&#8230;.<\/p>\n\n\n\n<figure class=\"wp-block-image size-large\"><img loading=\"lazy\" decoding=\"async\" width=\"1024\" height=\"768\" src=\"https:\/\/www2.waldex.ch\/wordpress\/wp-content\/uploads\/2025\/02\/img_1117-1-1024x768.jpg\" alt=\"\" class=\"wp-image-17078\" srcset=\"https:\/\/www2.waldex.ch\/wordpress\/wp-content\/uploads\/2025\/02\/img_1117-1-1024x768.jpg 1024w, https:\/\/www2.waldex.ch\/wordpress\/wp-content\/uploads\/2025\/02\/img_1117-1-300x225.jpg 300w, https:\/\/www2.waldex.ch\/wordpress\/wp-content\/uploads\/2025\/02\/img_1117-1-768x576.jpg 768w, https:\/\/www2.waldex.ch\/wordpress\/wp-content\/uploads\/2025\/02\/img_1117-1-1536x1152.jpg 1536w, https:\/\/www2.waldex.ch\/wordpress\/wp-content\/uploads\/2025\/02\/img_1117-1.jpg 2000w\" sizes=\"auto, (max-width: 767px) 89vw, (max-width: 1000px) 54vw, (max-width: 1071px) 543px, 580px\" \/><figcaption class=\"wp-element-caption\">Zuerst musste mal ein St\u00fcck Gleis rausgenommen werden, damit man die weiche f\u00fcr das sechste Gleis einbauen kann.<\/figcaption><\/figure>\n\n\n\n<figure class=\"wp-block-image size-large\"><img loading=\"lazy\" decoding=\"async\" width=\"768\" height=\"1024\" src=\"https:\/\/www2.waldex.ch\/wordpress\/wp-content\/uploads\/2025\/02\/IMG_1116-768x1024.jpg\" alt=\"\" class=\"wp-image-17104\" srcset=\"https:\/\/www2.waldex.ch\/wordpress\/wp-content\/uploads\/2025\/02\/IMG_1116-768x1024.jpg 768w, https:\/\/www2.waldex.ch\/wordpress\/wp-content\/uploads\/2025\/02\/IMG_1116-225x300.jpg 225w, https:\/\/www2.waldex.ch\/wordpress\/wp-content\/uploads\/2025\/02\/IMG_1116-1152x1536.jpg 1152w, https:\/\/www2.waldex.ch\/wordpress\/wp-content\/uploads\/2025\/02\/IMG_1116-1536x2048.jpg 1536w, https:\/\/www2.waldex.ch\/wordpress\/wp-content\/uploads\/2025\/02\/IMG_1116-scaled.jpg 1920w\" sizes=\"auto, (max-width: 767px) 89vw, (max-width: 1000px) 54vw, (max-width: 1071px) 543px, 580px\" \/><figcaption class=\"wp-element-caption\">Vorbereitung der Weichen<\/figcaption><\/figure>\n\n\n\n<figure class=\"wp-block-image size-large\"><img loading=\"lazy\" decoding=\"async\" width=\"1024\" height=\"768\" src=\"https:\/\/www2.waldex.ch\/wordpress\/wp-content\/uploads\/2025\/02\/IMG_1210-1024x768.jpg\" alt=\"\" class=\"wp-image-17086\" srcset=\"https:\/\/www2.waldex.ch\/wordpress\/wp-content\/uploads\/2025\/02\/IMG_1210-1024x768.jpg 1024w, https:\/\/www2.waldex.ch\/wordpress\/wp-content\/uploads\/2025\/02\/IMG_1210-300x225.jpg 300w, https:\/\/www2.waldex.ch\/wordpress\/wp-content\/uploads\/2025\/02\/IMG_1210-768x576.jpg 768w, https:\/\/www2.waldex.ch\/wordpress\/wp-content\/uploads\/2025\/02\/IMG_1210-1536x1152.jpg 1536w, https:\/\/www2.waldex.ch\/wordpress\/wp-content\/uploads\/2025\/02\/IMG_1210-2048x1536.jpg 2048w\" sizes=\"auto, (max-width: 767px) 89vw, (max-width: 1000px) 54vw, (max-width: 1071px) 543px, 580px\" \/><figcaption class=\"wp-element-caption\">Der  erste G\u00fcterzug auf dem neuen Gleis 6 (links). Die anderen 5 Gleise sind die bestehenden (rechterhand)<\/figcaption><\/figure>\n\n\n\n<figure class=\"wp-block-image size-large\"><img loading=\"lazy\" decoding=\"async\" width=\"1024\" height=\"768\" src=\"https:\/\/www2.waldex.ch\/wordpress\/wp-content\/uploads\/2025\/02\/IMG_1211-1024x768.jpg\" alt=\"\" class=\"wp-image-17088\" srcset=\"https:\/\/www2.waldex.ch\/wordpress\/wp-content\/uploads\/2025\/02\/IMG_1211-1024x768.jpg 1024w, https:\/\/www2.waldex.ch\/wordpress\/wp-content\/uploads\/2025\/02\/IMG_1211-300x225.jpg 300w, https:\/\/www2.waldex.ch\/wordpress\/wp-content\/uploads\/2025\/02\/IMG_1211-768x576.jpg 768w, https:\/\/www2.waldex.ch\/wordpress\/wp-content\/uploads\/2025\/02\/IMG_1211-1536x1152.jpg 1536w, https:\/\/www2.waldex.ch\/wordpress\/wp-content\/uploads\/2025\/02\/IMG_1211-2048x1536.jpg 2048w\" sizes=\"auto, (max-width: 767px) 89vw, (max-width: 1000px) 54vw, (max-width: 1071px) 543px, 580px\" \/><\/figure>\n\n\n\n<figure class=\"wp-block-image size-large\"><img loading=\"lazy\" decoding=\"async\" width=\"1024\" height=\"768\" src=\"https:\/\/www2.waldex.ch\/wordpress\/wp-content\/uploads\/2025\/02\/IMG_1222-1024x768.jpg\" alt=\"\" class=\"wp-image-17103\" srcset=\"https:\/\/www2.waldex.ch\/wordpress\/wp-content\/uploads\/2025\/02\/IMG_1222-1024x768.jpg 1024w, https:\/\/www2.waldex.ch\/wordpress\/wp-content\/uploads\/2025\/02\/IMG_1222-300x225.jpg 300w, https:\/\/www2.waldex.ch\/wordpress\/wp-content\/uploads\/2025\/02\/IMG_1222-768x576.jpg 768w, https:\/\/www2.waldex.ch\/wordpress\/wp-content\/uploads\/2025\/02\/IMG_1222-1536x1152.jpg 1536w, https:\/\/www2.waldex.ch\/wordpress\/wp-content\/uploads\/2025\/02\/IMG_1222-2048x1536.jpg 2048w\" sizes=\"auto, (max-width: 767px) 89vw, (max-width: 1000px) 54vw, (max-width: 1071px) 543px, 580px\" \/><figcaption class=\"wp-element-caption\">Probefahrt. Der &#8222;Churchill&#8220; (mit Licht) und der &#8222;G\u00fcnni&#8220; (BR 185)  sind auf den neuen kurzen Abstellgleise<\/figcaption><\/figure>\n\n\n\n<figure class=\"wp-block-image size-large\"><img loading=\"lazy\" decoding=\"async\" width=\"768\" height=\"1024\" src=\"https:\/\/www2.waldex.ch\/wordpress\/wp-content\/uploads\/2025\/02\/IMG_1110-768x1024.jpg\" alt=\"\" class=\"wp-image-17087\" srcset=\"https:\/\/www2.waldex.ch\/wordpress\/wp-content\/uploads\/2025\/02\/IMG_1110-768x1024.jpg 768w, https:\/\/www2.waldex.ch\/wordpress\/wp-content\/uploads\/2025\/02\/IMG_1110-225x300.jpg 225w, https:\/\/www2.waldex.ch\/wordpress\/wp-content\/uploads\/2025\/02\/IMG_1110-1152x1536.jpg 1152w, https:\/\/www2.waldex.ch\/wordpress\/wp-content\/uploads\/2025\/02\/IMG_1110-1536x2048.jpg 1536w, https:\/\/www2.waldex.ch\/wordpress\/wp-content\/uploads\/2025\/02\/IMG_1110-scaled.jpg 1920w\" sizes=\"auto, (max-width: 767px) 89vw, (max-width: 1000px) 54vw, (max-width: 1071px) 543px, 580px\" \/><figcaption class=\"wp-element-caption\">Wenn schon mal das Plexiglas dr\u00fcber weg ist&#8230;Saugen hilft immer&#8230;<\/figcaption><\/figure>\n\n\n\n<figure class=\"wp-block-image size-large\"><img loading=\"lazy\" decoding=\"async\" width=\"768\" height=\"1024\" src=\"https:\/\/www2.waldex.ch\/wordpress\/wp-content\/uploads\/2025\/02\/IMG_1132-768x1024.jpg\" alt=\"\" class=\"wp-image-17092\" srcset=\"https:\/\/www2.waldex.ch\/wordpress\/wp-content\/uploads\/2025\/02\/IMG_1132-768x1024.jpg 768w, https:\/\/www2.waldex.ch\/wordpress\/wp-content\/uploads\/2025\/02\/IMG_1132-225x300.jpg 225w, https:\/\/www2.waldex.ch\/wordpress\/wp-content\/uploads\/2025\/02\/IMG_1132-1152x1536.jpg 1152w, https:\/\/www2.waldex.ch\/wordpress\/wp-content\/uploads\/2025\/02\/IMG_1132-1536x2048.jpg 1536w, https:\/\/www2.waldex.ch\/wordpress\/wp-content\/uploads\/2025\/02\/IMG_1132-scaled.jpg 1920w\" sizes=\"auto, (max-width: 767px) 89vw, (max-width: 1000px) 54vw, (max-width: 1071px) 543px, 580px\" \/><figcaption class=\"wp-element-caption\">Hier die erste Weiche f\u00fcrs Gleisdreieck (Probeaufstellung)<\/figcaption><\/figure>\n\n\n\n<figure class=\"wp-block-image size-large\"><img loading=\"lazy\" decoding=\"async\" width=\"768\" height=\"1024\" src=\"https:\/\/www2.waldex.ch\/wordpress\/wp-content\/uploads\/2025\/02\/IMG_1166-768x1024.jpg\" alt=\"\" class=\"wp-image-17093\" srcset=\"https:\/\/www2.waldex.ch\/wordpress\/wp-content\/uploads\/2025\/02\/IMG_1166-768x1024.jpg 768w, https:\/\/www2.waldex.ch\/wordpress\/wp-content\/uploads\/2025\/02\/IMG_1166-225x300.jpg 225w, https:\/\/www2.waldex.ch\/wordpress\/wp-content\/uploads\/2025\/02\/IMG_1166-1152x1536.jpg 1152w, https:\/\/www2.waldex.ch\/wordpress\/wp-content\/uploads\/2025\/02\/IMG_1166-1536x2048.jpg 1536w, https:\/\/www2.waldex.ch\/wordpress\/wp-content\/uploads\/2025\/02\/IMG_1166-scaled.jpg 1920w\" sizes=\"auto, (max-width: 767px) 89vw, (max-width: 1000px) 54vw, (max-width: 1071px) 543px, 580px\" \/><figcaption class=\"wp-element-caption\">Der weisse Monitor\/Tastaturst\u00e4nder muss auch weg \ud83d\ude41 <\/figcaption><\/figure>\n\n\n\n<figure class=\"wp-block-image size-large\"><img loading=\"lazy\" decoding=\"async\" width=\"1024\" height=\"768\" src=\"https:\/\/www2.waldex.ch\/wordpress\/wp-content\/uploads\/2025\/02\/IMG_1168-1024x768.jpg\" alt=\"\" class=\"wp-image-17094\" srcset=\"https:\/\/www2.waldex.ch\/wordpress\/wp-content\/uploads\/2025\/02\/IMG_1168-1024x768.jpg 1024w, https:\/\/www2.waldex.ch\/wordpress\/wp-content\/uploads\/2025\/02\/IMG_1168-300x225.jpg 300w, https:\/\/www2.waldex.ch\/wordpress\/wp-content\/uploads\/2025\/02\/IMG_1168-768x576.jpg 768w, https:\/\/www2.waldex.ch\/wordpress\/wp-content\/uploads\/2025\/02\/IMG_1168-1536x1152.jpg 1536w, https:\/\/www2.waldex.ch\/wordpress\/wp-content\/uploads\/2025\/02\/IMG_1168-2048x1536.jpg 2048w\" sizes=\"auto, (max-width: 767px) 89vw, (max-width: 1000px) 54vw, (max-width: 1071px) 543px, 580px\" \/><figcaption class=\"wp-element-caption\">Gleis 5 muss auch etwas modifiziert werden, werden wegen Weiche zu\/von Gleis 6&#8230;.<\/figcaption><\/figure>\n\n\n\n<figure class=\"wp-block-image size-large\"><img loading=\"lazy\" decoding=\"async\" width=\"1024\" height=\"768\" src=\"https:\/\/www2.waldex.ch\/wordpress\/wp-content\/uploads\/2025\/02\/IMG_1163-1024x768.jpg\" alt=\"\" class=\"wp-image-17095\" srcset=\"https:\/\/www2.waldex.ch\/wordpress\/wp-content\/uploads\/2025\/02\/IMG_1163-1024x768.jpg 1024w, https:\/\/www2.waldex.ch\/wordpress\/wp-content\/uploads\/2025\/02\/IMG_1163-300x225.jpg 300w, https:\/\/www2.waldex.ch\/wordpress\/wp-content\/uploads\/2025\/02\/IMG_1163-768x576.jpg 768w, https:\/\/www2.waldex.ch\/wordpress\/wp-content\/uploads\/2025\/02\/IMG_1163-1536x1152.jpg 1536w, https:\/\/www2.waldex.ch\/wordpress\/wp-content\/uploads\/2025\/02\/IMG_1163-2048x1536.jpg 2048w\" sizes=\"auto, (max-width: 767px) 89vw, (max-width: 1000px) 54vw, (max-width: 1071px) 543px, 580px\" \/><figcaption class=\"wp-element-caption\">Die Endabschaltung der Weichenantriebe wurden entfernt f\u00fcr genug Stellkraft und langfristigen Betrieb. Endabschaltung aus meiner Sicht nur bei analoger Ansteuerung n\u00f6tig, da die Decoder (K83) ja nach einer (in der CS1r eingestellten) Stellzeit selber abschalten&#8230;<\/figcaption><\/figure>\n\n\n\n<figure class=\"wp-block-image size-large\"><img loading=\"lazy\" decoding=\"async\" width=\"768\" height=\"1024\" src=\"https:\/\/www2.waldex.ch\/wordpress\/wp-content\/uploads\/2025\/02\/IMG_1118-768x1024.jpg\" alt=\"\" class=\"wp-image-17091\" srcset=\"https:\/\/www2.waldex.ch\/wordpress\/wp-content\/uploads\/2025\/02\/IMG_1118-768x1024.jpg 768w, https:\/\/www2.waldex.ch\/wordpress\/wp-content\/uploads\/2025\/02\/IMG_1118-225x300.jpg 225w, https:\/\/www2.waldex.ch\/wordpress\/wp-content\/uploads\/2025\/02\/IMG_1118-1152x1536.jpg 1152w, https:\/\/www2.waldex.ch\/wordpress\/wp-content\/uploads\/2025\/02\/IMG_1118-1536x2048.jpg 1536w, https:\/\/www2.waldex.ch\/wordpress\/wp-content\/uploads\/2025\/02\/IMG_1118-scaled.jpg 1920w\" sizes=\"auto, (max-width: 767px) 89vw, (max-width: 1000px) 54vw, (max-width: 1071px) 543px, 580px\" \/><figcaption class=\"wp-element-caption\">Anl\u00f6ten der Kabel &#8211; und \u00fcbrigens ist auch alles R\u00fcckmeldef\u00e4hig (f\u00fcr PC-Steuerung)<\/figcaption><\/figure>\n\n\n\n<figure class=\"wp-block-image size-large\"><img loading=\"lazy\" decoding=\"async\" width=\"768\" height=\"1024\" src=\"https:\/\/www2.waldex.ch\/wordpress\/wp-content\/uploads\/2025\/02\/img_1189-1-768x1024.jpg\" alt=\"\" class=\"wp-image-17079\" srcset=\"https:\/\/www2.waldex.ch\/wordpress\/wp-content\/uploads\/2025\/02\/img_1189-1-768x1024.jpg 768w, https:\/\/www2.waldex.ch\/wordpress\/wp-content\/uploads\/2025\/02\/img_1189-1-225x300.jpg 225w, https:\/\/www2.waldex.ch\/wordpress\/wp-content\/uploads\/2025\/02\/img_1189-1-1152x1536.jpg 1152w, https:\/\/www2.waldex.ch\/wordpress\/wp-content\/uploads\/2025\/02\/img_1189-1.jpg 1500w\" sizes=\"auto, (max-width: 767px) 89vw, (max-width: 1000px) 54vw, (max-width: 1071px) 543px, 580px\" \/><figcaption class=\"wp-element-caption\">Erstmal ein Loch in die Wand machen&#8230;.:-)<\/figcaption><\/figure>\n\n\n\n<figure class=\"wp-block-image size-large\"><img loading=\"lazy\" decoding=\"async\" width=\"1024\" height=\"768\" src=\"https:\/\/www2.waldex.ch\/wordpress\/wp-content\/uploads\/2025\/02\/IMG_1194-1024x768.jpg\" alt=\"\" class=\"wp-image-17096\" srcset=\"https:\/\/www2.waldex.ch\/wordpress\/wp-content\/uploads\/2025\/02\/IMG_1194-1024x768.jpg 1024w, https:\/\/www2.waldex.ch\/wordpress\/wp-content\/uploads\/2025\/02\/IMG_1194-300x225.jpg 300w, https:\/\/www2.waldex.ch\/wordpress\/wp-content\/uploads\/2025\/02\/IMG_1194-768x576.jpg 768w, https:\/\/www2.waldex.ch\/wordpress\/wp-content\/uploads\/2025\/02\/IMG_1194-1536x1152.jpg 1536w, https:\/\/www2.waldex.ch\/wordpress\/wp-content\/uploads\/2025\/02\/IMG_1194-2048x1536.jpg 2048w\" sizes=\"auto, (max-width: 767px) 89vw, (max-width: 1000px) 54vw, (max-width: 1071px) 543px, 580px\" \/><\/figure>\n\n\n\n<figure class=\"wp-block-image size-large is-resized\"><img loading=\"lazy\" decoding=\"async\" width=\"1024\" height=\"768\" src=\"https:\/\/www2.waldex.ch\/wordpress\/wp-content\/uploads\/2025\/02\/img_1204-1-1024x768.jpg\" alt=\"\" class=\"wp-image-17080\" style=\"width:674px;height:505px\" srcset=\"https:\/\/www2.waldex.ch\/wordpress\/wp-content\/uploads\/2025\/02\/img_1204-1-1024x768.jpg 1024w, https:\/\/www2.waldex.ch\/wordpress\/wp-content\/uploads\/2025\/02\/img_1204-1-300x225.jpg 300w, https:\/\/www2.waldex.ch\/wordpress\/wp-content\/uploads\/2025\/02\/img_1204-1-768x576.jpg 768w, https:\/\/www2.waldex.ch\/wordpress\/wp-content\/uploads\/2025\/02\/img_1204-1-1536x1152.jpg 1536w, https:\/\/www2.waldex.ch\/wordpress\/wp-content\/uploads\/2025\/02\/img_1204-1.jpg 2000w\" sizes=\"auto, (max-width: 767px) 89vw, (max-width: 1000px) 54vw, (max-width: 1071px) 543px, 580px\" \/><figcaption class=\"wp-element-caption\">Hinten, die bestehen f\u00fcnf Gleise, vorne Mitte der weiche das sechste Gleis<\/figcaption><\/figure>\n\n\n\n<figure class=\"wp-block-image size-large\"><img loading=\"lazy\" decoding=\"async\" width=\"768\" height=\"1024\" src=\"https:\/\/www2.waldex.ch\/wordpress\/wp-content\/uploads\/2025\/02\/img_1213-1-768x1024.jpg\" alt=\"\" class=\"wp-image-17077\" srcset=\"https:\/\/www2.waldex.ch\/wordpress\/wp-content\/uploads\/2025\/02\/img_1213-1-768x1024.jpg 768w, https:\/\/www2.waldex.ch\/wordpress\/wp-content\/uploads\/2025\/02\/img_1213-1-225x300.jpg 225w, https:\/\/www2.waldex.ch\/wordpress\/wp-content\/uploads\/2025\/02\/img_1213-1-1152x1536.jpg 1152w, https:\/\/www2.waldex.ch\/wordpress\/wp-content\/uploads\/2025\/02\/img_1213-1.jpg 1500w\" sizes=\"auto, (max-width: 767px) 89vw, (max-width: 1000px) 54vw, (max-width: 1071px) 543px, 580px\" \/><figcaption class=\"wp-element-caption\">Und hier das zweite Gleis des Dreiecks<\/figcaption><\/figure>\n\n\n\n<figure class=\"wp-block-image size-large\"><img loading=\"lazy\" decoding=\"async\" width=\"768\" height=\"1024\" src=\"https:\/\/www2.waldex.ch\/wordpress\/wp-content\/uploads\/2025\/02\/img_1207-1-768x1024.jpg\" alt=\"\" class=\"wp-image-17072\" srcset=\"https:\/\/www2.waldex.ch\/wordpress\/wp-content\/uploads\/2025\/02\/img_1207-1-768x1024.jpg 768w, https:\/\/www2.waldex.ch\/wordpress\/wp-content\/uploads\/2025\/02\/img_1207-1-225x300.jpg 225w, https:\/\/www2.waldex.ch\/wordpress\/wp-content\/uploads\/2025\/02\/img_1207-1-1152x1536.jpg 1152w, https:\/\/www2.waldex.ch\/wordpress\/wp-content\/uploads\/2025\/02\/img_1207-1.jpg 1500w\" sizes=\"auto, (max-width: 767px) 89vw, (max-width: 1000px) 54vw, (max-width: 1071px) 543px, 580px\" \/><figcaption class=\"wp-element-caption\">Nat\u00fcrlich m\u00fcssen die Z\u00fcge durchkommen k\u00f6nnen\u2026<\/figcaption><\/figure>\n\n\n\n<figure class=\"wp-block-image size-large\"><img loading=\"lazy\" decoding=\"async\" width=\"1024\" height=\"768\" src=\"https:\/\/www2.waldex.ch\/wordpress\/wp-content\/uploads\/2025\/02\/img_1200-1-1024x768.jpg\" alt=\"\" class=\"wp-image-17075\" srcset=\"https:\/\/www2.waldex.ch\/wordpress\/wp-content\/uploads\/2025\/02\/img_1200-1-1024x768.jpg 1024w, https:\/\/www2.waldex.ch\/wordpress\/wp-content\/uploads\/2025\/02\/img_1200-1-300x225.jpg 300w, https:\/\/www2.waldex.ch\/wordpress\/wp-content\/uploads\/2025\/02\/img_1200-1-768x576.jpg 768w, https:\/\/www2.waldex.ch\/wordpress\/wp-content\/uploads\/2025\/02\/img_1200-1-1536x1152.jpg 1536w, https:\/\/www2.waldex.ch\/wordpress\/wp-content\/uploads\/2025\/02\/img_1200-1.jpg 2000w\" sizes=\"auto, (max-width: 767px) 89vw, (max-width: 1000px) 54vw, (max-width: 1071px) 543px, 580px\" \/><figcaption class=\"wp-element-caption\">Vorbereitungen f\u00fcrs Gleisdreieck: auch die Aussenwand musste aufgegefr\u00e4st werden &#8230;im Vordregrund das 6. Gleis mit der Weiche&#8230;<\/figcaption><\/figure>\n\n\n\n<figure class=\"wp-block-image size-large\"><img loading=\"lazy\" decoding=\"async\" width=\"768\" height=\"1024\" src=\"https:\/\/www2.waldex.ch\/wordpress\/wp-content\/uploads\/2025\/02\/img_1205-1-768x1024.jpg\" alt=\"\" class=\"wp-image-17073\" srcset=\"https:\/\/www2.waldex.ch\/wordpress\/wp-content\/uploads\/2025\/02\/img_1205-1-768x1024.jpg 768w, https:\/\/www2.waldex.ch\/wordpress\/wp-content\/uploads\/2025\/02\/img_1205-1-225x300.jpg 225w, https:\/\/www2.waldex.ch\/wordpress\/wp-content\/uploads\/2025\/02\/img_1205-1-1152x1536.jpg 1152w, https:\/\/www2.waldex.ch\/wordpress\/wp-content\/uploads\/2025\/02\/img_1205-1.jpg 1500w\" sizes=\"auto, (max-width: 767px) 89vw, (max-width: 1000px) 54vw, (max-width: 1071px) 543px, 580px\" \/><figcaption class=\"wp-element-caption\">Erste Sicht auf Gleisdreieck und Erweiterung zum Fidel Yard<\/figcaption><\/figure>\n\n\n\n<figure class=\"wp-block-image size-large\"><img loading=\"lazy\" decoding=\"async\" width=\"1024\" height=\"768\" src=\"https:\/\/www2.waldex.ch\/wordpress\/wp-content\/uploads\/2025\/02\/IMG_1338-1024x768.jpg\" alt=\"\" class=\"wp-image-17106\" srcset=\"https:\/\/www2.waldex.ch\/wordpress\/wp-content\/uploads\/2025\/02\/IMG_1338-1024x768.jpg 1024w, https:\/\/www2.waldex.ch\/wordpress\/wp-content\/uploads\/2025\/02\/IMG_1338-300x225.jpg 300w, https:\/\/www2.waldex.ch\/wordpress\/wp-content\/uploads\/2025\/02\/IMG_1338-768x576.jpg 768w, https:\/\/www2.waldex.ch\/wordpress\/wp-content\/uploads\/2025\/02\/IMG_1338-1536x1152.jpg 1536w, https:\/\/www2.waldex.ch\/wordpress\/wp-content\/uploads\/2025\/02\/IMG_1338-2048x1536.jpg 2048w\" sizes=\"auto, (max-width: 767px) 89vw, (max-width: 1000px) 54vw, (max-width: 1071px) 543px, 580px\" \/><figcaption class=\"wp-element-caption\">&#8222;Fleigende&#8220; Probeaufstellung<\/figcaption><\/figure>\n\n\n\n<figure class=\"wp-block-image size-large\"><img loading=\"lazy\" decoding=\"async\" width=\"768\" height=\"1024\" src=\"https:\/\/www2.waldex.ch\/wordpress\/wp-content\/uploads\/2025\/02\/IMG_1335-768x1024.jpg\" alt=\"\" class=\"wp-image-17107\" srcset=\"https:\/\/www2.waldex.ch\/wordpress\/wp-content\/uploads\/2025\/02\/IMG_1335-768x1024.jpg 768w, https:\/\/www2.waldex.ch\/wordpress\/wp-content\/uploads\/2025\/02\/IMG_1335-225x300.jpg 225w, https:\/\/www2.waldex.ch\/wordpress\/wp-content\/uploads\/2025\/02\/IMG_1335-1152x1536.jpg 1152w, https:\/\/www2.waldex.ch\/wordpress\/wp-content\/uploads\/2025\/02\/IMG_1335-1536x2048.jpg 1536w, https:\/\/www2.waldex.ch\/wordpress\/wp-content\/uploads\/2025\/02\/IMG_1335-scaled.jpg 1920w\" sizes=\"auto, (max-width: 767px) 89vw, (max-width: 1000px) 54vw, (max-width: 1071px) 543px, 580px\" \/><figcaption class=\"wp-element-caption\">Ultraprovisorische Halterung<\/figcaption><\/figure>\n\n\n\n<figure class=\"wp-block-image size-large\"><img loading=\"lazy\" decoding=\"async\" width=\"768\" height=\"1024\" src=\"https:\/\/www2.waldex.ch\/wordpress\/wp-content\/uploads\/2025\/02\/IMG_1356-768x1024.jpg\" alt=\"\" class=\"wp-image-17108\" srcset=\"https:\/\/www2.waldex.ch\/wordpress\/wp-content\/uploads\/2025\/02\/IMG_1356-768x1024.jpg 768w, https:\/\/www2.waldex.ch\/wordpress\/wp-content\/uploads\/2025\/02\/IMG_1356-225x300.jpg 225w, https:\/\/www2.waldex.ch\/wordpress\/wp-content\/uploads\/2025\/02\/IMG_1356-1152x1536.jpg 1152w, https:\/\/www2.waldex.ch\/wordpress\/wp-content\/uploads\/2025\/02\/IMG_1356-1536x2048.jpg 1536w, https:\/\/www2.waldex.ch\/wordpress\/wp-content\/uploads\/2025\/02\/IMG_1356-scaled.jpg 1920w\" sizes=\"auto, (max-width: 767px) 89vw, (max-width: 1000px) 54vw, (max-width: 1071px) 543px, 580px\" \/><figcaption class=\"wp-element-caption\">Irgendwie so m\u00fcsste es klappen (Keine Pl\u00e4ne gemacht) sondern experimentell\/iterativ vorgegangen<\/figcaption><\/figure>\n\n\n\n<figure class=\"wp-block-image size-large\"><img loading=\"lazy\" decoding=\"async\" width=\"1024\" height=\"768\" src=\"https:\/\/www2.waldex.ch\/wordpress\/wp-content\/uploads\/2025\/02\/IMG_1339-1024x768.jpg\" alt=\"\" class=\"wp-image-17131\" srcset=\"https:\/\/www2.waldex.ch\/wordpress\/wp-content\/uploads\/2025\/02\/IMG_1339-1024x768.jpg 1024w, https:\/\/www2.waldex.ch\/wordpress\/wp-content\/uploads\/2025\/02\/IMG_1339-300x225.jpg 300w, https:\/\/www2.waldex.ch\/wordpress\/wp-content\/uploads\/2025\/02\/IMG_1339-768x576.jpg 768w, https:\/\/www2.waldex.ch\/wordpress\/wp-content\/uploads\/2025\/02\/IMG_1339-1536x1152.jpg 1536w, https:\/\/www2.waldex.ch\/wordpress\/wp-content\/uploads\/2025\/02\/IMG_1339-2048x1536.jpg 2048w\" sizes=\"auto, (max-width: 767px) 89vw, (max-width: 1000px) 54vw, (max-width: 1071px) 543px, 580px\" \/><figcaption class=\"wp-element-caption\">Weiterf\u00fchrende Strecke zu Fiddleyard (hinten rechts, nichts sichtbar): Grosse Radien sind sch\u00f6n &#8211; passt hier super (eine abnehmbare\/klappbare Br\u00fccke n\u00f6tig wegen Kellerzugang)<\/figcaption><\/figure>\n\n\n\n<p>Die Strecke hier in der &#8222;grossen&#8220; Kurve ist im Schwenkbereich des Eingangs (Kellert\u00fcr). Irgendwie muss man rein\/rauskommen. Inspiriert haben mich folgende Youtuber, wobei mir die Herausforderung einer Br\u00fccke in der Kurve zus\u00e4tzlich zum hier geschilderten gegeben ist. Anfangs dachte ich an eine Drehbr\u00fccke (wie im einen der folgenden Links), mit einem St\u00fctzrad jedoch ists dann doch eine Klappbr\u00fccke geworden (da die gedrehte Br\u00fccke immer noch im Gehbereich, also im Wege, liegt. Ausserdem m\u00fcssten noch die sp\u00e4teren Segmente dar\u00fcber gebaut werden k\u00f6nnen (St\u00fctzen) und ich wollte ausschliesslich das vorhandene Restmaterial verwenden<\/p>\n<p><sup>(Achtung, Abspr\u00fcnge auf extern\/Youtube ausserhalb meines Kontrollbereichs \ud83d\ude42 )<\/sup><\/p>\n<ul>\n<li>Gute Inspiration hier auf dem ersten <a href=\"https:\/\/youtu.be\/ckP5dio9EOM?si=eV50P-6Za2l2sZom\">Youtubelink<\/a>.<\/li>\n<li>Gute Idee, war mir aber zu kompliziert, herunterklappen zu k\u00f6nnen (ausserdem ist bei mir die Br\u00fccke l\u00e4nger als Gleisoberkante -&gt; w\u00e4re nicht bis ganz unten gegangen. NB: Im ersten Vorschlag hier im Video (Scharniere unterhalb) h\u00e4tten deie Gleise aneinander &#8222;gekrazt&#8220; beim hochklappen: <a href=\"https:\/\/youtu.be\/nB1VjbYnel8?si=EMORU_xYLEQNXlT8\">Youtube Link<\/a><\/li>\n<li>Gibt auch noch andere \ud83d\ude42<\/li>\n<\/ul>\n\n\n\n<figure class=\"wp-block-image size-large\"><img loading=\"lazy\" decoding=\"async\" width=\"1024\" height=\"768\" src=\"https:\/\/www2.waldex.ch\/wordpress\/wp-content\/uploads\/2025\/02\/IMG_1341-1024x768.jpg\" alt=\"\" class=\"wp-image-17132\" srcset=\"https:\/\/www2.waldex.ch\/wordpress\/wp-content\/uploads\/2025\/02\/IMG_1341-1024x768.jpg 1024w, https:\/\/www2.waldex.ch\/wordpress\/wp-content\/uploads\/2025\/02\/IMG_1341-300x225.jpg 300w, https:\/\/www2.waldex.ch\/wordpress\/wp-content\/uploads\/2025\/02\/IMG_1341-768x576.jpg 768w, https:\/\/www2.waldex.ch\/wordpress\/wp-content\/uploads\/2025\/02\/IMG_1341-1536x1152.jpg 1536w, https:\/\/www2.waldex.ch\/wordpress\/wp-content\/uploads\/2025\/02\/IMG_1341-2048x1536.jpg 2048w\" sizes=\"auto, (max-width: 767px) 89vw, (max-width: 1000px) 54vw, (max-width: 1071px) 543px, 580px\" \/><figcaption class=\"wp-element-caption\">Gl\u00fcck gehabt -Anschluss passt ans Fiddy! Darunter die Rollw\u00e4gelchen ersichtlich, die erheblichen Stauraum bieten<\/figcaption><\/figure>\n\n\n\n<figure class=\"wp-block-image size-large\"><img loading=\"lazy\" decoding=\"async\" width=\"768\" height=\"1024\" src=\"https:\/\/www2.waldex.ch\/wordpress\/wp-content\/uploads\/2025\/02\/IMG_1359-768x1024.jpg\" alt=\"\" class=\"wp-image-17105\" srcset=\"https:\/\/www2.waldex.ch\/wordpress\/wp-content\/uploads\/2025\/02\/IMG_1359-768x1024.jpg 768w, https:\/\/www2.waldex.ch\/wordpress\/wp-content\/uploads\/2025\/02\/IMG_1359-225x300.jpg 225w, https:\/\/www2.waldex.ch\/wordpress\/wp-content\/uploads\/2025\/02\/IMG_1359-1152x1536.jpg 1152w, https:\/\/www2.waldex.ch\/wordpress\/wp-content\/uploads\/2025\/02\/IMG_1359-1536x2048.jpg 1536w, https:\/\/www2.waldex.ch\/wordpress\/wp-content\/uploads\/2025\/02\/IMG_1359-scaled.jpg 1920w\" sizes=\"auto, (max-width: 767px) 89vw, (max-width: 1000px) 54vw, (max-width: 1071px) 543px, 580px\" \/><figcaption class=\"wp-element-caption\">Mit Schablone zur passenden Trasse<\/figcaption><\/figure>\n\n\n\n<figure class=\"wp-block-image size-large\"><img loading=\"lazy\" decoding=\"async\" width=\"768\" height=\"1024\" src=\"https:\/\/www2.waldex.ch\/wordpress\/wp-content\/uploads\/2025\/02\/img_1365-1-768x1024.jpg\" alt=\"\" class=\"wp-image-17076\" srcset=\"https:\/\/www2.waldex.ch\/wordpress\/wp-content\/uploads\/2025\/02\/img_1365-1-768x1024.jpg 768w, https:\/\/www2.waldex.ch\/wordpress\/wp-content\/uploads\/2025\/02\/img_1365-1-225x300.jpg 225w, https:\/\/www2.waldex.ch\/wordpress\/wp-content\/uploads\/2025\/02\/img_1365-1-1152x1536.jpg 1152w, https:\/\/www2.waldex.ch\/wordpress\/wp-content\/uploads\/2025\/02\/img_1365-1.jpg 1500w\" sizes=\"auto, (max-width: 767px) 89vw, (max-width: 1000px) 54vw, (max-width: 1071px) 543px, 580px\" \/><figcaption class=\"wp-element-caption\">Die Strecke zum Fiddle Yard \u201eHerdern\u201c ist nur an den Schattenbahnhof \u201eBern\u201c \u201eangeh\u00e4ngt\u201c<\/figcaption><\/figure>\n\n\n\n<figure class=\"wp-block-image size-large\"><img loading=\"lazy\" decoding=\"async\" width=\"1024\" height=\"768\" src=\"https:\/\/www2.waldex.ch\/wordpress\/wp-content\/uploads\/2025\/02\/IMG_1389-1024x768.jpg\" alt=\"\" class=\"wp-image-17084\" srcset=\"https:\/\/www2.waldex.ch\/wordpress\/wp-content\/uploads\/2025\/02\/IMG_1389-1024x768.jpg 1024w, https:\/\/www2.waldex.ch\/wordpress\/wp-content\/uploads\/2025\/02\/IMG_1389-300x225.jpg 300w, https:\/\/www2.waldex.ch\/wordpress\/wp-content\/uploads\/2025\/02\/IMG_1389-768x576.jpg 768w, https:\/\/www2.waldex.ch\/wordpress\/wp-content\/uploads\/2025\/02\/IMG_1389-1536x1152.jpg 1536w, https:\/\/www2.waldex.ch\/wordpress\/wp-content\/uploads\/2025\/02\/IMG_1389-2048x1536.jpg 2048w\" sizes=\"auto, (max-width: 767px) 89vw, (max-width: 1000px) 54vw, (max-width: 1071px) 543px, 580px\" \/><figcaption class=\"wp-element-caption\">Hier der Tr\u00e4ger &#8222;aufgesteckt&#8220; auf Briden (=Halterungen von Stroenmotoren)<\/figcaption><\/figure>\n\n\n\n<figure class=\"wp-block-image size-large\"><img loading=\"lazy\" decoding=\"async\" width=\"1024\" height=\"768\" src=\"https:\/\/www2.waldex.ch\/wordpress\/wp-content\/uploads\/2025\/02\/IMG_1394-1024x768.jpg\" alt=\"\" class=\"wp-image-17128\" srcset=\"https:\/\/www2.waldex.ch\/wordpress\/wp-content\/uploads\/2025\/02\/IMG_1394-1024x768.jpg 1024w, https:\/\/www2.waldex.ch\/wordpress\/wp-content\/uploads\/2025\/02\/IMG_1394-300x225.jpg 300w, https:\/\/www2.waldex.ch\/wordpress\/wp-content\/uploads\/2025\/02\/IMG_1394-768x576.jpg 768w, https:\/\/www2.waldex.ch\/wordpress\/wp-content\/uploads\/2025\/02\/IMG_1394-1536x1152.jpg 1536w, https:\/\/www2.waldex.ch\/wordpress\/wp-content\/uploads\/2025\/02\/IMG_1394-2048x1536.jpg 2048w\" sizes=\"auto, (max-width: 767px) 89vw, (max-width: 1000px) 54vw, (max-width: 1071px) 543px, 580px\" \/><figcaption class=\"wp-element-caption\">Ein Rahmen ist n\u00f6tig (weisser Winkel: Als Gewichtsableitung f\u00fcr die geplante Drehbr\u00fccke (wurde aber eine Klappbr\u00fccke) vor der Kellert\u00fcr (rechts im Bildrand)<\/figcaption><\/figure>\n\n\n\n<figure class=\"wp-block-image size-large\"><img loading=\"lazy\" decoding=\"async\" width=\"1024\" height=\"768\" src=\"https:\/\/www2.waldex.ch\/wordpress\/wp-content\/uploads\/2025\/02\/IMG_1395-1024x768.jpg\" alt=\"\" class=\"wp-image-17129\" srcset=\"https:\/\/www2.waldex.ch\/wordpress\/wp-content\/uploads\/2025\/02\/IMG_1395-1024x768.jpg 1024w, https:\/\/www2.waldex.ch\/wordpress\/wp-content\/uploads\/2025\/02\/IMG_1395-300x225.jpg 300w, https:\/\/www2.waldex.ch\/wordpress\/wp-content\/uploads\/2025\/02\/IMG_1395-768x576.jpg 768w, https:\/\/www2.waldex.ch\/wordpress\/wp-content\/uploads\/2025\/02\/IMG_1395-1536x1152.jpg 1536w, https:\/\/www2.waldex.ch\/wordpress\/wp-content\/uploads\/2025\/02\/IMG_1395-2048x1536.jpg 2048w\" sizes=\"auto, (max-width: 767px) 89vw, (max-width: 1000px) 54vw, (max-width: 1071px) 543px, 580px\" \/><figcaption class=\"wp-element-caption\">Das vorgefertigte Trasse passt super<\/figcaption><\/figure>\n\n\n\n<figure class=\"wp-block-image size-large\"><img loading=\"lazy\" decoding=\"async\" width=\"768\" height=\"1024\" src=\"https:\/\/www2.waldex.ch\/wordpress\/wp-content\/uploads\/2025\/02\/IMG_1396-768x1024.jpg\" alt=\"\" class=\"wp-image-17130\" srcset=\"https:\/\/www2.waldex.ch\/wordpress\/wp-content\/uploads\/2025\/02\/IMG_1396-768x1024.jpg 768w, https:\/\/www2.waldex.ch\/wordpress\/wp-content\/uploads\/2025\/02\/IMG_1396-225x300.jpg 225w, https:\/\/www2.waldex.ch\/wordpress\/wp-content\/uploads\/2025\/02\/IMG_1396-1152x1536.jpg 1152w, https:\/\/www2.waldex.ch\/wordpress\/wp-content\/uploads\/2025\/02\/IMG_1396-1536x2048.jpg 1536w, https:\/\/www2.waldex.ch\/wordpress\/wp-content\/uploads\/2025\/02\/IMG_1396-scaled.jpg 1920w\" sizes=\"auto, (max-width: 767px) 89vw, (max-width: 1000px) 54vw, (max-width: 1071px) 543px, 580px\" \/><figcaption class=\"wp-element-caption\">Stellprobe mit Gleisen<\/figcaption><\/figure>\n\n\n\n<figure class=\"wp-block-image size-large\"><img loading=\"lazy\" decoding=\"async\" width=\"768\" height=\"1024\" src=\"https:\/\/www2.waldex.ch\/wordpress\/wp-content\/uploads\/2025\/02\/IMG_1413-768x1024.jpg\" alt=\"\" class=\"wp-image-17138\" srcset=\"https:\/\/www2.waldex.ch\/wordpress\/wp-content\/uploads\/2025\/02\/IMG_1413-768x1024.jpg 768w, https:\/\/www2.waldex.ch\/wordpress\/wp-content\/uploads\/2025\/02\/IMG_1413-225x300.jpg 225w, https:\/\/www2.waldex.ch\/wordpress\/wp-content\/uploads\/2025\/02\/IMG_1413-1152x1536.jpg 1152w, https:\/\/www2.waldex.ch\/wordpress\/wp-content\/uploads\/2025\/02\/IMG_1413-1536x2048.jpg 1536w, https:\/\/www2.waldex.ch\/wordpress\/wp-content\/uploads\/2025\/02\/IMG_1413-scaled.jpg 1920w\" sizes=\"auto, (max-width: 767px) 89vw, (max-width: 1000px) 54vw, (max-width: 1071px) 543px, 580px\" \/><figcaption class=\"wp-element-caption\">Der \u00dcbergang passt&#8230;<\/figcaption><\/figure>\n\n\n\n<figure class=\"wp-block-image size-large\"><img loading=\"lazy\" decoding=\"async\" width=\"1024\" height=\"768\" src=\"https:\/\/www2.waldex.ch\/wordpress\/wp-content\/uploads\/2025\/02\/IMG_1409-1024x768.jpg\" alt=\"\" class=\"wp-image-17136\" srcset=\"https:\/\/www2.waldex.ch\/wordpress\/wp-content\/uploads\/2025\/02\/IMG_1409-1024x768.jpg 1024w, https:\/\/www2.waldex.ch\/wordpress\/wp-content\/uploads\/2025\/02\/IMG_1409-300x225.jpg 300w, https:\/\/www2.waldex.ch\/wordpress\/wp-content\/uploads\/2025\/02\/IMG_1409-768x576.jpg 768w, https:\/\/www2.waldex.ch\/wordpress\/wp-content\/uploads\/2025\/02\/IMG_1409-1536x1152.jpg 1536w, https:\/\/www2.waldex.ch\/wordpress\/wp-content\/uploads\/2025\/02\/IMG_1409-2048x1536.jpg 2048w\" sizes=\"auto, (max-width: 767px) 89vw, (max-width: 1000px) 54vw, (max-width: 1071px) 543px, 580px\" \/><figcaption class=\"wp-element-caption\">Da muss eine Br\u00fccke hin&#8230;<\/figcaption><\/figure>\n\n\n\n<figure class=\"wp-block-image size-large\"><img loading=\"lazy\" decoding=\"async\" width=\"768\" height=\"1024\" src=\"https:\/\/www2.waldex.ch\/wordpress\/wp-content\/uploads\/2025\/02\/IMG_1407-768x1024.jpg\" alt=\"\" class=\"wp-image-17133\" srcset=\"https:\/\/www2.waldex.ch\/wordpress\/wp-content\/uploads\/2025\/02\/IMG_1407-768x1024.jpg 768w, https:\/\/www2.waldex.ch\/wordpress\/wp-content\/uploads\/2025\/02\/IMG_1407-225x300.jpg 225w, https:\/\/www2.waldex.ch\/wordpress\/wp-content\/uploads\/2025\/02\/IMG_1407-1152x1536.jpg 1152w, https:\/\/www2.waldex.ch\/wordpress\/wp-content\/uploads\/2025\/02\/IMG_1407-1536x2048.jpg 1536w, https:\/\/www2.waldex.ch\/wordpress\/wp-content\/uploads\/2025\/02\/IMG_1407-scaled.jpg 1920w\" sizes=\"auto, (max-width: 767px) 89vw, (max-width: 1000px) 54vw, (max-width: 1071px) 543px, 580px\" \/><figcaption class=\"wp-element-caption\">Erste Probefahrt durch meinen jungen Testfahrer<\/figcaption><\/figure>\n\n\n\n<figure class=\"wp-block-image size-large\"><img loading=\"lazy\" decoding=\"async\" width=\"1024\" height=\"768\" src=\"https:\/\/www2.waldex.ch\/wordpress\/wp-content\/uploads\/2025\/02\/IMG_1400-1024x768.jpg\" alt=\"\" class=\"wp-image-17134\" srcset=\"https:\/\/www2.waldex.ch\/wordpress\/wp-content\/uploads\/2025\/02\/IMG_1400-1024x768.jpg 1024w, https:\/\/www2.waldex.ch\/wordpress\/wp-content\/uploads\/2025\/02\/IMG_1400-300x225.jpg 300w, https:\/\/www2.waldex.ch\/wordpress\/wp-content\/uploads\/2025\/02\/IMG_1400-768x576.jpg 768w, https:\/\/www2.waldex.ch\/wordpress\/wp-content\/uploads\/2025\/02\/IMG_1400-1536x1152.jpg 1536w, https:\/\/www2.waldex.ch\/wordpress\/wp-content\/uploads\/2025\/02\/IMG_1400-2048x1536.jpg 2048w\" sizes=\"auto, (max-width: 767px) 89vw, (max-width: 1000px) 54vw, (max-width: 1071px) 543px, 580px\" \/><figcaption class=\"wp-element-caption\">Irgendwie so k\u00f6nnte die Trasse gebaut werden (Testaufbau)<\/figcaption><\/figure>\n\n\n\n<figure class=\"wp-block-image size-large\"><img loading=\"lazy\" decoding=\"async\" width=\"1024\" height=\"768\" src=\"https:\/\/www2.waldex.ch\/wordpress\/wp-content\/uploads\/2025\/02\/IMG_1412-1-1024x768.jpg\" alt=\"\" class=\"wp-image-17137\" srcset=\"https:\/\/www2.waldex.ch\/wordpress\/wp-content\/uploads\/2025\/02\/IMG_1412-1-1024x768.jpg 1024w, https:\/\/www2.waldex.ch\/wordpress\/wp-content\/uploads\/2025\/02\/IMG_1412-1-300x225.jpg 300w, https:\/\/www2.waldex.ch\/wordpress\/wp-content\/uploads\/2025\/02\/IMG_1412-1-768x576.jpg 768w, https:\/\/www2.waldex.ch\/wordpress\/wp-content\/uploads\/2025\/02\/IMG_1412-1-1536x1152.jpg 1536w, https:\/\/www2.waldex.ch\/wordpress\/wp-content\/uploads\/2025\/02\/IMG_1412-1-2048x1536.jpg 2048w\" sizes=\"auto, (max-width: 767px) 89vw, (max-width: 1000px) 54vw, (max-width: 1071px) 543px, 580px\" \/><figcaption class=\"wp-element-caption\">Scheint machbar zu sein&#8230;die Radien stimmen, die Trasse muss noch gek\u00fcrzt werden&#8230;und ist erst unterlegt&#8230;.<\/figcaption><\/figure>\n\n\n\n\n\n<figure class=\"wp-block-image size-large\"><img loading=\"lazy\" decoding=\"async\" width=\"1024\" height=\"768\" src=\"https:\/\/www2.waldex.ch\/wordpress\/wp-content\/uploads\/2025\/02\/img_1408-1-1024x768.jpg\" alt=\"\" class=\"wp-image-17157\" srcset=\"https:\/\/www2.waldex.ch\/wordpress\/wp-content\/uploads\/2025\/02\/img_1408-1-1024x768.jpg 1024w, https:\/\/www2.waldex.ch\/wordpress\/wp-content\/uploads\/2025\/02\/img_1408-1-300x225.jpg 300w, https:\/\/www2.waldex.ch\/wordpress\/wp-content\/uploads\/2025\/02\/img_1408-1-768x576.jpg 768w, https:\/\/www2.waldex.ch\/wordpress\/wp-content\/uploads\/2025\/02\/img_1408-1-1536x1152.jpg 1536w, https:\/\/www2.waldex.ch\/wordpress\/wp-content\/uploads\/2025\/02\/img_1408-1.jpg 2000w\" sizes=\"auto, (max-width: 767px) 89vw, (max-width: 1000px) 54vw, (max-width: 1071px) 543px, 580px\" \/><figcaption class=\"wp-element-caption\">Regelm\u00e4ssig Stellproben n\u00f6tig! Hatte mal Ausgleichsst\u00fccke\/Radien der Gleise ge\u00e4ndert, aber am Schluss war dieselbe Geometrie wie anfangs geplant&#8230;somit alles wie gedacht<\/figcaption><\/figure>\n\n\n\n<figure class=\"wp-block-image size-large\"><img loading=\"lazy\" decoding=\"async\" width=\"768\" height=\"1024\" src=\"https:\/\/www2.waldex.ch\/wordpress\/wp-content\/uploads\/2025\/02\/img_1411-1-768x1024.jpg\" alt=\"\" class=\"wp-image-17158\" srcset=\"https:\/\/www2.waldex.ch\/wordpress\/wp-content\/uploads\/2025\/02\/img_1411-1-768x1024.jpg 768w, https:\/\/www2.waldex.ch\/wordpress\/wp-content\/uploads\/2025\/02\/img_1411-1-225x300.jpg 225w, https:\/\/www2.waldex.ch\/wordpress\/wp-content\/uploads\/2025\/02\/img_1411-1-1152x1536.jpg 1152w, https:\/\/www2.waldex.ch\/wordpress\/wp-content\/uploads\/2025\/02\/img_1411-1.jpg 1500w\" sizes=\"auto, (max-width: 767px) 89vw, (max-width: 1000px) 54vw, (max-width: 1071px) 543px, 580px\" \/><figcaption class=\"wp-element-caption\">So sollte es dann mal sein&#8230;.<\/figcaption><\/figure>\n\n\n\n<figure class=\"wp-block-image size-large\"><img loading=\"lazy\" decoding=\"async\" width=\"768\" height=\"1024\" src=\"https:\/\/www2.waldex.ch\/wordpress\/wp-content\/uploads\/2025\/02\/img_1437-1-768x1024.jpg\" alt=\"\" class=\"wp-image-17159\" srcset=\"https:\/\/www2.waldex.ch\/wordpress\/wp-content\/uploads\/2025\/02\/img_1437-1-768x1024.jpg 768w, https:\/\/www2.waldex.ch\/wordpress\/wp-content\/uploads\/2025\/02\/img_1437-1-225x300.jpg 225w, https:\/\/www2.waldex.ch\/wordpress\/wp-content\/uploads\/2025\/02\/img_1437-1-1152x1536.jpg 1152w, https:\/\/www2.waldex.ch\/wordpress\/wp-content\/uploads\/2025\/02\/img_1437-1.jpg 1500w\" sizes=\"auto, (max-width: 767px) 89vw, (max-width: 1000px) 54vw, (max-width: 1071px) 543px, 580px\" \/><figcaption class=\"wp-element-caption\">Mal ein erster Wurf Beine\/Br\u00fcckenkopf (Br\u00fccke links, Fiddy hinten rechts)<\/figcaption><\/figure>\n\n\n\n<figure class=\"wp-block-image size-large\"><img loading=\"lazy\" decoding=\"async\" width=\"1024\" height=\"768\" src=\"https:\/\/www2.waldex.ch\/wordpress\/wp-content\/uploads\/2025\/02\/img_1438-1-1024x768.jpg\" alt=\"\" class=\"wp-image-17160\" srcset=\"https:\/\/www2.waldex.ch\/wordpress\/wp-content\/uploads\/2025\/02\/img_1438-1-1024x768.jpg 1024w, https:\/\/www2.waldex.ch\/wordpress\/wp-content\/uploads\/2025\/02\/img_1438-1-300x225.jpg 300w, https:\/\/www2.waldex.ch\/wordpress\/wp-content\/uploads\/2025\/02\/img_1438-1-768x576.jpg 768w, https:\/\/www2.waldex.ch\/wordpress\/wp-content\/uploads\/2025\/02\/img_1438-1-1536x1152.jpg 1536w, https:\/\/www2.waldex.ch\/wordpress\/wp-content\/uploads\/2025\/02\/img_1438-1.jpg 2000w\" sizes=\"auto, (max-width: 767px) 89vw, (max-width: 1000px) 54vw, (max-width: 1071px) 543px, 580px\" \/><figcaption class=\"wp-element-caption\">Ob das alle funktionieren wird?<\/figcaption><\/figure>\n\n\n\n<figure class=\"wp-block-image size-large\"><img loading=\"lazy\" decoding=\"async\" width=\"768\" height=\"1024\" src=\"https:\/\/www2.waldex.ch\/wordpress\/wp-content\/uploads\/2025\/02\/img_1440-1-768x1024.jpg\" alt=\"\" class=\"wp-image-17161\" srcset=\"https:\/\/www2.waldex.ch\/wordpress\/wp-content\/uploads\/2025\/02\/img_1440-1-768x1024.jpg 768w, https:\/\/www2.waldex.ch\/wordpress\/wp-content\/uploads\/2025\/02\/img_1440-1-225x300.jpg 225w, https:\/\/www2.waldex.ch\/wordpress\/wp-content\/uploads\/2025\/02\/img_1440-1-1152x1536.jpg 1152w, https:\/\/www2.waldex.ch\/wordpress\/wp-content\/uploads\/2025\/02\/img_1440-1.jpg 1500w\" sizes=\"auto, (max-width: 767px) 89vw, (max-width: 1000px) 54vw, (max-width: 1071px) 543px, 580px\" \/><figcaption class=\"wp-element-caption\">Leim f\u00fcr Korken auf dem Gleisdreieck vor der (unten sichtbaren) Br\u00fccke<\/figcaption><\/figure>\n\n\n\n<figure class=\"wp-block-image size-large\"><img loading=\"lazy\" decoding=\"async\" width=\"768\" height=\"1024\" src=\"https:\/\/www2.waldex.ch\/wordpress\/wp-content\/uploads\/2025\/02\/img_1441-1-768x1024.jpg\" alt=\"\" class=\"wp-image-17162\" srcset=\"https:\/\/www2.waldex.ch\/wordpress\/wp-content\/uploads\/2025\/02\/img_1441-1-768x1024.jpg 768w, https:\/\/www2.waldex.ch\/wordpress\/wp-content\/uploads\/2025\/02\/img_1441-1-225x300.jpg 225w, https:\/\/www2.waldex.ch\/wordpress\/wp-content\/uploads\/2025\/02\/img_1441-1-1152x1536.jpg 1152w, https:\/\/www2.waldex.ch\/wordpress\/wp-content\/uploads\/2025\/02\/img_1441-1.jpg 1500w\" sizes=\"auto, (max-width: 767px) 89vw, (max-width: 1000px) 54vw, (max-width: 1071px) 543px, 580px\" \/><figcaption class=\"wp-element-caption\">Br\u00fccke mit inzwischen unter der Trasse verbautem Rahmen. Der Anfang ist verst\u00e4rkt.<\/figcaption><\/figure>\n\n\n\n<figure class=\"wp-block-image size-large\"><img loading=\"lazy\" decoding=\"async\" width=\"1024\" height=\"768\" src=\"https:\/\/www2.waldex.ch\/wordpress\/wp-content\/uploads\/2025\/02\/img_1442-1-1024x768.jpg\" alt=\"\" class=\"wp-image-17163\" srcset=\"https:\/\/www2.waldex.ch\/wordpress\/wp-content\/uploads\/2025\/02\/img_1442-1-1024x768.jpg 1024w, https:\/\/www2.waldex.ch\/wordpress\/wp-content\/uploads\/2025\/02\/img_1442-1-300x225.jpg 300w, https:\/\/www2.waldex.ch\/wordpress\/wp-content\/uploads\/2025\/02\/img_1442-1-768x576.jpg 768w, https:\/\/www2.waldex.ch\/wordpress\/wp-content\/uploads\/2025\/02\/img_1442-1-1536x1152.jpg 1536w, https:\/\/www2.waldex.ch\/wordpress\/wp-content\/uploads\/2025\/02\/img_1442-1.jpg 2000w\" sizes=\"auto, (max-width: 767px) 89vw, (max-width: 1000px) 54vw, (max-width: 1071px) 543px, 580px\" \/><figcaption class=\"wp-element-caption\">Endlich! Sieht nach Saupuff aus, aber irgendwie muss der Weissleim ja trocknen<\/figcaption><\/figure>\n\n\n\n<figure class=\"wp-block-image size-large\"><img loading=\"lazy\" decoding=\"async\" width=\"1024\" height=\"768\" src=\"https:\/\/www2.waldex.ch\/wordpress\/wp-content\/uploads\/2025\/02\/img_1443-1-1024x768.jpg\" alt=\"\" class=\"wp-image-17164\" srcset=\"https:\/\/www2.waldex.ch\/wordpress\/wp-content\/uploads\/2025\/02\/img_1443-1-1024x768.jpg 1024w, https:\/\/www2.waldex.ch\/wordpress\/wp-content\/uploads\/2025\/02\/img_1443-1-300x225.jpg 300w, https:\/\/www2.waldex.ch\/wordpress\/wp-content\/uploads\/2025\/02\/img_1443-1-768x576.jpg 768w, https:\/\/www2.waldex.ch\/wordpress\/wp-content\/uploads\/2025\/02\/img_1443-1-1536x1152.jpg 1536w, https:\/\/www2.waldex.ch\/wordpress\/wp-content\/uploads\/2025\/02\/img_1443-1.jpg 2000w\" sizes=\"auto, (max-width: 767px) 89vw, (max-width: 1000px) 54vw, (max-width: 1071px) 543px, 580px\" \/><figcaption class=\"wp-element-caption\">Der Kork ist gelegt und geleimt (und beschwert)<\/figcaption><\/figure>\n\n\n\n<figure class=\"wp-block-image size-large\"><img loading=\"lazy\" decoding=\"async\" width=\"1024\" height=\"768\" src=\"https:\/\/www2.waldex.ch\/wordpress\/wp-content\/uploads\/2025\/02\/img_1444-1-1024x768.jpg\" alt=\"\" class=\"wp-image-17165\" srcset=\"https:\/\/www2.waldex.ch\/wordpress\/wp-content\/uploads\/2025\/02\/img_1444-1-1024x768.jpg 1024w, https:\/\/www2.waldex.ch\/wordpress\/wp-content\/uploads\/2025\/02\/img_1444-1-300x225.jpg 300w, https:\/\/www2.waldex.ch\/wordpress\/wp-content\/uploads\/2025\/02\/img_1444-1-768x576.jpg 768w, https:\/\/www2.waldex.ch\/wordpress\/wp-content\/uploads\/2025\/02\/img_1444-1-1536x1152.jpg 1536w, https:\/\/www2.waldex.ch\/wordpress\/wp-content\/uploads\/2025\/02\/img_1444-1.jpg 2000w\" sizes=\"auto, (max-width: 767px) 89vw, (max-width: 1000px) 54vw, (max-width: 1071px) 543px, 580px\" \/><figcaption class=\"wp-element-caption\">\u00dcber Nacht trocknet der Laim (Kortrasse)<\/figcaption><\/figure>\n\n\n\n<figure class=\"wp-block-image size-large\"><img loading=\"lazy\" decoding=\"async\" width=\"768\" height=\"1024\" src=\"https:\/\/www2.waldex.ch\/wordpress\/wp-content\/uploads\/2025\/02\/img_1445-2-1-768x1024.jpg\" alt=\"\" class=\"wp-image-17167\" srcset=\"https:\/\/www2.waldex.ch\/wordpress\/wp-content\/uploads\/2025\/02\/img_1445-2-1-768x1024.jpg 768w, https:\/\/www2.waldex.ch\/wordpress\/wp-content\/uploads\/2025\/02\/img_1445-2-1-225x300.jpg 225w, https:\/\/www2.waldex.ch\/wordpress\/wp-content\/uploads\/2025\/02\/img_1445-2-1-1152x1536.jpg 1152w, https:\/\/www2.waldex.ch\/wordpress\/wp-content\/uploads\/2025\/02\/img_1445-2-1.jpg 1500w\" sizes=\"auto, (max-width: 767px) 89vw, (max-width: 1000px) 54vw, (max-width: 1071px) 543px, 580px\" \/><figcaption class=\"wp-element-caption\">Sieht schon sch\u00f6ner mit dem Kork aus&#8230;im Vordergrund die Scharniere der Klappbr\u00fccke (zur\u00fcckgesetzt und erh\u00f6ht, damit die Gleise beim \u00d6ffnen nicht streifen und die Br\u00fccke gen\u00fcgend weit hinten ist (damit die T\u00fcr sich \u00f6ffnen\/schliessen l\u00e4sst)<\/figcaption><\/figure>\n\n\n\n<figure class=\"wp-block-image size-large\"><img loading=\"lazy\" decoding=\"async\" width=\"1024\" height=\"768\" src=\"https:\/\/www2.waldex.ch\/wordpress\/wp-content\/uploads\/2025\/02\/img_1446-1-1024x768.jpg\" alt=\"\" class=\"wp-image-17168\" srcset=\"https:\/\/www2.waldex.ch\/wordpress\/wp-content\/uploads\/2025\/02\/img_1446-1-1024x768.jpg 1024w, https:\/\/www2.waldex.ch\/wordpress\/wp-content\/uploads\/2025\/02\/img_1446-1-300x225.jpg 300w, https:\/\/www2.waldex.ch\/wordpress\/wp-content\/uploads\/2025\/02\/img_1446-1-768x576.jpg 768w, https:\/\/www2.waldex.ch\/wordpress\/wp-content\/uploads\/2025\/02\/img_1446-1-1536x1152.jpg 1536w, https:\/\/www2.waldex.ch\/wordpress\/wp-content\/uploads\/2025\/02\/img_1446-1.jpg 2000w\" sizes=\"auto, (max-width: 767px) 89vw, (max-width: 1000px) 54vw, (max-width: 1071px) 543px, 580px\" \/><figcaption class=\"wp-element-caption\">2\/3 des Gleisdreiecks sind hier sichtbar<\/figcaption><\/figure>\n\n\n\n<figure class=\"wp-block-image size-large\"><img loading=\"lazy\" decoding=\"async\" width=\"768\" height=\"1024\" src=\"https:\/\/www2.waldex.ch\/wordpress\/wp-content\/uploads\/2025\/02\/img_1447-1-768x1024.jpg\" alt=\"\" class=\"wp-image-17169\" srcset=\"https:\/\/www2.waldex.ch\/wordpress\/wp-content\/uploads\/2025\/02\/img_1447-1-768x1024.jpg 768w, https:\/\/www2.waldex.ch\/wordpress\/wp-content\/uploads\/2025\/02\/img_1447-1-225x300.jpg 225w, https:\/\/www2.waldex.ch\/wordpress\/wp-content\/uploads\/2025\/02\/img_1447-1-1152x1536.jpg 1152w, https:\/\/www2.waldex.ch\/wordpress\/wp-content\/uploads\/2025\/02\/img_1447-1.jpg 1500w\" sizes=\"auto, (max-width: 767px) 89vw, (max-width: 1000px) 54vw, (max-width: 1071px) 543px, 580px\" \/><figcaption class=\"wp-element-caption\">Das Ende des Gleisdreiecks Richtung Klappbr\u00fccke<\/figcaption><\/figure>\n\n\n\n<figure class=\"wp-block-image size-large\"><img loading=\"lazy\" decoding=\"async\" width=\"768\" height=\"1024\" src=\"https:\/\/www2.waldex.ch\/wordpress\/wp-content\/uploads\/2025\/02\/img_1448-1-768x1024.jpg\" alt=\"\" class=\"wp-image-17170\" srcset=\"https:\/\/www2.waldex.ch\/wordpress\/wp-content\/uploads\/2025\/02\/img_1448-1-768x1024.jpg 768w, https:\/\/www2.waldex.ch\/wordpress\/wp-content\/uploads\/2025\/02\/img_1448-1-225x300.jpg 225w, https:\/\/www2.waldex.ch\/wordpress\/wp-content\/uploads\/2025\/02\/img_1448-1-1152x1536.jpg 1152w, https:\/\/www2.waldex.ch\/wordpress\/wp-content\/uploads\/2025\/02\/img_1448-1.jpg 1500w\" sizes=\"auto, (max-width: 767px) 89vw, (max-width: 1000px) 54vw, (max-width: 1071px) 543px, 580px\" \/><figcaption class=\"wp-element-caption\">Hier \u00fcber die Klappbr\u00fccke<\/figcaption><\/figure>\n\n\n\n<figure class=\"wp-block-image size-large\"><img loading=\"lazy\" decoding=\"async\" width=\"768\" height=\"1024\" src=\"https:\/\/www2.waldex.ch\/wordpress\/wp-content\/uploads\/2025\/02\/img_1449-1-768x1024.jpg\" alt=\"\" class=\"wp-image-17171\" srcset=\"https:\/\/www2.waldex.ch\/wordpress\/wp-content\/uploads\/2025\/02\/img_1449-1-768x1024.jpg 768w, https:\/\/www2.waldex.ch\/wordpress\/wp-content\/uploads\/2025\/02\/img_1449-1-225x300.jpg 225w, https:\/\/www2.waldex.ch\/wordpress\/wp-content\/uploads\/2025\/02\/img_1449-1-1152x1536.jpg 1152w, https:\/\/www2.waldex.ch\/wordpress\/wp-content\/uploads\/2025\/02\/img_1449-1.jpg 1500w\" sizes=\"auto, (max-width: 767px) 89vw, (max-width: 1000px) 54vw, (max-width: 1071px) 543px, 580px\" \/><figcaption class=\"wp-element-caption\">Folgen wir den Gleisen, hier das Ende der Klappbr\u00fccke (die Beine werden noch gek\u00e4rutzt)<\/figcaption><\/figure>\n\n\n\n<figure class=\"wp-block-image size-large\"><img loading=\"lazy\" decoding=\"async\" width=\"768\" height=\"1024\" src=\"https:\/\/www2.waldex.ch\/wordpress\/wp-content\/uploads\/2025\/02\/img_1450-1-768x1024.jpg\" alt=\"\" class=\"wp-image-17172\" srcset=\"https:\/\/www2.waldex.ch\/wordpress\/wp-content\/uploads\/2025\/02\/img_1450-1-768x1024.jpg 768w, https:\/\/www2.waldex.ch\/wordpress\/wp-content\/uploads\/2025\/02\/img_1450-1-225x300.jpg 225w, https:\/\/www2.waldex.ch\/wordpress\/wp-content\/uploads\/2025\/02\/img_1450-1-1152x1536.jpg 1152w, https:\/\/www2.waldex.ch\/wordpress\/wp-content\/uploads\/2025\/02\/img_1450-1.jpg 1500w\" sizes=\"auto, (max-width: 767px) 89vw, (max-width: 1000px) 54vw, (max-width: 1071px) 543px, 580px\" \/><figcaption class=\"wp-element-caption\">Sicht Einfahrt in den Fiddleyard rein<\/figcaption><\/figure>\n\n\n\n<figure class=\"wp-block-image size-large\"><img loading=\"lazy\" decoding=\"async\" width=\"1024\" height=\"768\" src=\"https:\/\/www2.waldex.ch\/wordpress\/wp-content\/uploads\/2025\/02\/img_1451-1-1024x768.jpg\" alt=\"\" class=\"wp-image-17173\" srcset=\"https:\/\/www2.waldex.ch\/wordpress\/wp-content\/uploads\/2025\/02\/img_1451-1-1024x768.jpg 1024w, https:\/\/www2.waldex.ch\/wordpress\/wp-content\/uploads\/2025\/02\/img_1451-1-300x225.jpg 300w, https:\/\/www2.waldex.ch\/wordpress\/wp-content\/uploads\/2025\/02\/img_1451-1-768x576.jpg 768w, https:\/\/www2.waldex.ch\/wordpress\/wp-content\/uploads\/2025\/02\/img_1451-1-1536x1152.jpg 1536w, https:\/\/www2.waldex.ch\/wordpress\/wp-content\/uploads\/2025\/02\/img_1451-1.jpg 2000w\" sizes=\"auto, (max-width: 767px) 89vw, (max-width: 1000px) 54vw, (max-width: 1071px) 543px, 580px\" \/><figcaption class=\"wp-element-caption\">Sicht aus dem Fiddleyard raus (korrekt, die Gleise sind noch nicht vollst\u00e4ndig verbunden, die sichtbare Trasse hier muss noch verst\u00e4rkt und angeschraubt werden<\/figcaption><\/figure>\n\n\n\n<figure class=\"wp-block-image size-large\"><img loading=\"lazy\" decoding=\"async\" width=\"1024\" height=\"768\" src=\"https:\/\/www2.waldex.ch\/wordpress\/wp-content\/uploads\/2025\/02\/img_1452-1-1024x768.jpg\" alt=\"\" class=\"wp-image-17174\" srcset=\"https:\/\/www2.waldex.ch\/wordpress\/wp-content\/uploads\/2025\/02\/img_1452-1-1024x768.jpg 1024w, https:\/\/www2.waldex.ch\/wordpress\/wp-content\/uploads\/2025\/02\/img_1452-1-300x225.jpg 300w, https:\/\/www2.waldex.ch\/wordpress\/wp-content\/uploads\/2025\/02\/img_1452-1-768x576.jpg 768w, https:\/\/www2.waldex.ch\/wordpress\/wp-content\/uploads\/2025\/02\/img_1452-1-1536x1152.jpg 1536w, https:\/\/www2.waldex.ch\/wordpress\/wp-content\/uploads\/2025\/02\/img_1452-1.jpg 2000w\" sizes=\"auto, (max-width: 767px) 89vw, (max-width: 1000px) 54vw, (max-width: 1071px) 543px, 580px\" \/><figcaption class=\"wp-element-caption\">Sicht vom Kellerzimmeringang her<\/figcaption><\/figure>\n\n\n\n<p>.<\/p>\n\n\n\n<figure class=\"wp-block-image size-large\"><img loading=\"lazy\" decoding=\"async\" width=\"768\" height=\"1024\" src=\"https:\/\/www2.waldex.ch\/wordpress\/wp-content\/uploads\/2025\/02\/img_1455-1-1-768x1024.jpg\" alt=\"\" class=\"wp-image-17201\" srcset=\"https:\/\/www2.waldex.ch\/wordpress\/wp-content\/uploads\/2025\/02\/img_1455-1-1-768x1024.jpg 768w, https:\/\/www2.waldex.ch\/wordpress\/wp-content\/uploads\/2025\/02\/img_1455-1-1-225x300.jpg 225w, https:\/\/www2.waldex.ch\/wordpress\/wp-content\/uploads\/2025\/02\/img_1455-1-1-1152x1536.jpg 1152w, https:\/\/www2.waldex.ch\/wordpress\/wp-content\/uploads\/2025\/02\/img_1455-1-1.jpg 1500w\" sizes=\"auto, (max-width: 767px) 89vw, (max-width: 1000px) 54vw, (max-width: 1071px) 543px, 580px\" \/><figcaption class=\"wp-element-caption\">Die Klappbr\u00fccke ist in der Kurve. Entsprechend speziell sind die T\u00e4ger unter der Trasse, welche gut ersichtlich sind <\/figcaption><\/figure>\n\n\n\n<figure class=\"wp-block-image size-large\"><img loading=\"lazy\" decoding=\"async\" width=\"768\" height=\"1024\" src=\"https:\/\/www2.waldex.ch\/wordpress\/wp-content\/uploads\/2025\/02\/img_1456-1-1-768x1024.jpg\" alt=\"\" class=\"wp-image-17202\" srcset=\"https:\/\/www2.waldex.ch\/wordpress\/wp-content\/uploads\/2025\/02\/img_1456-1-1-768x1024.jpg 768w, https:\/\/www2.waldex.ch\/wordpress\/wp-content\/uploads\/2025\/02\/img_1456-1-1-225x300.jpg 225w, https:\/\/www2.waldex.ch\/wordpress\/wp-content\/uploads\/2025\/02\/img_1456-1-1-1152x1536.jpg 1152w, https:\/\/www2.waldex.ch\/wordpress\/wp-content\/uploads\/2025\/02\/img_1456-1-1.jpg 1500w\" sizes=\"auto, (max-width: 767px) 89vw, (max-width: 1000px) 54vw, (max-width: 1071px) 543px, 580px\" \/><figcaption class=\"wp-element-caption\">Die Beine mit kleiner Platform drauf ist gleichzeitig der Br\u00fcckenkopf f\u00fcr die Klappbr\u00fccke. Idealerweise ist diese dann motorisiert und h\u00e4lt sich mit Magneten fest wenn sie aufgeklappt ist <\/figcaption><\/figure>\n\n\n\n<figure class=\"wp-block-image size-large\"><img loading=\"lazy\" decoding=\"async\" width=\"768\" height=\"1024\" src=\"https:\/\/www2.waldex.ch\/wordpress\/wp-content\/uploads\/2025\/02\/img_1457-1-1-768x1024.jpg\" alt=\"\" class=\"wp-image-17204\" srcset=\"https:\/\/www2.waldex.ch\/wordpress\/wp-content\/uploads\/2025\/02\/img_1457-1-1-768x1024.jpg 768w, https:\/\/www2.waldex.ch\/wordpress\/wp-content\/uploads\/2025\/02\/img_1457-1-1-225x300.jpg 225w, https:\/\/www2.waldex.ch\/wordpress\/wp-content\/uploads\/2025\/02\/img_1457-1-1-1152x1536.jpg 1152w, https:\/\/www2.waldex.ch\/wordpress\/wp-content\/uploads\/2025\/02\/img_1457-1-1.jpg 1500w\" sizes=\"auto, (max-width: 767px) 89vw, (max-width: 1000px) 54vw, (max-width: 1071px) 543px, 580px\" \/><figcaption class=\"wp-element-caption\">Letztes Trasssest\u00fcck zum Fiddy wird geleimt (sp\u00e4ter noch geschraubt)<\/figcaption><\/figure>\n\n\n\n<figure class=\"wp-block-image size-large\"><img loading=\"lazy\" decoding=\"async\" width=\"1024\" height=\"768\" src=\"https:\/\/www2.waldex.ch\/wordpress\/wp-content\/uploads\/2025\/02\/img_1460-1-1-1024x768.jpg\" alt=\"\" class=\"wp-image-17205\" srcset=\"https:\/\/www2.waldex.ch\/wordpress\/wp-content\/uploads\/2025\/02\/img_1460-1-1-1024x768.jpg 1024w, https:\/\/www2.waldex.ch\/wordpress\/wp-content\/uploads\/2025\/02\/img_1460-1-1-300x225.jpg 300w, https:\/\/www2.waldex.ch\/wordpress\/wp-content\/uploads\/2025\/02\/img_1460-1-1-768x576.jpg 768w, https:\/\/www2.waldex.ch\/wordpress\/wp-content\/uploads\/2025\/02\/img_1460-1-1-1536x1152.jpg 1536w, https:\/\/www2.waldex.ch\/wordpress\/wp-content\/uploads\/2025\/02\/img_1460-1-1.jpg 2000w\" sizes=\"auto, (max-width: 767px) 89vw, (max-width: 1000px) 54vw, (max-width: 1071px) 543px, 580px\" \/><figcaption class=\"wp-element-caption\">Bei geschlossener Kellert\u00fcr ist die Durchfahrt m\u00f6glich <\/figcaption><\/figure>\n\n\n\n<figure class=\"wp-block-image size-large\"><img loading=\"lazy\" decoding=\"async\" width=\"1024\" height=\"768\" src=\"https:\/\/www2.waldex.ch\/wordpress\/wp-content\/uploads\/2025\/02\/img_1461-1-1-1024x768.jpg\" alt=\"\" class=\"wp-image-17206\" srcset=\"https:\/\/www2.waldex.ch\/wordpress\/wp-content\/uploads\/2025\/02\/img_1461-1-1-1024x768.jpg 1024w, https:\/\/www2.waldex.ch\/wordpress\/wp-content\/uploads\/2025\/02\/img_1461-1-1-300x225.jpg 300w, https:\/\/www2.waldex.ch\/wordpress\/wp-content\/uploads\/2025\/02\/img_1461-1-1-768x576.jpg 768w, https:\/\/www2.waldex.ch\/wordpress\/wp-content\/uploads\/2025\/02\/img_1461-1-1-1536x1152.jpg 1536w, https:\/\/www2.waldex.ch\/wordpress\/wp-content\/uploads\/2025\/02\/img_1461-1-1.jpg 2000w\" sizes=\"auto, (max-width: 767px) 89vw, (max-width: 1000px) 54vw, (max-width: 1071px) 543px, 580px\" \/><figcaption class=\"wp-element-caption\">Die Elemente m\u00fcssen noch justiert werden <\/figcaption><\/figure>\n\n\n\n<figure class=\"wp-block-image size-large\"><img loading=\"lazy\" decoding=\"async\" width=\"1024\" height=\"768\" src=\"https:\/\/www2.waldex.ch\/wordpress\/wp-content\/uploads\/2025\/02\/img_1462-1-1-1024x768.jpg\" alt=\"\" class=\"wp-image-17207\" srcset=\"https:\/\/www2.waldex.ch\/wordpress\/wp-content\/uploads\/2025\/02\/img_1462-1-1-1024x768.jpg 1024w, https:\/\/www2.waldex.ch\/wordpress\/wp-content\/uploads\/2025\/02\/img_1462-1-1-300x225.jpg 300w, https:\/\/www2.waldex.ch\/wordpress\/wp-content\/uploads\/2025\/02\/img_1462-1-1-768x576.jpg 768w, https:\/\/www2.waldex.ch\/wordpress\/wp-content\/uploads\/2025\/02\/img_1462-1-1-1536x1152.jpg 1536w, https:\/\/www2.waldex.ch\/wordpress\/wp-content\/uploads\/2025\/02\/img_1462-1-1.jpg 2000w\" sizes=\"auto, (max-width: 767px) 89vw, (max-width: 1000px) 54vw, (max-width: 1071px) 543px, 580px\" \/><figcaption class=\"wp-element-caption\">Mal schauen, ob die Einfahrt zur ersten Weiche passt\u2026<\/figcaption><\/figure>\n\n\n\n<figure class=\"wp-block-image size-large\"><img loading=\"lazy\" decoding=\"async\" width=\"1024\" height=\"768\" src=\"https:\/\/www2.waldex.ch\/wordpress\/wp-content\/uploads\/2025\/02\/img_1463-1-1-1024x768.jpg\" alt=\"\" class=\"wp-image-17208\" srcset=\"https:\/\/www2.waldex.ch\/wordpress\/wp-content\/uploads\/2025\/02\/img_1463-1-1-1024x768.jpg 1024w, https:\/\/www2.waldex.ch\/wordpress\/wp-content\/uploads\/2025\/02\/img_1463-1-1-300x225.jpg 300w, https:\/\/www2.waldex.ch\/wordpress\/wp-content\/uploads\/2025\/02\/img_1463-1-1-768x576.jpg 768w, https:\/\/www2.waldex.ch\/wordpress\/wp-content\/uploads\/2025\/02\/img_1463-1-1-1536x1152.jpg 1536w, https:\/\/www2.waldex.ch\/wordpress\/wp-content\/uploads\/2025\/02\/img_1463-1-1.jpg 2000w\" sizes=\"auto, (max-width: 767px) 89vw, (max-width: 1000px) 54vw, (max-width: 1071px) 543px, 580px\" \/><figcaption class=\"wp-element-caption\">Versuch einer \u00dcbersicht <\/figcaption><\/figure>\n\n\n\n<figure class=\"wp-block-image size-large\"><img loading=\"lazy\" decoding=\"async\" width=\"768\" height=\"1024\" src=\"https:\/\/www2.waldex.ch\/wordpress\/wp-content\/uploads\/2025\/02\/img_1474-1-768x1024.jpg\" alt=\"\" class=\"wp-image-17215\" srcset=\"https:\/\/www2.waldex.ch\/wordpress\/wp-content\/uploads\/2025\/02\/img_1474-1-768x1024.jpg 768w, https:\/\/www2.waldex.ch\/wordpress\/wp-content\/uploads\/2025\/02\/img_1474-1-225x300.jpg 225w, https:\/\/www2.waldex.ch\/wordpress\/wp-content\/uploads\/2025\/02\/img_1474-1-1152x1536.jpg 1152w, https:\/\/www2.waldex.ch\/wordpress\/wp-content\/uploads\/2025\/02\/img_1474-1.jpg 1500w\" sizes=\"auto, (max-width: 767px) 89vw, (max-width: 1000px) 54vw, (max-width: 1071px) 543px, 580px\" \/><figcaption class=\"wp-element-caption\">Erster Versuch mit einem Gleisanschluss<\/figcaption><\/figure>\n\n\n\n<figure class=\"wp-block-image size-large\"><img loading=\"lazy\" decoding=\"async\" width=\"768\" height=\"1024\" src=\"https:\/\/www2.waldex.ch\/wordpress\/wp-content\/uploads\/2025\/02\/img_1475-1-768x1024.jpg\" alt=\"\" class=\"wp-image-17216\" srcset=\"https:\/\/www2.waldex.ch\/wordpress\/wp-content\/uploads\/2025\/02\/img_1475-1-768x1024.jpg 768w, https:\/\/www2.waldex.ch\/wordpress\/wp-content\/uploads\/2025\/02\/img_1475-1-225x300.jpg 225w, https:\/\/www2.waldex.ch\/wordpress\/wp-content\/uploads\/2025\/02\/img_1475-1-1152x1536.jpg 1152w, https:\/\/www2.waldex.ch\/wordpress\/wp-content\/uploads\/2025\/02\/img_1475-1.jpg 1500w\" sizes=\"auto, (max-width: 767px) 89vw, (max-width: 1000px) 54vw, (max-width: 1071px) 543px, 580px\" \/><figcaption class=\"wp-element-caption\">Die Platte ist an den Fiddle geschraubt- und das erste Zufahrtst\u00fcck ist abnehmbar mit Gewindeschrauben montiert <\/figcaption><\/figure>\n\n\n\n<figure class=\"wp-block-image size-large\"><img loading=\"lazy\" decoding=\"async\" width=\"768\" height=\"1024\" src=\"https:\/\/www2.waldex.ch\/wordpress\/wp-content\/uploads\/2025\/02\/img_1476-1-768x1024.jpg\" alt=\"\" class=\"wp-image-17217\" srcset=\"https:\/\/www2.waldex.ch\/wordpress\/wp-content\/uploads\/2025\/02\/img_1476-1-768x1024.jpg 768w, https:\/\/www2.waldex.ch\/wordpress\/wp-content\/uploads\/2025\/02\/img_1476-1-225x300.jpg 225w, https:\/\/www2.waldex.ch\/wordpress\/wp-content\/uploads\/2025\/02\/img_1476-1-1152x1536.jpg 1152w, https:\/\/www2.waldex.ch\/wordpress\/wp-content\/uploads\/2025\/02\/img_1476-1.jpg 1500w\" sizes=\"auto, (max-width: 767px) 89vw, (max-width: 1000px) 54vw, (max-width: 1071px) 543px, 580px\" \/><\/figure>\n\n\n\n<figure class=\"wp-block-image size-large\"><img loading=\"lazy\" decoding=\"async\" width=\"768\" height=\"1024\" src=\"https:\/\/www2.waldex.ch\/wordpress\/wp-content\/uploads\/2025\/02\/img_1477-1-768x1024.jpg\" alt=\"\" class=\"wp-image-17218\" srcset=\"https:\/\/www2.waldex.ch\/wordpress\/wp-content\/uploads\/2025\/02\/img_1477-1-768x1024.jpg 768w, https:\/\/www2.waldex.ch\/wordpress\/wp-content\/uploads\/2025\/02\/img_1477-1-225x300.jpg 225w, https:\/\/www2.waldex.ch\/wordpress\/wp-content\/uploads\/2025\/02\/img_1477-1-1152x1536.jpg 1152w, https:\/\/www2.waldex.ch\/wordpress\/wp-content\/uploads\/2025\/02\/img_1477-1.jpg 1500w\" sizes=\"auto, (max-width: 767px) 89vw, (max-width: 1000px) 54vw, (max-width: 1071px) 543px, 580px\" \/><figcaption class=\"wp-element-caption\">5 Schraubl\u00f6cher m\u00f6glich, nur 2 lange Schrauben vorhanden- halt aber <\/figcaption><\/figure>\n\n\n\n<figure class=\"wp-block-image size-large\"><img loading=\"lazy\" decoding=\"async\" width=\"768\" height=\"1024\" src=\"https:\/\/www2.waldex.ch\/wordpress\/wp-content\/uploads\/2025\/02\/img_1478-1-768x1024.jpg\" alt=\"\" class=\"wp-image-17219\" srcset=\"https:\/\/www2.waldex.ch\/wordpress\/wp-content\/uploads\/2025\/02\/img_1478-1-768x1024.jpg 768w, https:\/\/www2.waldex.ch\/wordpress\/wp-content\/uploads\/2025\/02\/img_1478-1-225x300.jpg 225w, https:\/\/www2.waldex.ch\/wordpress\/wp-content\/uploads\/2025\/02\/img_1478-1-1152x1536.jpg 1152w, https:\/\/www2.waldex.ch\/wordpress\/wp-content\/uploads\/2025\/02\/img_1478-1.jpg 1500w\" sizes=\"auto, (max-width: 767px) 89vw, (max-width: 1000px) 54vw, (max-width: 1071px) 543px, 580px\" \/><figcaption class=\"wp-element-caption\">Die Glelse m\u00fcssen noch angeschraubt werden <\/figcaption><\/figure>\n\n\n\n<figure class=\"wp-block-image size-large\"><img loading=\"lazy\" decoding=\"async\" width=\"1024\" height=\"768\" src=\"https:\/\/www2.waldex.ch\/wordpress\/wp-content\/uploads\/2025\/02\/img_1479-1-1024x768.jpg\" alt=\"\" class=\"wp-image-17220\" srcset=\"https:\/\/www2.waldex.ch\/wordpress\/wp-content\/uploads\/2025\/02\/img_1479-1-1024x768.jpg 1024w, https:\/\/www2.waldex.ch\/wordpress\/wp-content\/uploads\/2025\/02\/img_1479-1-300x225.jpg 300w, https:\/\/www2.waldex.ch\/wordpress\/wp-content\/uploads\/2025\/02\/img_1479-1-768x576.jpg 768w, https:\/\/www2.waldex.ch\/wordpress\/wp-content\/uploads\/2025\/02\/img_1479-1-1536x1152.jpg 1536w, https:\/\/www2.waldex.ch\/wordpress\/wp-content\/uploads\/2025\/02\/img_1479-1.jpg 2000w\" sizes=\"auto, (max-width: 767px) 89vw, (max-width: 1000px) 54vw, (max-width: 1071px) 543px, 580px\" \/><figcaption class=\"wp-element-caption\">Wieder eine Probeaufstellung<\/figcaption><\/figure>\n\n\n\n<figure class=\"wp-block-image size-large\"><img loading=\"lazy\" decoding=\"async\" width=\"1024\" height=\"768\" src=\"https:\/\/www2.waldex.ch\/wordpress\/wp-content\/uploads\/2025\/02\/img_1480-1-1024x768.jpg\" alt=\"\" class=\"wp-image-17221\" srcset=\"https:\/\/www2.waldex.ch\/wordpress\/wp-content\/uploads\/2025\/02\/img_1480-1-1024x768.jpg 1024w, https:\/\/www2.waldex.ch\/wordpress\/wp-content\/uploads\/2025\/02\/img_1480-1-300x225.jpg 300w, https:\/\/www2.waldex.ch\/wordpress\/wp-content\/uploads\/2025\/02\/img_1480-1-768x576.jpg 768w, https:\/\/www2.waldex.ch\/wordpress\/wp-content\/uploads\/2025\/02\/img_1480-1-1536x1152.jpg 1536w, https:\/\/www2.waldex.ch\/wordpress\/wp-content\/uploads\/2025\/02\/img_1480-1.jpg 2000w\" sizes=\"auto, (max-width: 767px) 89vw, (max-width: 1000px) 54vw, (max-width: 1071px) 543px, 580px\" \/><\/figure>\n\n\n\n<figure class=\"wp-block-image size-large\"><img loading=\"lazy\" decoding=\"async\" width=\"1024\" height=\"768\" src=\"https:\/\/www2.waldex.ch\/wordpress\/wp-content\/uploads\/2025\/02\/img_1481-1-1024x768.jpg\" alt=\"\" class=\"wp-image-17222\" srcset=\"https:\/\/www2.waldex.ch\/wordpress\/wp-content\/uploads\/2025\/02\/img_1481-1-1024x768.jpg 1024w, https:\/\/www2.waldex.ch\/wordpress\/wp-content\/uploads\/2025\/02\/img_1481-1-300x225.jpg 300w, https:\/\/www2.waldex.ch\/wordpress\/wp-content\/uploads\/2025\/02\/img_1481-1-768x576.jpg 768w, https:\/\/www2.waldex.ch\/wordpress\/wp-content\/uploads\/2025\/02\/img_1481-1-1536x1152.jpg 1536w, https:\/\/www2.waldex.ch\/wordpress\/wp-content\/uploads\/2025\/02\/img_1481-1.jpg 2000w\" sizes=\"auto, (max-width: 767px) 89vw, (max-width: 1000px) 54vw, (max-width: 1071px) 543px, 580px\" \/><figcaption class=\"wp-element-caption\">Schnittig in der Kurve <\/figcaption><\/figure>\n\n\n\n<figure class=\"wp-block-image size-large\"><img loading=\"lazy\" decoding=\"async\" width=\"1024\" height=\"768\" src=\"https:\/\/www2.waldex.ch\/wordpress\/wp-content\/uploads\/2025\/02\/img_1482-1-1024x768.jpg\" alt=\"\" class=\"wp-image-17223\" srcset=\"https:\/\/www2.waldex.ch\/wordpress\/wp-content\/uploads\/2025\/02\/img_1482-1-1024x768.jpg 1024w, https:\/\/www2.waldex.ch\/wordpress\/wp-content\/uploads\/2025\/02\/img_1482-1-300x225.jpg 300w, https:\/\/www2.waldex.ch\/wordpress\/wp-content\/uploads\/2025\/02\/img_1482-1-768x576.jpg 768w, https:\/\/www2.waldex.ch\/wordpress\/wp-content\/uploads\/2025\/02\/img_1482-1-1536x1152.jpg 1536w, https:\/\/www2.waldex.ch\/wordpress\/wp-content\/uploads\/2025\/02\/img_1482-1.jpg 2000w\" sizes=\"auto, (max-width: 767px) 89vw, (max-width: 1000px) 54vw, (max-width: 1071px) 543px, 580px\" \/><figcaption class=\"wp-element-caption\">So sieht dann die Elnfahrt in den Fiddleyard aus &#8211; die Gleise sind zum ersten Mal zusammengesteckt<\/figcaption><\/figure>\n\n\n\n<figure class=\"wp-block-image size-large\"><img loading=\"lazy\" decoding=\"async\" width=\"1024\" height=\"768\" src=\"https:\/\/www2.waldex.ch\/wordpress\/wp-content\/uploads\/2025\/02\/img_1484-1-1024x768.jpg\" alt=\"\" class=\"wp-image-17225\" srcset=\"https:\/\/www2.waldex.ch\/wordpress\/wp-content\/uploads\/2025\/02\/img_1484-1-1024x768.jpg 1024w, https:\/\/www2.waldex.ch\/wordpress\/wp-content\/uploads\/2025\/02\/img_1484-1-300x225.jpg 300w, https:\/\/www2.waldex.ch\/wordpress\/wp-content\/uploads\/2025\/02\/img_1484-1-768x576.jpg 768w, https:\/\/www2.waldex.ch\/wordpress\/wp-content\/uploads\/2025\/02\/img_1484-1-1536x1152.jpg 1536w, https:\/\/www2.waldex.ch\/wordpress\/wp-content\/uploads\/2025\/02\/img_1484-1.jpg 2000w\" sizes=\"auto, (max-width: 767px) 89vw, (max-width: 1000px) 54vw, (max-width: 1071px) 543px, 580px\" \/><\/figure>\n\n\n\n<figure class=\"wp-block-image size-large\"><img loading=\"lazy\" decoding=\"async\" width=\"768\" height=\"1024\" src=\"https:\/\/www2.waldex.ch\/wordpress\/wp-content\/uploads\/2025\/02\/img_1485-1-768x1024.jpg\" alt=\"\" class=\"wp-image-17226\" srcset=\"https:\/\/www2.waldex.ch\/wordpress\/wp-content\/uploads\/2025\/02\/img_1485-1-768x1024.jpg 768w, https:\/\/www2.waldex.ch\/wordpress\/wp-content\/uploads\/2025\/02\/img_1485-1-225x300.jpg 225w, https:\/\/www2.waldex.ch\/wordpress\/wp-content\/uploads\/2025\/02\/img_1485-1-1152x1536.jpg 1152w, https:\/\/www2.waldex.ch\/wordpress\/wp-content\/uploads\/2025\/02\/img_1485-1.jpg 1500w\" sizes=\"auto, (max-width: 767px) 89vw, (max-width: 1000px) 54vw, (max-width: 1071px) 543px, 580px\" \/><figcaption class=\"wp-element-caption\">Sch\u00f6nes Bild mit Hintergrund auf der Klapp-Br\u00fccke <\/figcaption><\/figure>\n\n\n\n<figure class=\"wp-block-image size-large\"><img loading=\"lazy\" decoding=\"async\" width=\"768\" height=\"1024\" src=\"https:\/\/www2.waldex.ch\/wordpress\/wp-content\/uploads\/2025\/02\/img_1486-1-768x1024.jpg\" alt=\"\" class=\"wp-image-17227\" srcset=\"https:\/\/www2.waldex.ch\/wordpress\/wp-content\/uploads\/2025\/02\/img_1486-1-768x1024.jpg 768w, https:\/\/www2.waldex.ch\/wordpress\/wp-content\/uploads\/2025\/02\/img_1486-1-225x300.jpg 225w, https:\/\/www2.waldex.ch\/wordpress\/wp-content\/uploads\/2025\/02\/img_1486-1-1152x1536.jpg 1152w, https:\/\/www2.waldex.ch\/wordpress\/wp-content\/uploads\/2025\/02\/img_1486-1.jpg 1500w\" sizes=\"auto, (max-width: 767px) 89vw, (max-width: 1000px) 54vw, (max-width: 1071px) 543px, 580px\" \/><figcaption class=\"wp-element-caption\">Gr\u00f6sster Radius aus dem K-Gleisprogramm (2274) &#8211; lange Wagen h\u00e4ngen dennoch \u00fcbers Gleis raus<\/figcaption><\/figure>\n\n\n\n<figure class=\"wp-block-image size-large\"><img loading=\"lazy\" decoding=\"async\" width=\"768\" height=\"1024\" src=\"https:\/\/www2.waldex.ch\/wordpress\/wp-content\/uploads\/2025\/02\/img_1487-1-768x1024.jpg\" alt=\"\" class=\"wp-image-17228\" srcset=\"https:\/\/www2.waldex.ch\/wordpress\/wp-content\/uploads\/2025\/02\/img_1487-1-768x1024.jpg 768w, https:\/\/www2.waldex.ch\/wordpress\/wp-content\/uploads\/2025\/02\/img_1487-1-225x300.jpg 225w, https:\/\/www2.waldex.ch\/wordpress\/wp-content\/uploads\/2025\/02\/img_1487-1-1152x1536.jpg 1152w, https:\/\/www2.waldex.ch\/wordpress\/wp-content\/uploads\/2025\/02\/img_1487-1.jpg 1500w\" sizes=\"auto, (max-width: 767px) 89vw, (max-width: 1000px) 54vw, (max-width: 1071px) 543px, 580px\" \/><figcaption class=\"wp-element-caption\">Geht mit dem Lichtraumprofil im Gleisdreieck zum Schattenbahnhof<\/figcaption><\/figure>\n\n\n\n<figure class=\"wp-block-image size-large\"><img loading=\"lazy\" decoding=\"async\" width=\"1024\" height=\"768\" src=\"http:\/\/www2.waldex.ch\/wordpress\/wp-content\/uploads\/2025\/08\/IMG_1491-1024x768.jpg\" alt=\"\" class=\"wp-image-17234\" srcset=\"https:\/\/www2.waldex.ch\/wordpress\/wp-content\/uploads\/2025\/08\/IMG_1491-1024x768.jpg 1024w, https:\/\/www2.waldex.ch\/wordpress\/wp-content\/uploads\/2025\/08\/IMG_1491-300x225.jpg 300w, https:\/\/www2.waldex.ch\/wordpress\/wp-content\/uploads\/2025\/08\/IMG_1491-768x576.jpg 768w, https:\/\/www2.waldex.ch\/wordpress\/wp-content\/uploads\/2025\/08\/IMG_1491-1536x1152.jpg 1536w, https:\/\/www2.waldex.ch\/wordpress\/wp-content\/uploads\/2025\/08\/IMG_1491-2048x1536.jpg 2048w\" sizes=\"auto, (max-width: 767px) 89vw, (max-width: 1000px) 54vw, (max-width: 1071px) 543px, 580px\" \/><figcaption class=\"wp-element-caption\">Der T\u00fcrschalter unterbricht den Strom vor und auf der Klappbr\u00fccke beim \u00f6ffnen<\/figcaption><\/figure>\n\n\n\n<figure class=\"wp-block-image size-large\"><img loading=\"lazy\" decoding=\"async\" width=\"1024\" height=\"768\" src=\"http:\/\/www2.waldex.ch\/wordpress\/wp-content\/uploads\/2025\/08\/IMG_1778-1024x768.jpg\" alt=\"\" class=\"wp-image-17238\" srcset=\"https:\/\/www2.waldex.ch\/wordpress\/wp-content\/uploads\/2025\/08\/IMG_1778-1024x768.jpg 1024w, https:\/\/www2.waldex.ch\/wordpress\/wp-content\/uploads\/2025\/08\/IMG_1778-300x225.jpg 300w, https:\/\/www2.waldex.ch\/wordpress\/wp-content\/uploads\/2025\/08\/IMG_1778-768x576.jpg 768w, https:\/\/www2.waldex.ch\/wordpress\/wp-content\/uploads\/2025\/08\/IMG_1778-1536x1152.jpg 1536w, https:\/\/www2.waldex.ch\/wordpress\/wp-content\/uploads\/2025\/08\/IMG_1778-2048x1536.jpg 2048w\" sizes=\"auto, (max-width: 767px) 89vw, (max-width: 1000px) 54vw, (max-width: 1071px) 543px, 580px\" \/><\/figure>\n\n\n\n<figure class=\"wp-block-image size-large\"><img loading=\"lazy\" decoding=\"async\" width=\"768\" height=\"1024\" src=\"http:\/\/www2.waldex.ch\/wordpress\/wp-content\/uploads\/2025\/08\/IMG_1496-768x1024.jpg\" alt=\"\" class=\"wp-image-17236\" srcset=\"https:\/\/www2.waldex.ch\/wordpress\/wp-content\/uploads\/2025\/08\/IMG_1496-768x1024.jpg 768w, https:\/\/www2.waldex.ch\/wordpress\/wp-content\/uploads\/2025\/08\/IMG_1496-225x300.jpg 225w, https:\/\/www2.waldex.ch\/wordpress\/wp-content\/uploads\/2025\/08\/IMG_1496-1152x1536.jpg 1152w, https:\/\/www2.waldex.ch\/wordpress\/wp-content\/uploads\/2025\/08\/IMG_1496-1536x2048.jpg 1536w, https:\/\/www2.waldex.ch\/wordpress\/wp-content\/uploads\/2025\/08\/IMG_1496-scaled.jpg 1920w\" sizes=\"auto, (max-width: 767px) 89vw, (max-width: 1000px) 54vw, (max-width: 1071px) 543px, 580px\" \/><figcaption class=\"wp-element-caption\">Strom muss sein&#8230;<\/figcaption><\/figure>\n\n\n\n<figure class=\"wp-block-image size-large\"><img loading=\"lazy\" decoding=\"async\" width=\"768\" height=\"1024\" src=\"http:\/\/www2.waldex.ch\/wordpress\/wp-content\/uploads\/2025\/08\/IMG_1782-768x1024.jpg\" alt=\"\" class=\"wp-image-17239\" srcset=\"https:\/\/www2.waldex.ch\/wordpress\/wp-content\/uploads\/2025\/08\/IMG_1782-768x1024.jpg 768w, https:\/\/www2.waldex.ch\/wordpress\/wp-content\/uploads\/2025\/08\/IMG_1782-225x300.jpg 225w, https:\/\/www2.waldex.ch\/wordpress\/wp-content\/uploads\/2025\/08\/IMG_1782-1152x1536.jpg 1152w, https:\/\/www2.waldex.ch\/wordpress\/wp-content\/uploads\/2025\/08\/IMG_1782-1536x2048.jpg 1536w, https:\/\/www2.waldex.ch\/wordpress\/wp-content\/uploads\/2025\/08\/IMG_1782-scaled.jpg 1920w\" sizes=\"auto, (max-width: 767px) 89vw, (max-width: 1000px) 54vw, (max-width: 1071px) 543px, 580px\" \/><figcaption class=\"wp-element-caption\">Unter dem Schattenbahnhof ist  der  decoder, der de Weichen steuert<\/figcaption><\/figure>\n\n\n\n<figure class=\"wp-block-image size-large\"><img loading=\"lazy\" decoding=\"async\" width=\"1024\" height=\"768\" src=\"http:\/\/www2.waldex.ch\/wordpress\/wp-content\/uploads\/2025\/08\/IMG_1787-1024x768.jpg\" alt=\"\" class=\"wp-image-17240\" srcset=\"https:\/\/www2.waldex.ch\/wordpress\/wp-content\/uploads\/2025\/08\/IMG_1787-1024x768.jpg 1024w, https:\/\/www2.waldex.ch\/wordpress\/wp-content\/uploads\/2025\/08\/IMG_1787-300x225.jpg 300w, https:\/\/www2.waldex.ch\/wordpress\/wp-content\/uploads\/2025\/08\/IMG_1787-768x576.jpg 768w, https:\/\/www2.waldex.ch\/wordpress\/wp-content\/uploads\/2025\/08\/IMG_1787-1536x1152.jpg 1536w, https:\/\/www2.waldex.ch\/wordpress\/wp-content\/uploads\/2025\/08\/IMG_1787-2048x1536.jpg 2048w\" sizes=\"auto, (max-width: 767px) 89vw, (max-width: 1000px) 54vw, (max-width: 1071px) 543px, 580px\" \/><figcaption class=\"wp-element-caption\">&#8230;sieht schon komisch aus ohne Gleisdreieck?<\/figcaption><\/figure>\n\n\n\n<figure class=\"wp-block-image size-large is-resized\"><img loading=\"lazy\" decoding=\"async\" src=\"http:\/\/www2.waldex.ch\/wordpress\/wp-content\/uploads\/2025\/08\/IMG_1786-768x1024.jpg\" alt=\"\" class=\"wp-image-17241\" width=\"674\" height=\"898\" srcset=\"https:\/\/www2.waldex.ch\/wordpress\/wp-content\/uploads\/2025\/08\/IMG_1786-768x1024.jpg 768w, https:\/\/www2.waldex.ch\/wordpress\/wp-content\/uploads\/2025\/08\/IMG_1786-225x300.jpg 225w, https:\/\/www2.waldex.ch\/wordpress\/wp-content\/uploads\/2025\/08\/IMG_1786-1152x1536.jpg 1152w, https:\/\/www2.waldex.ch\/wordpress\/wp-content\/uploads\/2025\/08\/IMG_1786-1536x2048.jpg 1536w, https:\/\/www2.waldex.ch\/wordpress\/wp-content\/uploads\/2025\/08\/IMG_1786-scaled.jpg 1920w\" sizes=\"auto, (max-width: 674px) 100vw, 674px\" \/><figcaption class=\"wp-element-caption\">Die Zufahrt zur Klappbr\u00fccke, also ein Teil des Gleisdreiecks, kann einfach am Beschlag  abgeh\u00e4ngt werden.<\/figcaption><\/figure>\n\n\n\n<figure class=\"wp-block-image size-large\"><img loading=\"lazy\" decoding=\"async\" width=\"1024\" height=\"768\" src=\"http:\/\/www2.waldex.ch\/wordpress\/wp-content\/uploads\/2025\/08\/IMG_1790-1024x768.jpg\" alt=\"\" class=\"wp-image-17242\" srcset=\"https:\/\/www2.waldex.ch\/wordpress\/wp-content\/uploads\/2025\/08\/IMG_1790-1024x768.jpg 1024w, https:\/\/www2.waldex.ch\/wordpress\/wp-content\/uploads\/2025\/08\/IMG_1790-300x225.jpg 300w, https:\/\/www2.waldex.ch\/wordpress\/wp-content\/uploads\/2025\/08\/IMG_1790-768x576.jpg 768w, https:\/\/www2.waldex.ch\/wordpress\/wp-content\/uploads\/2025\/08\/IMG_1790-1536x1152.jpg 1536w, https:\/\/www2.waldex.ch\/wordpress\/wp-content\/uploads\/2025\/08\/IMG_1790-2048x1536.jpg 2048w\" sizes=\"auto, (max-width: 767px) 89vw, (max-width: 1000px) 54vw, (max-width: 1071px) 543px, 580px\" \/><figcaption class=\"wp-element-caption\">Das Gleis muss zentriert werden &#8211; durch  die Trasse<\/figcaption><\/figure>\n\n\n\n<figure class=\"wp-block-image size-large\"><img loading=\"lazy\" decoding=\"async\" width=\"768\" height=\"1024\" src=\"http:\/\/www2.waldex.ch\/wordpress\/wp-content\/uploads\/2025\/08\/IMG_1848-768x1024.jpg\" alt=\"\" class=\"wp-image-17244\" srcset=\"https:\/\/www2.waldex.ch\/wordpress\/wp-content\/uploads\/2025\/08\/IMG_1848-768x1024.jpg 768w, https:\/\/www2.waldex.ch\/wordpress\/wp-content\/uploads\/2025\/08\/IMG_1848-225x300.jpg 225w, https:\/\/www2.waldex.ch\/wordpress\/wp-content\/uploads\/2025\/08\/IMG_1848-1152x1536.jpg 1152w, https:\/\/www2.waldex.ch\/wordpress\/wp-content\/uploads\/2025\/08\/IMG_1848-1536x2048.jpg 1536w, https:\/\/www2.waldex.ch\/wordpress\/wp-content\/uploads\/2025\/08\/IMG_1848-scaled.jpg 1920w\" sizes=\"auto, (max-width: 767px) 89vw, (max-width: 1000px) 54vw, (max-width: 1071px) 543px, 580px\" \/><figcaption class=\"wp-element-caption\">Blick von  Br\u00fccke in den Fiddleyard<\/figcaption><\/figure>\n\n\n\n<figure class=\"wp-block-image size-large\"><img loading=\"lazy\" decoding=\"async\" width=\"1024\" height=\"768\" src=\"http:\/\/www2.waldex.ch\/wordpress\/wp-content\/uploads\/2025\/08\/IMG_1847-1024x768.jpg\" alt=\"\" class=\"wp-image-17243\" srcset=\"https:\/\/www2.waldex.ch\/wordpress\/wp-content\/uploads\/2025\/08\/IMG_1847-1024x768.jpg 1024w, https:\/\/www2.waldex.ch\/wordpress\/wp-content\/uploads\/2025\/08\/IMG_1847-300x225.jpg 300w, https:\/\/www2.waldex.ch\/wordpress\/wp-content\/uploads\/2025\/08\/IMG_1847-768x576.jpg 768w, https:\/\/www2.waldex.ch\/wordpress\/wp-content\/uploads\/2025\/08\/IMG_1847-1536x1152.jpg 1536w, https:\/\/www2.waldex.ch\/wordpress\/wp-content\/uploads\/2025\/08\/IMG_1847-2048x1536.jpg 2048w\" sizes=\"auto, (max-width: 767px) 89vw, (max-width: 1000px) 54vw, (max-width: 1071px) 543px, 580px\" \/><figcaption class=\"wp-element-caption\">Der alte &#8222;Fiddie&#8220; neu  in Betrieb<\/figcaption><\/figure>\n\n\n\n<figure class=\"wp-block-image size-large\"><img loading=\"lazy\" decoding=\"async\" width=\"768\" height=\"1024\" src=\"http:\/\/www2.waldex.ch\/wordpress\/wp-content\/uploads\/2025\/08\/IMG_1913-768x1024.jpg\" alt=\"\" class=\"wp-image-17250\" srcset=\"https:\/\/www2.waldex.ch\/wordpress\/wp-content\/uploads\/2025\/08\/IMG_1913-768x1024.jpg 768w, https:\/\/www2.waldex.ch\/wordpress\/wp-content\/uploads\/2025\/08\/IMG_1913-225x300.jpg 225w, https:\/\/www2.waldex.ch\/wordpress\/wp-content\/uploads\/2025\/08\/IMG_1913-1152x1536.jpg 1152w, https:\/\/www2.waldex.ch\/wordpress\/wp-content\/uploads\/2025\/08\/IMG_1913-1536x2048.jpg 1536w, https:\/\/www2.waldex.ch\/wordpress\/wp-content\/uploads\/2025\/08\/IMG_1913-scaled.jpg 1920w\" sizes=\"auto, (max-width: 767px) 89vw, (max-width: 1000px) 54vw, (max-width: 1071px) 543px, 580px\" \/><figcaption class=\"wp-element-caption\">Von der Br\u00fccke zum Gleisdreieck<\/figcaption><\/figure>\n\n\n\n\n\n<figure class=\"wp-block-image size-large\"><img loading=\"lazy\" decoding=\"async\" width=\"1024\" height=\"768\" src=\"http:\/\/www2.waldex.ch\/wordpress\/wp-content\/uploads\/2025\/08\/IMG_1915-1024x768.jpg\" alt=\"\" class=\"wp-image-17251\" srcset=\"https:\/\/www2.waldex.ch\/wordpress\/wp-content\/uploads\/2025\/08\/IMG_1915-1024x768.jpg 1024w, https:\/\/www2.waldex.ch\/wordpress\/wp-content\/uploads\/2025\/08\/IMG_1915-300x225.jpg 300w, https:\/\/www2.waldex.ch\/wordpress\/wp-content\/uploads\/2025\/08\/IMG_1915-768x576.jpg 768w, https:\/\/www2.waldex.ch\/wordpress\/wp-content\/uploads\/2025\/08\/IMG_1915-1536x1152.jpg 1536w, https:\/\/www2.waldex.ch\/wordpress\/wp-content\/uploads\/2025\/08\/IMG_1915-2048x1536.jpg 2048w\" sizes=\"auto, (max-width: 767px) 89vw, (max-width: 1000px) 54vw, (max-width: 1071px) 543px, 580px\" \/><figcaption class=\"wp-element-caption\">Ein Absturzschutz beruhigt&#8230;zum Gl\u00fcck nie n\u00f6tig gewesen bis jetzt<\/figcaption><\/figure>\n\n\n\n<figure class=\"wp-block-image size-large is-resized\"><img loading=\"lazy\" decoding=\"async\" src=\"http:\/\/www2.waldex.ch\/wordpress\/wp-content\/uploads\/2025\/08\/IMG_1917-768x1024.jpg\" alt=\"\" class=\"wp-image-17252\" width=\"674\" height=\"898\" srcset=\"https:\/\/www2.waldex.ch\/wordpress\/wp-content\/uploads\/2025\/08\/IMG_1917-768x1024.jpg 768w, https:\/\/www2.waldex.ch\/wordpress\/wp-content\/uploads\/2025\/08\/IMG_1917-225x300.jpg 225w, https:\/\/www2.waldex.ch\/wordpress\/wp-content\/uploads\/2025\/08\/IMG_1917-1152x1536.jpg 1152w, https:\/\/www2.waldex.ch\/wordpress\/wp-content\/uploads\/2025\/08\/IMG_1917-1536x2048.jpg 1536w, https:\/\/www2.waldex.ch\/wordpress\/wp-content\/uploads\/2025\/08\/IMG_1917-scaled.jpg 1920w\" sizes=\"auto, (max-width: 674px) 100vw, 674px\" \/><figcaption class=\"wp-element-caption\">Einfahrt \u00fcber  die Klappbr\u00fccke in den Fiddleyard<\/figcaption><\/figure>\n\n\n\n<figure class=\"wp-block-image size-large\"><img loading=\"lazy\" decoding=\"async\" width=\"1024\" height=\"768\" src=\"http:\/\/www2.waldex.ch\/wordpress\/wp-content\/uploads\/2025\/08\/IMG_1849-1024x768.jpg\" alt=\"\" class=\"wp-image-17245\" srcset=\"https:\/\/www2.waldex.ch\/wordpress\/wp-content\/uploads\/2025\/08\/IMG_1849-1024x768.jpg 1024w, https:\/\/www2.waldex.ch\/wordpress\/wp-content\/uploads\/2025\/08\/IMG_1849-300x225.jpg 300w, https:\/\/www2.waldex.ch\/wordpress\/wp-content\/uploads\/2025\/08\/IMG_1849-768x576.jpg 768w, https:\/\/www2.waldex.ch\/wordpress\/wp-content\/uploads\/2025\/08\/IMG_1849-1536x1152.jpg 1536w, https:\/\/www2.waldex.ch\/wordpress\/wp-content\/uploads\/2025\/08\/IMG_1849-2048x1536.jpg 2048w\" sizes=\"auto, (max-width: 767px) 89vw, (max-width: 1000px) 54vw, (max-width: 1071px) 543px, 580px\" \/><\/figure>\n\n\n\n<figure class=\"wp-block-image size-large\"><img loading=\"lazy\" decoding=\"async\" width=\"1024\" height=\"768\" src=\"http:\/\/www2.waldex.ch\/wordpress\/wp-content\/uploads\/2025\/08\/IMG_1850-1-1024x768.jpg\" alt=\"\" class=\"wp-image-17247\" srcset=\"https:\/\/www2.waldex.ch\/wordpress\/wp-content\/uploads\/2025\/08\/IMG_1850-1-1024x768.jpg 1024w, https:\/\/www2.waldex.ch\/wordpress\/wp-content\/uploads\/2025\/08\/IMG_1850-1-300x225.jpg 300w, https:\/\/www2.waldex.ch\/wordpress\/wp-content\/uploads\/2025\/08\/IMG_1850-1-768x576.jpg 768w, https:\/\/www2.waldex.ch\/wordpress\/wp-content\/uploads\/2025\/08\/IMG_1850-1-1536x1152.jpg 1536w, https:\/\/www2.waldex.ch\/wordpress\/wp-content\/uploads\/2025\/08\/IMG_1850-1-2048x1536.jpg 2048w\" sizes=\"auto, (max-width: 767px) 89vw, (max-width: 1000px) 54vw, (max-width: 1071px) 543px, 580px\" \/><\/figure>\n\n\n\n<figure class=\"wp-block-image size-large\"><img loading=\"lazy\" decoding=\"async\" width=\"1024\" height=\"768\" src=\"http:\/\/www2.waldex.ch\/wordpress\/wp-content\/uploads\/2025\/08\/IMG_1861-1024x768.jpg\" alt=\"\" class=\"wp-image-17248\" srcset=\"https:\/\/www2.waldex.ch\/wordpress\/wp-content\/uploads\/2025\/08\/IMG_1861-1024x768.jpg 1024w, https:\/\/www2.waldex.ch\/wordpress\/wp-content\/uploads\/2025\/08\/IMG_1861-300x225.jpg 300w, https:\/\/www2.waldex.ch\/wordpress\/wp-content\/uploads\/2025\/08\/IMG_1861-768x576.jpg 768w, https:\/\/www2.waldex.ch\/wordpress\/wp-content\/uploads\/2025\/08\/IMG_1861-1536x1152.jpg 1536w, https:\/\/www2.waldex.ch\/wordpress\/wp-content\/uploads\/2025\/08\/IMG_1861-2048x1536.jpg 2048w\" sizes=\"auto, (max-width: 767px) 89vw, (max-width: 1000px) 54vw, (max-width: 1071px) 543px, 580px\" \/><figcaption class=\"wp-element-caption\">Dar\u00fcber ist alles beim Alten&#8230;.die Kiddies wollten mit ihren Z\u00fcgen gleich losfahren&#8230;.<\/figcaption><\/figure>\n\n\n\n<figure class=\"wp-block-image size-large\"><img loading=\"lazy\" decoding=\"async\" width=\"768\" height=\"1024\" src=\"https:\/\/www2.waldex.ch\/wordpress\/wp-content\/uploads\/2025\/08\/IMG_1916-768x1024.jpg\" alt=\"\" class=\"wp-image-17260\" srcset=\"https:\/\/www2.waldex.ch\/wordpress\/wp-content\/uploads\/2025\/08\/IMG_1916-768x1024.jpg 768w, https:\/\/www2.waldex.ch\/wordpress\/wp-content\/uploads\/2025\/08\/IMG_1916-225x300.jpg 225w, https:\/\/www2.waldex.ch\/wordpress\/wp-content\/uploads\/2025\/08\/IMG_1916-1152x1536.jpg 1152w, https:\/\/www2.waldex.ch\/wordpress\/wp-content\/uploads\/2025\/08\/IMG_1916-1536x2048.jpg 1536w, https:\/\/www2.waldex.ch\/wordpress\/wp-content\/uploads\/2025\/08\/IMG_1916-scaled.jpg 1920w\" sizes=\"auto, (max-width: 767px) 89vw, (max-width: 1000px) 54vw, (max-width: 1071px) 543px, 580px\" \/><figcaption class=\"wp-element-caption\">Die ge\u00f6ffnete Klappbr\u00fccke erm\u00f6glicht den Durchgang in den Hobbyraum<\/figcaption><\/figure>\n\n\n\n<figure class=\"wp-block-image size-large\"><img loading=\"lazy\" decoding=\"async\" width=\"1024\" height=\"768\" src=\"https:\/\/www2.waldex.ch\/wordpress\/wp-content\/uploads\/2025\/08\/IMG_2465-1024x768.jpg\" alt=\"\" class=\"wp-image-17285\" srcset=\"https:\/\/www2.waldex.ch\/wordpress\/wp-content\/uploads\/2025\/08\/IMG_2465-1024x768.jpg 1024w, https:\/\/www2.waldex.ch\/wordpress\/wp-content\/uploads\/2025\/08\/IMG_2465-300x225.jpg 300w, https:\/\/www2.waldex.ch\/wordpress\/wp-content\/uploads\/2025\/08\/IMG_2465-768x576.jpg 768w, https:\/\/www2.waldex.ch\/wordpress\/wp-content\/uploads\/2025\/08\/IMG_2465-1536x1152.jpg 1536w, https:\/\/www2.waldex.ch\/wordpress\/wp-content\/uploads\/2025\/08\/IMG_2465-2048x1536.jpg 2048w\" sizes=\"auto, (max-width: 767px) 89vw, (max-width: 1000px) 54vw, (max-width: 1071px) 543px, 580px\" \/><figcaption class=\"wp-element-caption\">&#8230;.und f\u00fcr k\u00fcnftige Bauphasen einige Weichendecoder zusammengel\u00f6stet&#8230;.<\/figcaption><\/figure>\n","protected":false},"excerpt":{"rendered":"<p>Fast 15 Jahre lang war mein Abstellbahnhof \u201eHerdern\u201c unber\u00fchrt hochkant an der Wand unter den Modulen gelagert. Nun kommen bald neue Z\u00fcge (M\u00e4rklin Giruno aus der Reperatur, Roco Twindexx) und bestehende in der Schachtel m\u00f6chten auch mal wieder fahren (ICE1, ICE3, etc). Der Platz ist eng. Dennoch passt der Fiddy unter die Module: Nur wenige &hellip; <\/p>\n<p class=\"link-more\"><a href=\"https:\/\/www2.waldex.ch\/wordpress\/?p=17143\" class=\"more-link\"><span class=\"screen-reader-text\">&#8222;Alter Fiddle Yard mit neuer Zufahrt (Gleisdreieck und Klappbr\u00fccke)&#8220;<\/span> weiterlesen<\/a><\/p>\n","protected":false},"author":250,"featured_media":17243,"comment_status":"closed","ping_status":"open","sticky":false,"template":"","format":"standard","meta":{"ngg_post_thumbnail":0,"footnotes":""},"categories":[8],"tags":[],"class_list":["post-17143","post","type-post","status-publish","format-standard","has-post-thumbnail","hentry","category-build"],"_links":{"self":[{"href":"https:\/\/www2.waldex.ch\/wordpress\/index.php?rest_route=\/wp\/v2\/posts\/17143","targetHints":{"allow":["GET"]}}],"collection":[{"href":"https:\/\/www2.waldex.ch\/wordpress\/index.php?rest_route=\/wp\/v2\/posts"}],"about":[{"href":"https:\/\/www2.waldex.ch\/wordpress\/index.php?rest_route=\/wp\/v2\/types\/post"}],"author":[{"embeddable":true,"href":"https:\/\/www2.waldex.ch\/wordpress\/index.php?rest_route=\/wp\/v2\/users\/250"}],"replies":[{"embeddable":true,"href":"https:\/\/www2.waldex.ch\/wordpress\/index.php?rest_route=%2Fwp%2Fv2%2Fcomments&post=17143"}],"version-history":[{"count":0,"href":"https:\/\/www2.waldex.ch\/wordpress\/index.php?rest_route=\/wp\/v2\/posts\/17143\/revisions"}],"wp:featuredmedia":[{"embeddable":true,"href":"https:\/\/www2.waldex.ch\/wordpress\/index.php?rest_route=\/wp\/v2\/media\/17243"}],"wp:attachment":[{"href":"https:\/\/www2.waldex.ch\/wordpress\/index.php?rest_route=%2Fwp%2Fv2%2Fmedia&parent=17143"}],"wp:term":[{"taxonomy":"category","embeddable":true,"href":"https:\/\/www2.waldex.ch\/wordpress\/index.php?rest_route=%2Fwp%2Fv2%2Fcategories&post=17143"},{"taxonomy":"post_tag","embeddable":true,"href":"https:\/\/www2.waldex.ch\/wordpress\/index.php?rest_route=%2Fwp%2Fv2%2Ftags&post=17143"}],"curies":[{"name":"wp","href":"https:\/\/api.w.org\/{rel}","templated":true}]}}