







































































































































































































































































{"id":15323,"date":"2024-01-29T22:06:07","date_gmt":"2024-01-29T21:06:07","guid":{"rendered":"https:\/\/www2.waldex.ch\/wordpress\/?p=15323"},"modified":"2024-02-13T12:42:03","modified_gmt":"2024-02-13T11:42:03","slug":"danke-liebe-falle","status":"publish","type":"post","link":"https:\/\/www2.waldex.ch\/wordpress\/?p=15323","title":{"rendered":"Danke, liebe Faller!!"},"content":{"rendered":"\n<p>Mein 3-1 Akku-Kombiger\u00e4t von Faller ist langsam &#8222;durch&#8220;. Was heisst das? Der L\u00f6tkolben korrodiert und verascht (obwohl immer in L\u00f6tfett und gereinigt), die Styorpor-S\u00e4gen verbogen und verharzt. Nur der Heisstrahler f\u00fcr die Schrumpfschl\u00e4uche war noch gut.<\/p>\n\n\n\n<figure class=\"wp-block-image size-large is-resized\"><img loading=\"lazy\" decoding=\"async\" width=\"750\" height=\"1000\" src=\"https:\/\/www2.waldex.ch\/wordpress\/wp-content\/uploads\/2024\/01\/image-5-edited.jpg\" alt=\"\" class=\"wp-image-15327\" style=\"width:674px;height:898px\" srcset=\"https:\/\/www2.waldex.ch\/wordpress\/wp-content\/uploads\/2024\/01\/image-5-edited.jpg 750w, https:\/\/www2.waldex.ch\/wordpress\/wp-content\/uploads\/2024\/01\/image-5-edited-225x300.jpg 225w\" sizes=\"auto, (max-width: 706px) 89vw, (max-width: 767px) 82vw, 740px\" \/><figcaption class=\"wp-element-caption\">Foto von der Schachtel<\/figcaption><\/figure>\n\n\n\n<figure class=\"wp-block-image size-large\"><img loading=\"lazy\" decoding=\"async\" width=\"1000\" height=\"1333\" src=\"https:\/\/www2.waldex.ch\/wordpress\/wp-content\/uploads\/2024\/01\/image-1-1-edited.jpg\" alt=\"\" class=\"wp-image-15329\" srcset=\"https:\/\/www2.waldex.ch\/wordpress\/wp-content\/uploads\/2024\/01\/image-1-1-edited.jpg 1000w, https:\/\/www2.waldex.ch\/wordpress\/wp-content\/uploads\/2024\/01\/image-1-1-edited-225x300.jpg 225w, https:\/\/www2.waldex.ch\/wordpress\/wp-content\/uploads\/2024\/01\/image-1-1-edited-768x1024.jpg 768w\" sizes=\"auto, (max-width: 767px) 89vw, (max-width: 1000px) 54vw, (max-width: 1071px) 543px, 580px\" \/><figcaption class=\"wp-element-caption\">Die R\u00fcckseite sagt, was das Tool alles kann!<\/figcaption><\/figure>\n\n\n\n<p>Man arbeitet und beim Hobeln fallen bekanntlich Sp\u00e4ne \ud83d\ude42 Abnutzung macht sich breit. Ein super Werkzeug, alles in einem Kompakt, aber wohl ist das nur f\u00fcr punktuelle Arbeiten gedacht und nicht zur permanenten Nutzung beim Bau einer Grossanlage?<\/p>\n\n\n\n<figure class=\"wp-block-image size-large is-resized\"><img loading=\"lazy\" decoding=\"async\" width=\"768\" height=\"1024\" src=\"https:\/\/www2.waldex.ch\/wordpress\/wp-content\/uploads\/2024\/01\/image-2-1-768x1024.jpg\" alt=\"\" class=\"wp-image-15321\" style=\"width:674px;height:898px\" srcset=\"https:\/\/www2.waldex.ch\/wordpress\/wp-content\/uploads\/2024\/01\/image-2-1-768x1024.jpg 768w, https:\/\/www2.waldex.ch\/wordpress\/wp-content\/uploads\/2024\/01\/image-2-1-225x300.jpg 225w, https:\/\/www2.waldex.ch\/wordpress\/wp-content\/uploads\/2024\/01\/image-2-1-1152x1536.jpg 1152w, https:\/\/www2.waldex.ch\/wordpress\/wp-content\/uploads\/2024\/01\/image-2-1.jpg 1500w\" sizes=\"auto, (max-width: 767px) 89vw, (max-width: 1000px) 54vw, (max-width: 1071px) 543px, 580px\" \/><figcaption class=\"wp-element-caption\">Recht benutzt aber das sieht man der Packung nicht an<\/figcaption><\/figure>\n\n\n\n<p>Nuja, da die Aufs\u00e4tze langsam durch waren, habe ich mal bei Faller scheu nachgefragt, ob es Ersatzteile k\u00e4uflich zu erwerben gebe. Ich wurde relativ schnell abgewiesen: Das Produkt werde nicht mehr verkauft.<\/p>\n\n\n\n<p>Habe dann nachgefragt, ob man das Produkt auch \u00fcber die Verkaufslebensdauer hinaus nutzen k\u00f6nnte? F\u00fcr eine Einmalnutzung sei der Artikel schon etwas teuer? Ob der sehr geehrte Herr\/Frau Supporter (Bei Faller wird kein Name genannt&#8230;) so gut w\u00e4re und mal intern nachfragen k\u00f6nnte&#8230;.irgendjemand hatte ja diese mal eingekauft, &#8222;Faller&#8220; draufschreiben lassen und sie den Kunden abgesetzt. Ich gehe mal davon aus, dass Faller dieses Werkzeug (im Gegensatz zu den Sprizlingen f\u00fcr H\u00e4user)  nicht selber herstellt.<\/p>\n\n\n\n<p>Dann war lange Stille -keine Antwort. Habe im Januar 2024 mal freundlich (und immernoch scheu :-)) nachgefragt. Keine Antwort erhalten aber eine Rechnung (s.u.) mit Kosten CHF (besser gesagt \u20ac) 0.00!!! Also tats\u00e4chlich hatten sie noch ein Produkt rumstehen und mir dies zugesandt. Hatte es auch heute  erhalten.<\/p>\n\n\n\n<p>DANKE Liebe Faller!!!!<\/p>\n\n\n\n<p>Auch gut: Antworten kamen relativ zeitnah (innerhalb von Stunden, nicht innerhalb von Monaten)<\/p>\n\n\n\n<figure class=\"wp-block-image size-large\"><img loading=\"lazy\" decoding=\"async\" width=\"724\" height=\"1024\" src=\"https:\/\/www2.waldex.ch\/wordpress\/wp-content\/uploads\/2024\/01\/Faller_Werkzeugtausch-724x1024.jpg\" alt=\"\" class=\"wp-image-15330\" srcset=\"https:\/\/www2.waldex.ch\/wordpress\/wp-content\/uploads\/2024\/01\/Faller_Werkzeugtausch-724x1024.jpg 724w, https:\/\/www2.waldex.ch\/wordpress\/wp-content\/uploads\/2024\/01\/Faller_Werkzeugtausch-212x300.jpg 212w, https:\/\/www2.waldex.ch\/wordpress\/wp-content\/uploads\/2024\/01\/Faller_Werkzeugtausch-768x1086.jpg 768w, https:\/\/www2.waldex.ch\/wordpress\/wp-content\/uploads\/2024\/01\/Faller_Werkzeugtausch-1087x1536.jpg 1087w, https:\/\/www2.waldex.ch\/wordpress\/wp-content\/uploads\/2024\/01\/Faller_Werkzeugtausch-1449x2048.jpg 1449w, https:\/\/www2.waldex.ch\/wordpress\/wp-content\/uploads\/2024\/01\/Faller_Werkzeugtausch.jpg 1654w\" sizes=\"auto, (max-width: 724px) 100vw, 724px\" \/><\/figure>\n\n\n\n<p>Sehr grossz\u00fcgig!! Und alles gut und recht. Aber was mache ich jetzt, wenn ich wieder Ersatzteile brauche?!? ich glaube, nochmals anfragen (in einigen Jahren) ist nicht so die orthodoxe Art&#8230;. (okok im Schwarzwald sind die wohl alle Katholiken weil es Luther nicht bis dorthin geschafft hatte? Aber lassen wir das &#8230;.)<\/p>\n\n\n\n<p>Also in der Not hilft Frau Google immer! Es gibt tats\u00e4chlich Werkzeuge mit demselben Bajonettverschluss von Toolcraft und anderen Herstellern. Onlineshops in Japan (sic!) und anderen asiatischen L\u00e4ndern bieten noch Ersatzteile an. Aber nicht nur die 3-in-1-Werkzeuge, wie Faller es hat sondern diverse andere auch noch. Beispielsweise Aufs\u00e4tze f\u00fcr Plastikreperaturen (was ich hoffentlich nie brauchen werde ;-))<\/p>\n\n\n\n<p>Wenn ich mal eine ruhige Minute habe (gibts das als Familienvater?), werde ich mal das eine oder andere bestellen. <\/p>\n\n\n\n<p>Somit ist Versorgung garantiert und das Bauen macht wieder Spass!<\/p>\n\n\n\n<h2 class=\"wp-block-heading\">Update: es geht  auch ohne Faller<\/h2>\n\n\n\n<p>Gl\u00fcck gehabt! Beim grossen C-Versand gibt\u2019s auch noch Ersatzteile\u2026 die haben perfekt verpasst und ich hab mir schon die Finger verbrannt<\/p>\n\n\n\n<figure class=\"wp-block-image size-large\"><img loading=\"lazy\" decoding=\"async\" width=\"1024\" height=\"768\" src=\"https:\/\/www2.waldex.ch\/wordpress\/wp-content\/uploads\/2024\/02\/img_1511-1024x768.jpg\" alt=\"\" class=\"wp-image-15365\" srcset=\"https:\/\/www2.waldex.ch\/wordpress\/wp-content\/uploads\/2024\/02\/img_1511-1024x768.jpg 1024w, https:\/\/www2.waldex.ch\/wordpress\/wp-content\/uploads\/2024\/02\/img_1511-300x225.jpg 300w, https:\/\/www2.waldex.ch\/wordpress\/wp-content\/uploads\/2024\/02\/img_1511-768x576.jpg 768w, https:\/\/www2.waldex.ch\/wordpress\/wp-content\/uploads\/2024\/02\/img_1511-1536x1152.jpg 1536w, https:\/\/www2.waldex.ch\/wordpress\/wp-content\/uploads\/2024\/02\/img_1511.jpg 2000w\" sizes=\"auto, (max-width: 767px) 89vw, (max-width: 1000px) 54vw, (max-width: 1071px) 543px, 580px\" \/><\/figure>\n","protected":false},"excerpt":{"rendered":"<p>Mein 3-1 Akku-Kombiger\u00e4t von Faller ist langsam &#8222;durch&#8220;. Was heisst das? Der L\u00f6tkolben korrodiert und verascht (obwohl immer in L\u00f6tfett und gereinigt), die Styorpor-S\u00e4gen verbogen und verharzt. Nur der Heisstrahler f\u00fcr die Schrumpfschl\u00e4uche war noch gut. Man arbeitet und beim Hobeln fallen bekanntlich Sp\u00e4ne \ud83d\ude42 Abnutzung macht sich breit. Ein super Werkzeug, alles in einem &hellip; <\/p>\n<p class=\"link-more\"><a href=\"https:\/\/www2.waldex.ch\/wordpress\/?p=15323\" class=\"more-link\"><span class=\"screen-reader-text\">&#8222;Danke, liebe Faller!!&#8220;<\/span> weiterlesen<\/a><\/p>\n","protected":false},"author":250,"featured_media":15322,"comment_status":"closed","ping_status":"open","sticky":false,"template":"","format":"standard","meta":{"ngg_post_thumbnail":0,"footnotes":""},"categories":[8],"tags":[],"class_list":["post-15323","post","type-post","status-publish","format-standard","has-post-thumbnail","hentry","category-build"],"_links":{"self":[{"href":"https:\/\/www2.waldex.ch\/wordpress\/index.php?rest_route=\/wp\/v2\/posts\/15323","targetHints":{"allow":["GET"]}}],"collection":[{"href":"https:\/\/www2.waldex.ch\/wordpress\/index.php?rest_route=\/wp\/v2\/posts"}],"about":[{"href":"https:\/\/www2.waldex.ch\/wordpress\/index.php?rest_route=\/wp\/v2\/types\/post"}],"author":[{"embeddable":true,"href":"https:\/\/www2.waldex.ch\/wordpress\/index.php?rest_route=\/wp\/v2\/users\/250"}],"replies":[{"embeddable":true,"href":"https:\/\/www2.waldex.ch\/wordpress\/index.php?rest_route=%2Fwp%2Fv2%2Fcomments&post=15323"}],"version-history":[{"count":0,"href":"https:\/\/www2.waldex.ch\/wordpress\/index.php?rest_route=\/wp\/v2\/posts\/15323\/revisions"}],"wp:featuredmedia":[{"embeddable":true,"href":"https:\/\/www2.waldex.ch\/wordpress\/index.php?rest_route=\/wp\/v2\/media\/15322"}],"wp:attachment":[{"href":"https:\/\/www2.waldex.ch\/wordpress\/index.php?rest_route=%2Fwp%2Fv2%2Fmedia&parent=15323"}],"wp:term":[{"taxonomy":"category","embeddable":true,"href":"https:\/\/www2.waldex.ch\/wordpress\/index.php?rest_route=%2Fwp%2Fv2%2Fcategories&post=15323"},{"taxonomy":"post_tag","embeddable":true,"href":"https:\/\/www2.waldex.ch\/wordpress\/index.php?rest_route=%2Fwp%2Fv2%2Ftags&post=15323"}],"curies":[{"name":"wp","href":"https:\/\/api.w.org\/{rel}","templated":true}]}}