







































































































































































































































































{"id":15310,"date":"2024-01-29T21:43:04","date_gmt":"2024-01-29T20:43:04","guid":{"rendered":"https:\/\/www2.waldex.ch\/wordpress\/?p=15310"},"modified":"2024-02-01T20:45:04","modified_gmt":"2024-02-01T19:45:04","slug":"wieder-einmal-kabeln-aber-wohin","status":"publish","type":"post","link":"https:\/\/www2.waldex.ch\/wordpress\/?p=15310","title":{"rendered":"Wieder einmal Kabeln. Aber wohin?"},"content":{"rendered":"\n<figure class=\"wp-block-image size-large\"><img loading=\"lazy\" decoding=\"async\" width=\"768\" height=\"1024\" src=\"https:\/\/www2.waldex.ch\/wordpress\/wp-content\/uploads\/2024\/01\/img_1146-768x1024.jpg\" alt=\"\" class=\"wp-image-15301\" srcset=\"https:\/\/www2.waldex.ch\/wordpress\/wp-content\/uploads\/2024\/01\/img_1146-768x1024.jpg 768w, https:\/\/www2.waldex.ch\/wordpress\/wp-content\/uploads\/2024\/01\/img_1146-225x300.jpg 225w, https:\/\/www2.waldex.ch\/wordpress\/wp-content\/uploads\/2024\/01\/img_1146-1152x1536.jpg 1152w, https:\/\/www2.waldex.ch\/wordpress\/wp-content\/uploads\/2024\/01\/img_1146.jpg 1500w\" sizes=\"auto, (max-width: 767px) 89vw, (max-width: 1000px) 54vw, (max-width: 1071px) 543px, 580px\" \/><figcaption class=\"wp-element-caption\">Das ist mein Arbeitsplatz: ein Heizl\u00fcfter gibt etwas W\u00e4rme im ungeheizten von Aussenluft durchzogenen R\u00e9duit. Ach ja&#8230;auf dem Liegewagen (f\u00fcr Automechaniker gedacht) die im Text beschriebene Tabelle. \u00c0 propos Autobedarf: Hatte letzthin einen St\u00e4nder f\u00fcr Spengler\/Lakierer gekauft. Perfekt, um mein Skigebiet draufzustellen! Der Autoindustrie sei Dank \ud83d\ude09<\/figcaption><\/figure>\n\n\n\n<p>Wohin mit den Kabeln?\u2026 Tja das ist eine gute Frage. S\u00e4mtliche Kontakte gehen irgendwann mal an einem Decoder S 88. Aber das ist noch nicht definiert. Muss auch noch nicht \ud83d\ude42 <\/p>\n\n\n\n<figure class=\"wp-block-image size-large\"><img loading=\"lazy\" decoding=\"async\" width=\"768\" height=\"1024\" src=\"https:\/\/www2.waldex.ch\/wordpress\/wp-content\/uploads\/2024\/01\/img_1147-768x1024.jpg\" alt=\"\" class=\"wp-image-15302\" srcset=\"https:\/\/www2.waldex.ch\/wordpress\/wp-content\/uploads\/2024\/01\/img_1147-768x1024.jpg 768w, https:\/\/www2.waldex.ch\/wordpress\/wp-content\/uploads\/2024\/01\/img_1147-225x300.jpg 225w, https:\/\/www2.waldex.ch\/wordpress\/wp-content\/uploads\/2024\/01\/img_1147-1152x1536.jpg 1152w, https:\/\/www2.waldex.ch\/wordpress\/wp-content\/uploads\/2024\/01\/img_1147.jpg 1500w\" sizes=\"auto, (max-width: 767px) 89vw, (max-width: 1000px) 54vw, (max-width: 1071px) 543px, 580px\" \/><figcaption class=\"wp-element-caption\">Nat\u00fcrlich ist jede Ader dokumentarisch festgehalten und jedes Kabel codiert. (&#8211;&gt; Tabelle auf der Rolliege meines Arbeitsplaztes, siehe oberstes Bild hier)<\/figcaption><\/figure>\n\n\n\n<p>Deshalb werden alle Kabel an eine alte Computer-Sub-D-Schnittstelle gef\u00fchrt. Und dort kann man mit handels\u00fcblichen alten Computerkabel irgendwo hin. Und an diesem irgendwo stehen dann diese S 88 nahe beieinander. Dies ist wichtig, weil ich zum Teil noch die alten Flachbandkabel habe, welche nur 6 V Spannung haben und nicht abgeschirmt sind (ok mit dem TAMS S88-Booster \u00fcbertakte ich aber meine Erfahrungen habe ich gemacht&#8230;m\u00f6glichst kurze Bus-Kabel. <\/p>\n\n\n\n<figure class=\"wp-block-image size-large\"><img loading=\"lazy\" decoding=\"async\" width=\"768\" height=\"1024\" src=\"https:\/\/www2.waldex.ch\/wordpress\/wp-content\/uploads\/2024\/01\/img_1149-768x1024.jpg\" alt=\"\" class=\"wp-image-15303\" srcset=\"https:\/\/www2.waldex.ch\/wordpress\/wp-content\/uploads\/2024\/01\/img_1149-768x1024.jpg 768w, https:\/\/www2.waldex.ch\/wordpress\/wp-content\/uploads\/2024\/01\/img_1149-225x300.jpg 225w, https:\/\/www2.waldex.ch\/wordpress\/wp-content\/uploads\/2024\/01\/img_1149-1152x1536.jpg 1152w, https:\/\/www2.waldex.ch\/wordpress\/wp-content\/uploads\/2024\/01\/img_1149.jpg 1500w\" sizes=\"auto, (max-width: 767px) 89vw, (max-width: 1000px) 54vw, (max-width: 1071px) 543px, 580px\" \/><figcaption class=\"wp-element-caption\">Erst mal alles angeschraubt. Gel\u00f6tet w\u00e4re wohl stabiler, deshalb haben die Kabel mit einer Kabelbinder eine kleine Zugentlastung, das sicher nichts aus den Schaub klemmen reisst<\/figcaption><\/figure>\n\n\n\n<figure class=\"wp-block-image size-large\"><img loading=\"lazy\" decoding=\"async\" width=\"768\" height=\"1024\" src=\"https:\/\/www2.waldex.ch\/wordpress\/wp-content\/uploads\/2024\/01\/img_1148-768x1024.jpg\" alt=\"\" class=\"wp-image-15304\" srcset=\"https:\/\/www2.waldex.ch\/wordpress\/wp-content\/uploads\/2024\/01\/img_1148-768x1024.jpg 768w, https:\/\/www2.waldex.ch\/wordpress\/wp-content\/uploads\/2024\/01\/img_1148-225x300.jpg 225w, https:\/\/www2.waldex.ch\/wordpress\/wp-content\/uploads\/2024\/01\/img_1148-1152x1536.jpg 1152w, https:\/\/www2.waldex.ch\/wordpress\/wp-content\/uploads\/2024\/01\/img_1148.jpg 1500w\" sizes=\"auto, (max-width: 767px) 89vw, (max-width: 1000px) 54vw, (max-width: 1071px) 543px, 580px\" \/><figcaption class=\"wp-element-caption\">Gearbeitet wird von unten\u2026<\/figcaption><\/figure>\n\n\n\n<p>Habe schon S88N im Einsatz aber Vorsicht ist die Mutter der Porzellankitse. Ausserdem habe ich nicht genug Platz f\u00fcr S88-Decoder. Im Gegensatz zuer alten Modulanlage weiss man bei den Segmenten, wie da die Reihenfolge ist. &#8222;Patchen&#8220; der R\u00fcckmeldekontakte ist somit einfacher. <\/p>\n\n\n\n<figure class=\"wp-block-image size-large\"><img loading=\"lazy\" decoding=\"async\" width=\"768\" height=\"1024\" src=\"https:\/\/www2.waldex.ch\/wordpress\/wp-content\/uploads\/2024\/01\/img_1150-768x1024.jpg\" alt=\"\" class=\"wp-image-15305\" srcset=\"https:\/\/www2.waldex.ch\/wordpress\/wp-content\/uploads\/2024\/01\/img_1150-768x1024.jpg 768w, https:\/\/www2.waldex.ch\/wordpress\/wp-content\/uploads\/2024\/01\/img_1150-225x300.jpg 225w, https:\/\/www2.waldex.ch\/wordpress\/wp-content\/uploads\/2024\/01\/img_1150-1152x1536.jpg 1152w, https:\/\/www2.waldex.ch\/wordpress\/wp-content\/uploads\/2024\/01\/img_1150.jpg 1500w\" sizes=\"auto, (max-width: 767px) 89vw, (max-width: 1000px) 54vw, (max-width: 1071px) 543px, 580px\" \/><figcaption class=\"wp-element-caption\">Es ist eng aber es passt. Jaja, man k\u00f6nnte alles noch sch\u00f6ner machenm aber es verh\u00e4lt und es h\u00e4lt. Die Kabel unten rechts werden sp\u00e4ter noch angeschlossen (dato nicht in Benutzung aber als Reserve schon mal gelegt)<\/figcaption><\/figure>\n\n\n\n<p>Dennoch habe ich Tabellen geschrieben: Welcher Kontakt von welchem Segment auf welchem Port welches SubD-Steckers. Und dann sp\u00e4ter an welchen S88-Port. Aber das kommt dann mal wenn die Zeit dran ist). <\/p>\n\n\n\n<figure class=\"wp-block-image size-large\"><img loading=\"lazy\" decoding=\"async\" width=\"768\" height=\"1024\" src=\"https:\/\/www2.waldex.ch\/wordpress\/wp-content\/uploads\/2024\/01\/img_1151-768x1024.jpg\" alt=\"\" class=\"wp-image-15306\" srcset=\"https:\/\/www2.waldex.ch\/wordpress\/wp-content\/uploads\/2024\/01\/img_1151-768x1024.jpg 768w, https:\/\/www2.waldex.ch\/wordpress\/wp-content\/uploads\/2024\/01\/img_1151-225x300.jpg 225w, https:\/\/www2.waldex.ch\/wordpress\/wp-content\/uploads\/2024\/01\/img_1151-1152x1536.jpg 1152w, https:\/\/www2.waldex.ch\/wordpress\/wp-content\/uploads\/2024\/01\/img_1151.jpg 1500w\" sizes=\"auto, (max-width: 767px) 89vw, (max-width: 1000px) 54vw, (max-width: 1071px) 543px, 580px\" \/><figcaption class=\"wp-element-caption\">Nebenan die Decocoder K84  f\u00fcr das CarSystem: Stoppstellen, Abwzeigungen, Parkpl\u00e4tze. Schwarz im gelben Kabel: 82Ohm-Widerstand, damit die kleinen (tieferen) Autos in der Abzweigung nicht stehen bleiben und letztere nicht &#8222;verheizt&#8220; werden. Alles schon erlebt \/-)<\/figcaption><\/figure>\n\n\n\n<figure class=\"wp-block-image size-large\"><img loading=\"lazy\" decoding=\"async\" width=\"768\" height=\"1024\" src=\"https:\/\/www2.waldex.ch\/wordpress\/wp-content\/uploads\/2024\/01\/img_1152-768x1024.jpg\" alt=\"\" class=\"wp-image-15307\" srcset=\"https:\/\/www2.waldex.ch\/wordpress\/wp-content\/uploads\/2024\/01\/img_1152-768x1024.jpg 768w, https:\/\/www2.waldex.ch\/wordpress\/wp-content\/uploads\/2024\/01\/img_1152-225x300.jpg 225w, https:\/\/www2.waldex.ch\/wordpress\/wp-content\/uploads\/2024\/01\/img_1152-1152x1536.jpg 1152w, https:\/\/www2.waldex.ch\/wordpress\/wp-content\/uploads\/2024\/01\/img_1152.jpg 1500w\" sizes=\"auto, (max-width: 767px) 89vw, (max-width: 1000px) 54vw, (max-width: 1071px) 543px, 580px\" \/><figcaption class=\"wp-element-caption\">Vor der Schnittstelle ist genug Platz f\u00fcr Anschluss eines SubD-Kabels<\/figcaption><\/figure>\n\n\n\n<p>D.h. St\u00f6rung mit zu langen S88-Flachbandkabel k\u00f6nnen schnell passieren und auf den Computer sieht man dann nur noch eine sch\u00f6ne Lichtorgel, und nicht mehr, wo CarSystem-Fahrzeuge oder Loks auf den Schienen stehen. Die Fotos zeigen, wie so eine Sub-D Schnittstelle verbaut ist. Wird etliche geben auf der Anlage.<\/p>\n\n\n\n<figure class=\"wp-block-image size-large\"><img loading=\"lazy\" decoding=\"async\" width=\"768\" height=\"1024\" src=\"https:\/\/www2.waldex.ch\/wordpress\/wp-content\/uploads\/2024\/01\/img_1153-768x1024.jpg\" alt=\"\" class=\"wp-image-15308\" srcset=\"https:\/\/www2.waldex.ch\/wordpress\/wp-content\/uploads\/2024\/01\/img_1153-768x1024.jpg 768w, https:\/\/www2.waldex.ch\/wordpress\/wp-content\/uploads\/2024\/01\/img_1153-225x300.jpg 225w, https:\/\/www2.waldex.ch\/wordpress\/wp-content\/uploads\/2024\/01\/img_1153-1152x1536.jpg 1152w, https:\/\/www2.waldex.ch\/wordpress\/wp-content\/uploads\/2024\/01\/img_1153.jpg 1500w\" sizes=\"auto, (max-width: 767px) 89vw, (max-width: 1000px) 54vw, (max-width: 1071px) 543px, 580px\" \/><figcaption class=\"wp-element-caption\">Erster Versuch, ob sich das Kabel anschreiben l\u00e4sst. Die L\u00f6tfahnen oben rechts erlauben separate Speisung von Abzweigungen, Stoppstellen und Parkplatz. Und der Hinleiter (grau) f\u00fcr die R\u00fcckmeldekontakte.<\/figcaption><\/figure>\n\n\n\n<figure class=\"wp-block-image size-large\"><img loading=\"lazy\" decoding=\"async\" width=\"768\" height=\"1024\" src=\"https:\/\/www2.waldex.ch\/wordpress\/wp-content\/uploads\/2024\/01\/img_1154-768x1024.jpg\" alt=\"\" class=\"wp-image-15309\" srcset=\"https:\/\/www2.waldex.ch\/wordpress\/wp-content\/uploads\/2024\/01\/img_1154-768x1024.jpg 768w, https:\/\/www2.waldex.ch\/wordpress\/wp-content\/uploads\/2024\/01\/img_1154-225x300.jpg 225w, https:\/\/www2.waldex.ch\/wordpress\/wp-content\/uploads\/2024\/01\/img_1154-1152x1536.jpg 1152w, https:\/\/www2.waldex.ch\/wordpress\/wp-content\/uploads\/2024\/01\/img_1154.jpg 1500w\" sizes=\"auto, (max-width: 767px) 89vw, (max-width: 1000px) 54vw, (max-width: 1071px) 543px, 580px\" \/><figcaption class=\"wp-element-caption\">Nebenan schon fast eine Batterie voller Decoder. Die Kabel werden dezent \u00fcber Lochraster gef\u00fchrt, und dann unten links in den Steigschacht hoch. rechterhand Anschl\u00fcsse f\u00fcr den dar\u00fcberliegenden 3-gleisigen Schattenbahnhof in g\u00fcnstigen Kabelleisten aus dem Baumarkt.<\/figcaption><\/figure>\n\n\n\n<figure class=\"wp-block-image size-large\"><img loading=\"lazy\" decoding=\"async\" width=\"768\" height=\"1024\" src=\"https:\/\/www2.waldex.ch\/wordpress\/wp-content\/uploads\/2024\/02\/img_1159-768x1024.jpg\" alt=\"\" class=\"wp-image-15356\" srcset=\"https:\/\/www2.waldex.ch\/wordpress\/wp-content\/uploads\/2024\/02\/img_1159-768x1024.jpg 768w, https:\/\/www2.waldex.ch\/wordpress\/wp-content\/uploads\/2024\/02\/img_1159-225x300.jpg 225w, https:\/\/www2.waldex.ch\/wordpress\/wp-content\/uploads\/2024\/02\/img_1159-1152x1536.jpg 1152w, https:\/\/www2.waldex.ch\/wordpress\/wp-content\/uploads\/2024\/02\/img_1159.jpg 1500w\" sizes=\"auto, (max-width: 767px) 89vw, (max-width: 1000px) 54vw, (max-width: 1071px) 543px, 580px\" \/><figcaption class=\"wp-element-caption\">Alles muss durch getestet werden<\/figcaption><\/figure>\n\n\n\n<figure class=\"wp-block-image size-large\"><img loading=\"lazy\" decoding=\"async\" width=\"768\" height=\"1024\" src=\"https:\/\/www2.waldex.ch\/wordpress\/wp-content\/uploads\/2024\/02\/img_1166-768x1024.jpg\" alt=\"\" class=\"wp-image-15350\" srcset=\"https:\/\/www2.waldex.ch\/wordpress\/wp-content\/uploads\/2024\/02\/img_1166-768x1024.jpg 768w, https:\/\/www2.waldex.ch\/wordpress\/wp-content\/uploads\/2024\/02\/img_1166-225x300.jpg 225w, https:\/\/www2.waldex.ch\/wordpress\/wp-content\/uploads\/2024\/02\/img_1166-1152x1536.jpg 1152w, https:\/\/www2.waldex.ch\/wordpress\/wp-content\/uploads\/2024\/02\/img_1166.jpg 1500w\" sizes=\"auto, (max-width: 767px) 89vw, (max-width: 1000px) 54vw, (max-width: 1071px) 543px, 580px\" \/><\/figure>\n\n\n\n<p>Alles muss getestet werden\u2026 Zwei Sensoren gingen nicht. Schade. Dann hab ich festgestellt dass es die zwei sind, die ich noch nicht angeschlossen habe\u2026 Selber schuld!<\/p>\n\n\n\n<figure class=\"wp-block-image size-large\"><img loading=\"lazy\" decoding=\"async\" width=\"768\" height=\"1024\" src=\"https:\/\/www2.waldex.ch\/wordpress\/wp-content\/uploads\/2024\/02\/img_1167-768x1024.jpg\" alt=\"\" class=\"wp-image-15349\" srcset=\"https:\/\/www2.waldex.ch\/wordpress\/wp-content\/uploads\/2024\/02\/img_1167-768x1024.jpg 768w, https:\/\/www2.waldex.ch\/wordpress\/wp-content\/uploads\/2024\/02\/img_1167-225x300.jpg 225w, https:\/\/www2.waldex.ch\/wordpress\/wp-content\/uploads\/2024\/02\/img_1167-1152x1536.jpg 1152w, https:\/\/www2.waldex.ch\/wordpress\/wp-content\/uploads\/2024\/02\/img_1167.jpg 1500w\" sizes=\"auto, (max-width: 767px) 89vw, (max-width: 1000px) 54vw, (max-width: 1071px) 543px, 580px\" \/><\/figure>\n\n\n\n<figure class=\"wp-block-image size-large\"><img loading=\"lazy\" decoding=\"async\" width=\"1024\" height=\"768\" src=\"https:\/\/www2.waldex.ch\/wordpress\/wp-content\/uploads\/2024\/02\/img_1177-1024x768.jpg\" alt=\"\" class=\"wp-image-15346\" srcset=\"https:\/\/www2.waldex.ch\/wordpress\/wp-content\/uploads\/2024\/02\/img_1177-1024x768.jpg 1024w, https:\/\/www2.waldex.ch\/wordpress\/wp-content\/uploads\/2024\/02\/img_1177-300x225.jpg 300w, https:\/\/www2.waldex.ch\/wordpress\/wp-content\/uploads\/2024\/02\/img_1177-768x576.jpg 768w, https:\/\/www2.waldex.ch\/wordpress\/wp-content\/uploads\/2024\/02\/img_1177-1536x1152.jpg 1536w, https:\/\/www2.waldex.ch\/wordpress\/wp-content\/uploads\/2024\/02\/img_1177.jpg 2000w\" sizes=\"auto, (max-width: 767px) 89vw, (max-width: 1000px) 54vw, (max-width: 1071px) 543px, 580px\" \/><\/figure>\n\n\n\n<figure class=\"wp-block-image size-large\"><img loading=\"lazy\" decoding=\"async\" width=\"1024\" height=\"768\" src=\"https:\/\/www2.waldex.ch\/wordpress\/wp-content\/uploads\/2024\/02\/img_1176-1024x768.jpg\" alt=\"\" class=\"wp-image-15347\" srcset=\"https:\/\/www2.waldex.ch\/wordpress\/wp-content\/uploads\/2024\/02\/img_1176-1024x768.jpg 1024w, https:\/\/www2.waldex.ch\/wordpress\/wp-content\/uploads\/2024\/02\/img_1176-300x225.jpg 300w, https:\/\/www2.waldex.ch\/wordpress\/wp-content\/uploads\/2024\/02\/img_1176-768x576.jpg 768w, https:\/\/www2.waldex.ch\/wordpress\/wp-content\/uploads\/2024\/02\/img_1176-1536x1152.jpg 1536w, https:\/\/www2.waldex.ch\/wordpress\/wp-content\/uploads\/2024\/02\/img_1176.jpg 2000w\" sizes=\"auto, (max-width: 767px) 89vw, (max-width: 1000px) 54vw, (max-width: 1071px) 543px, 580px\" \/><\/figure>\n\n\n\n<figure class=\"wp-block-image size-large\"><img loading=\"lazy\" decoding=\"async\" width=\"1024\" height=\"768\" src=\"https:\/\/www2.waldex.ch\/wordpress\/wp-content\/uploads\/2024\/02\/img_1175-1024x768.jpg\" alt=\"\" class=\"wp-image-15348\" srcset=\"https:\/\/www2.waldex.ch\/wordpress\/wp-content\/uploads\/2024\/02\/img_1175-1024x768.jpg 1024w, https:\/\/www2.waldex.ch\/wordpress\/wp-content\/uploads\/2024\/02\/img_1175-300x225.jpg 300w, https:\/\/www2.waldex.ch\/wordpress\/wp-content\/uploads\/2024\/02\/img_1175-768x576.jpg 768w, https:\/\/www2.waldex.ch\/wordpress\/wp-content\/uploads\/2024\/02\/img_1175-1536x1152.jpg 1536w, https:\/\/www2.waldex.ch\/wordpress\/wp-content\/uploads\/2024\/02\/img_1175.jpg 2000w\" sizes=\"auto, (max-width: 767px) 89vw, (max-width: 1000px) 54vw, (max-width: 1071px) 543px, 580px\" \/><\/figure>\n","protected":false},"excerpt":{"rendered":"<p>Wohin mit den Kabeln?\u2026 Tja das ist eine gute Frage. S\u00e4mtliche Kontakte gehen irgendwann mal an einem Decoder S 88. Aber das ist noch nicht definiert. Muss auch noch nicht \ud83d\ude42 Deshalb werden alle Kabel an eine alte Computer-Sub-D-Schnittstelle gef\u00fchrt. Und dort kann man mit handels\u00fcblichen alten Computerkabel irgendwo hin. Und an diesem irgendwo stehen &hellip; <\/p>\n<p class=\"link-more\"><a href=\"https:\/\/www2.waldex.ch\/wordpress\/?p=15310\" class=\"more-link\"><span class=\"screen-reader-text\">&#8222;Wieder einmal Kabeln. Aber wohin?&#8220;<\/span> weiterlesen<\/a><\/p>\n","protected":false},"author":250,"featured_media":15314,"comment_status":"closed","ping_status":"open","sticky":false,"template":"","format":"standard","meta":{"ngg_post_thumbnail":0,"footnotes":""},"categories":[8],"tags":[],"class_list":["post-15310","post","type-post","status-publish","format-standard","has-post-thumbnail","hentry","category-build"],"_links":{"self":[{"href":"https:\/\/www2.waldex.ch\/wordpress\/index.php?rest_route=\/wp\/v2\/posts\/15310","targetHints":{"allow":["GET"]}}],"collection":[{"href":"https:\/\/www2.waldex.ch\/wordpress\/index.php?rest_route=\/wp\/v2\/posts"}],"about":[{"href":"https:\/\/www2.waldex.ch\/wordpress\/index.php?rest_route=\/wp\/v2\/types\/post"}],"author":[{"embeddable":true,"href":"https:\/\/www2.waldex.ch\/wordpress\/index.php?rest_route=\/wp\/v2\/users\/250"}],"replies":[{"embeddable":true,"href":"https:\/\/www2.waldex.ch\/wordpress\/index.php?rest_route=%2Fwp%2Fv2%2Fcomments&post=15310"}],"version-history":[{"count":0,"href":"https:\/\/www2.waldex.ch\/wordpress\/index.php?rest_route=\/wp\/v2\/posts\/15310\/revisions"}],"wp:featuredmedia":[{"embeddable":true,"href":"https:\/\/www2.waldex.ch\/wordpress\/index.php?rest_route=\/wp\/v2\/media\/15314"}],"wp:attachment":[{"href":"https:\/\/www2.waldex.ch\/wordpress\/index.php?rest_route=%2Fwp%2Fv2%2Fmedia&parent=15310"}],"wp:term":[{"taxonomy":"category","embeddable":true,"href":"https:\/\/www2.waldex.ch\/wordpress\/index.php?rest_route=%2Fwp%2Fv2%2Fcategories&post=15310"},{"taxonomy":"post_tag","embeddable":true,"href":"https:\/\/www2.waldex.ch\/wordpress\/index.php?rest_route=%2Fwp%2Fv2%2Ftags&post=15310"}],"curies":[{"name":"wp","href":"https:\/\/api.w.org\/{rel}","templated":true}]}}