







































































































































































































































































{"id":15117,"date":"2024-01-15T22:05:58","date_gmt":"2024-01-15T21:05:58","guid":{"rendered":"https:\/\/www2.waldex.ch\/wordpress\/?p=15117"},"modified":"2024-01-18T12:59:38","modified_gmt":"2024-01-18T11:59:38","slug":"carsystemsensoren-am-segment-zwei","status":"publish","type":"post","link":"https:\/\/www2.waldex.ch\/wordpress\/?p=15117","title":{"rendered":"Mal nen paar CarSystem-Sensoren auf dem Segment 2 verbaut&#8230;"},"content":{"rendered":"\n<p><\/p>\n\n\n\n<p>Ziel ist es, die Parkharfe zu bauen. Stoppstellen sind schon da, Abzweigungen kommen noch (erst kurz vor Strassenspachteln, da der Raum recht feucht ist&#8230;.)<\/p>\n\n\n\n<p>Am Anfang steht immer ein Plan: Wir bauen heute die gr\u00fcnen Kabel ran, die in der oberen Bildmitte nach unten gehen:<\/p>\n<p>&nbsp;<\/p>\n\n\n\n<figure class=\"wp-block-image size-full\"><img loading=\"lazy\" decoding=\"async\" width=\"933\" height=\"603\" src=\"https:\/\/www2.waldex.ch\/wordpress\/wp-content\/uploads\/2024\/01\/FCS_Planung.jpg\" alt=\"\" class=\"wp-image-15122\" srcset=\"https:\/\/www2.waldex.ch\/wordpress\/wp-content\/uploads\/2024\/01\/FCS_Planung.jpg 933w, https:\/\/www2.waldex.ch\/wordpress\/wp-content\/uploads\/2024\/01\/FCS_Planung-300x194.jpg 300w, https:\/\/www2.waldex.ch\/wordpress\/wp-content\/uploads\/2024\/01\/FCS_Planung-768x496.jpg 768w\" sizes=\"auto, (max-width: 767px) 89vw, (max-width: 1000px) 54vw, (max-width: 1071px) 543px, 580px\" \/><figcaption class=\"wp-element-caption\">Jedes Kabel und jeder Magnetartikel ist codiert und eindeutig nachvollziehbar. Idealerweise kommt dieselbe Zahl im Code vor wie die Digital-Adresse ist. Mapping-Tabellen vorhanden f\u00fcr R\u00fcckmelde-Kontakte und f\u00fcr Magnetartikel&#8230;sonst keine Chance&#8230;.!<\/figcaption><\/figure>\n\n\n\n<p>Unglaublich aber da hinter der Spante muss ich arbeiten:<\/p>\n<p>&nbsp;<\/p>\n\n\n\n<figure class=\"wp-block-image size-full\"><img loading=\"lazy\" decoding=\"async\" width=\"768\" height=\"1024\" src=\"https:\/\/www2.waldex.ch\/wordpress\/wp-content\/uploads\/2024\/01\/FCS_Seg2_Loch2.jpg\" alt=\"\" class=\"wp-image-15126\" srcset=\"https:\/\/www2.waldex.ch\/wordpress\/wp-content\/uploads\/2024\/01\/FCS_Seg2_Loch2.jpg 768w, https:\/\/www2.waldex.ch\/wordpress\/wp-content\/uploads\/2024\/01\/FCS_Seg2_Loch2-225x300.jpg 225w\" sizes=\"auto, (max-width: 767px) 89vw, (max-width: 1000px) 54vw, (max-width: 1071px) 543px, 580px\" \/><figcaption class=\"wp-element-caption\">Ein Chirurg hat nicht viel weniger Platz \ud83d\ude09<\/figcaption><\/figure>\n\n\n\n<figure class=\"wp-block-image size-full\"><img loading=\"lazy\" decoding=\"async\" width=\"768\" height=\"1024\" src=\"https:\/\/www2.waldex.ch\/wordpress\/wp-content\/uploads\/2024\/01\/FCS_Seg2_Loch1.jpg\" alt=\"\" class=\"wp-image-15125\" srcset=\"https:\/\/www2.waldex.ch\/wordpress\/wp-content\/uploads\/2024\/01\/FCS_Seg2_Loch1.jpg 768w, https:\/\/www2.waldex.ch\/wordpress\/wp-content\/uploads\/2024\/01\/FCS_Seg2_Loch1-225x300.jpg 225w\" sizes=\"auto, (max-width: 767px) 89vw, (max-width: 1000px) 54vw, (max-width: 1071px) 543px, 580px\" \/><figcaption class=\"wp-element-caption\">Mal muss ich wieder bestimmen, welches Kabel wof\u00fcr war<\/figcaption><\/figure>\n\n\n\n\n\n<figure class=\"wp-block-image size-full\"><img loading=\"lazy\" decoding=\"async\" width=\"768\" height=\"1024\" src=\"https:\/\/www2.waldex.ch\/wordpress\/wp-content\/uploads\/2024\/01\/FCS_Seg2_Loch3.jpg\" alt=\"\" class=\"wp-image-15127\" srcset=\"https:\/\/www2.waldex.ch\/wordpress\/wp-content\/uploads\/2024\/01\/FCS_Seg2_Loch3.jpg 768w, https:\/\/www2.waldex.ch\/wordpress\/wp-content\/uploads\/2024\/01\/FCS_Seg2_Loch3-225x300.jpg 225w\" sizes=\"auto, (max-width: 767px) 89vw, (max-width: 1000px) 54vw, (max-width: 1071px) 543px, 580px\" \/><figcaption class=\"wp-element-caption\">Auch die Befestigungssockel f\u00fcr die Kabelbinder (STP-Kabel f\u00fcr R\u00fcckmeldekontakte \u00fcber die Gleise) liessen sich zuhinterst auch irgendwie montieren.<\/figcaption><\/figure>\n\n\n\n<figure class=\"wp-block-image size-large\"><img loading=\"lazy\" decoding=\"async\" width=\"768\" height=\"1024\" src=\"https:\/\/www2.waldex.ch\/wordpress\/wp-content\/uploads\/2024\/01\/img_0877-768x1024.jpg\" alt=\"\" class=\"wp-image-15096\" srcset=\"https:\/\/www2.waldex.ch\/wordpress\/wp-content\/uploads\/2024\/01\/img_0877-768x1024.jpg 768w, https:\/\/www2.waldex.ch\/wordpress\/wp-content\/uploads\/2024\/01\/img_0877-225x300.jpg 225w, https:\/\/www2.waldex.ch\/wordpress\/wp-content\/uploads\/2024\/01\/img_0877-1152x1536.jpg 1152w, https:\/\/www2.waldex.ch\/wordpress\/wp-content\/uploads\/2024\/01\/img_0877.jpg 1500w\" sizes=\"auto, (max-width: 767px) 89vw, (max-width: 1000px) 54vw, (max-width: 1071px) 543px, 580px\" \/><figcaption class=\"wp-element-caption\">Sicht auf die Baustelle. Die Grauen Kabel &#8222;sammeln&#8220; die R\u00fcckmeldekontakte<\/figcaption><\/figure>\n\n\n\n<figure class=\"wp-block-image size-large\"><img loading=\"lazy\" decoding=\"async\" width=\"1024\" height=\"768\" src=\"https:\/\/www2.waldex.ch\/wordpress\/wp-content\/uploads\/2024\/01\/img_0872-1024x768.jpg\" alt=\"\" class=\"wp-image-15102\" srcset=\"https:\/\/www2.waldex.ch\/wordpress\/wp-content\/uploads\/2024\/01\/img_0872-1024x768.jpg 1024w, https:\/\/www2.waldex.ch\/wordpress\/wp-content\/uploads\/2024\/01\/img_0872-300x225.jpg 300w, https:\/\/www2.waldex.ch\/wordpress\/wp-content\/uploads\/2024\/01\/img_0872-768x576.jpg 768w, https:\/\/www2.waldex.ch\/wordpress\/wp-content\/uploads\/2024\/01\/img_0872-1536x1152.jpg 1536w, https:\/\/www2.waldex.ch\/wordpress\/wp-content\/uploads\/2024\/01\/img_0872.jpg 2000w\" sizes=\"auto, (max-width: 767px) 89vw, (max-width: 1000px) 54vw, (max-width: 1071px) 543px, 580px\" \/><figcaption class=\"wp-element-caption\">Musste mit Spiegeln arbeiten, da die Strassenunterseite nur ca. 10 cm \u00fcber der Gleisebene ist und eine Spante &#8222;vor dre Nase&#8220;, wenn man im Wartungschat des Segmentes arbeitet&#8230;<\/figcaption><\/figure>\n\n\n\n<figure class=\"wp-block-image size-large\"><img loading=\"lazy\" decoding=\"async\" width=\"1024\" height=\"768\" src=\"https:\/\/www2.waldex.ch\/wordpress\/wp-content\/uploads\/2024\/01\/img_0871-1024x768.jpg\" alt=\"\" class=\"wp-image-15103\" srcset=\"https:\/\/www2.waldex.ch\/wordpress\/wp-content\/uploads\/2024\/01\/img_0871-1024x768.jpg 1024w, https:\/\/www2.waldex.ch\/wordpress\/wp-content\/uploads\/2024\/01\/img_0871-300x225.jpg 300w, https:\/\/www2.waldex.ch\/wordpress\/wp-content\/uploads\/2024\/01\/img_0871-768x576.jpg 768w, https:\/\/www2.waldex.ch\/wordpress\/wp-content\/uploads\/2024\/01\/img_0871-1536x1152.jpg 1536w, https:\/\/www2.waldex.ch\/wordpress\/wp-content\/uploads\/2024\/01\/img_0871.jpg 2000w\" sizes=\"auto, (max-width: 767px) 89vw, (max-width: 1000px) 54vw, (max-width: 1071px) 543px, 580px\" \/><figcaption class=\"wp-element-caption\">Dieser Metallene Draht musste ich als Werkzeug entwickeln um die Kabel oben in die angemachten schwarzen Hefeter (meine Kabeltrassen \ud83d\ude42 ) reinlegen zu k\u00f6nnen<\/figcaption><\/figure>\n\n\n\n<figure class=\"wp-block-image size-large\"><img loading=\"lazy\" decoding=\"async\" width=\"1024\" height=\"768\" src=\"https:\/\/www2.waldex.ch\/wordpress\/wp-content\/uploads\/2024\/01\/img_0872-1-1024x768.jpg\" alt=\"\" class=\"wp-image-15107\" srcset=\"https:\/\/www2.waldex.ch\/wordpress\/wp-content\/uploads\/2024\/01\/img_0872-1-1024x768.jpg 1024w, https:\/\/www2.waldex.ch\/wordpress\/wp-content\/uploads\/2024\/01\/img_0872-1-300x225.jpg 300w, https:\/\/www2.waldex.ch\/wordpress\/wp-content\/uploads\/2024\/01\/img_0872-1-768x576.jpg 768w, https:\/\/www2.waldex.ch\/wordpress\/wp-content\/uploads\/2024\/01\/img_0872-1-1536x1152.jpg 1536w, https:\/\/www2.waldex.ch\/wordpress\/wp-content\/uploads\/2024\/01\/img_0872-1.jpg 2000w\" sizes=\"auto, (max-width: 767px) 89vw, (max-width: 1000px) 54vw, (max-width: 1071px) 543px, 580px\" \/><\/figure>\n\n\n\n<figure class=\"wp-block-image size-large\"><img loading=\"lazy\" decoding=\"async\" width=\"1024\" height=\"768\" src=\"https:\/\/www2.waldex.ch\/wordpress\/wp-content\/uploads\/2024\/01\/img_0868-1-1024x768.jpg\" alt=\"\" class=\"wp-image-15108\" srcset=\"https:\/\/www2.waldex.ch\/wordpress\/wp-content\/uploads\/2024\/01\/img_0868-1-1024x768.jpg 1024w, https:\/\/www2.waldex.ch\/wordpress\/wp-content\/uploads\/2024\/01\/img_0868-1-300x225.jpg 300w, https:\/\/www2.waldex.ch\/wordpress\/wp-content\/uploads\/2024\/01\/img_0868-1-768x576.jpg 768w, https:\/\/www2.waldex.ch\/wordpress\/wp-content\/uploads\/2024\/01\/img_0868-1-1536x1152.jpg 1536w, https:\/\/www2.waldex.ch\/wordpress\/wp-content\/uploads\/2024\/01\/img_0868-1.jpg 2000w\" sizes=\"auto, (max-width: 767px) 89vw, (max-width: 1000px) 54vw, (max-width: 1071px) 543px, 580px\" \/><figcaption class=\"wp-element-caption\">Hier mal alle Sensoren an je eine Ader am STP-Kabel angel\u00f6tet. Der gemeinsame Hinleiter (gr\u00fcner Schrumpfschlauch) ist auch schon fertig<\/figcaption><\/figure>\n\n\n\n<figure class=\"wp-block-image size-large\"><img loading=\"lazy\" decoding=\"async\" width=\"768\" height=\"1024\" src=\"https:\/\/www2.waldex.ch\/wordpress\/wp-content\/uploads\/2024\/01\/img_0862-768x1024.jpg\" alt=\"\" class=\"wp-image-15109\" srcset=\"https:\/\/www2.waldex.ch\/wordpress\/wp-content\/uploads\/2024\/01\/img_0862-768x1024.jpg 768w, https:\/\/www2.waldex.ch\/wordpress\/wp-content\/uploads\/2024\/01\/img_0862-225x300.jpg 225w, https:\/\/www2.waldex.ch\/wordpress\/wp-content\/uploads\/2024\/01\/img_0862-1152x1536.jpg 1152w, https:\/\/www2.waldex.ch\/wordpress\/wp-content\/uploads\/2024\/01\/img_0862.jpg 1500w\" sizes=\"auto, (max-width: 767px) 89vw, (max-width: 1000px) 54vw, (max-width: 1071px) 543px, 580px\" \/><figcaption class=\"wp-element-caption\">Testen ist immer wichtig &#8211; und tats\u00e4chlich war eine kalte L\u00f6tstelle gefunden! Zum Gl\u00fcck nur eine&#8230;<\/figcaption><\/figure>\n\n\n\n<figure class=\"wp-block-image size-large\"><img loading=\"lazy\" decoding=\"async\" width=\"768\" height=\"1024\" src=\"https:\/\/www2.waldex.ch\/wordpress\/wp-content\/uploads\/2024\/01\/img_0863-768x1024.jpg\" alt=\"\" class=\"wp-image-15110\" srcset=\"https:\/\/www2.waldex.ch\/wordpress\/wp-content\/uploads\/2024\/01\/img_0863-768x1024.jpg 768w, https:\/\/www2.waldex.ch\/wordpress\/wp-content\/uploads\/2024\/01\/img_0863-225x300.jpg 225w, https:\/\/www2.waldex.ch\/wordpress\/wp-content\/uploads\/2024\/01\/img_0863-1152x1536.jpg 1152w, https:\/\/www2.waldex.ch\/wordpress\/wp-content\/uploads\/2024\/01\/img_0863.jpg 1500w\" sizes=\"auto, (max-width: 767px) 89vw, (max-width: 1000px) 54vw, (max-width: 1071px) 543px, 580px\" \/><figcaption class=\"wp-element-caption\">Zum &#8222;durchpiepsen&#8220; mal ein Kabel an den gemeinamen R\u00fcckleiter<\/figcaption><\/figure>\n\n\n\n<figure class=\"wp-block-image size-large\"><img loading=\"lazy\" decoding=\"async\" width=\"768\" height=\"1024\" src=\"https:\/\/www2.waldex.ch\/wordpress\/wp-content\/uploads\/2024\/01\/img_0864-768x1024.jpg\" alt=\"\" class=\"wp-image-15111\" srcset=\"https:\/\/www2.waldex.ch\/wordpress\/wp-content\/uploads\/2024\/01\/img_0864-768x1024.jpg 768w, https:\/\/www2.waldex.ch\/wordpress\/wp-content\/uploads\/2024\/01\/img_0864-225x300.jpg 225w, https:\/\/www2.waldex.ch\/wordpress\/wp-content\/uploads\/2024\/01\/img_0864-1152x1536.jpg 1152w, https:\/\/www2.waldex.ch\/wordpress\/wp-content\/uploads\/2024\/01\/img_0864.jpg 1500w\" sizes=\"auto, (max-width: 767px) 89vw, (max-width: 1000px) 54vw, (max-width: 1071px) 543px, 580px\" \/><figcaption class=\"wp-element-caption\">&#8230;und das andere Kabel des Piepsers ans Ende der 8 adern&#8230;die kommen auf eine SubD-buchse. Mit einem alten Computerkabel (25 pin) gehts dann zu den zentralen S88 (wegen dem &#8222;schwachen&#8220; Buskabel sind die nahe beieinander und nicht auf der Anlage verteilt)<\/figcaption><\/figure>\n\n\n\n<figure class=\"wp-block-image size-large\"><img loading=\"lazy\" decoding=\"async\" width=\"1024\" height=\"768\" src=\"https:\/\/www2.waldex.ch\/wordpress\/wp-content\/uploads\/2024\/01\/img_0861-1024x768.jpg\" alt=\"\" class=\"wp-image-15112\" srcset=\"https:\/\/www2.waldex.ch\/wordpress\/wp-content\/uploads\/2024\/01\/img_0861-1024x768.jpg 1024w, https:\/\/www2.waldex.ch\/wordpress\/wp-content\/uploads\/2024\/01\/img_0861-300x225.jpg 300w, https:\/\/www2.waldex.ch\/wordpress\/wp-content\/uploads\/2024\/01\/img_0861-768x576.jpg 768w, https:\/\/www2.waldex.ch\/wordpress\/wp-content\/uploads\/2024\/01\/img_0861-1536x1152.jpg 1536w, https:\/\/www2.waldex.ch\/wordpress\/wp-content\/uploads\/2024\/01\/img_0861.jpg 2000w\" sizes=\"auto, (max-width: 767px) 89vw, (max-width: 1000px) 54vw, (max-width: 1071px) 543px, 580px\" \/><figcaption class=\"wp-element-caption\">Die Kabel sind so lange, dass man sie aus dem \u00fcber den L\u00f6chern h\u00e4ngenden Schacht herunternehmen und warten kann<\/figcaption><\/figure>\n\n\n\n<figure class=\"wp-block-image size-large is-resized\"><img loading=\"lazy\" decoding=\"async\" width=\"768\" height=\"1024\" src=\"https:\/\/www2.waldex.ch\/wordpress\/wp-content\/uploads\/2024\/01\/img_0860-768x1024.jpg\" alt=\"\" class=\"wp-image-15113\" style=\"width:674px;height:898px\" srcset=\"https:\/\/www2.waldex.ch\/wordpress\/wp-content\/uploads\/2024\/01\/img_0860-768x1024.jpg 768w, https:\/\/www2.waldex.ch\/wordpress\/wp-content\/uploads\/2024\/01\/img_0860-225x300.jpg 225w, https:\/\/www2.waldex.ch\/wordpress\/wp-content\/uploads\/2024\/01\/img_0860-1152x1536.jpg 1152w, https:\/\/www2.waldex.ch\/wordpress\/wp-content\/uploads\/2024\/01\/img_0860.jpg 1500w\" sizes=\"auto, (max-width: 767px) 89vw, (max-width: 1000px) 54vw, (max-width: 1071px) 543px, 580px\" \/><figcaption class=\"wp-element-caption\">Die Hinleiter werden zusammengel\u00f6tet (gibt nur einer f\u00fcr alle Sensoren)<\/figcaption><\/figure>\n\n\n\n<figure class=\"wp-block-image size-large\"><img loading=\"lazy\" decoding=\"async\" width=\"1024\" height=\"768\" src=\"https:\/\/www2.waldex.ch\/wordpress\/wp-content\/uploads\/2024\/01\/img_0859-1024x768.jpg\" alt=\"\" class=\"wp-image-15114\" srcset=\"https:\/\/www2.waldex.ch\/wordpress\/wp-content\/uploads\/2024\/01\/img_0859-1024x768.jpg 1024w, https:\/\/www2.waldex.ch\/wordpress\/wp-content\/uploads\/2024\/01\/img_0859-300x225.jpg 300w, https:\/\/www2.waldex.ch\/wordpress\/wp-content\/uploads\/2024\/01\/img_0859-768x576.jpg 768w, https:\/\/www2.waldex.ch\/wordpress\/wp-content\/uploads\/2024\/01\/img_0859-1536x1152.jpg 1536w, https:\/\/www2.waldex.ch\/wordpress\/wp-content\/uploads\/2024\/01\/img_0859.jpg 2000w\" sizes=\"auto, (max-width: 767px) 89vw, (max-width: 1000px) 54vw, (max-width: 1071px) 543px, 580px\" \/><figcaption class=\"wp-element-caption\">Erst mussten mal alle Kabel identifiziert werden. Gelb rechts: Zuleiter f\u00fcr Abzeigungen (sp\u00e4ter)<\/figcaption><\/figure>\n\n\n\n<figure class=\"wp-block-image size-large\"><img loading=\"lazy\" decoding=\"async\" width=\"768\" height=\"1024\" src=\"https:\/\/www2.waldex.ch\/wordpress\/wp-content\/uploads\/2024\/01\/img_0858-768x1024.jpg\" alt=\"\" class=\"wp-image-15115\" srcset=\"https:\/\/www2.waldex.ch\/wordpress\/wp-content\/uploads\/2024\/01\/img_0858-768x1024.jpg 768w, https:\/\/www2.waldex.ch\/wordpress\/wp-content\/uploads\/2024\/01\/img_0858-225x300.jpg 225w, https:\/\/www2.waldex.ch\/wordpress\/wp-content\/uploads\/2024\/01\/img_0858-1152x1536.jpg 1152w, https:\/\/www2.waldex.ch\/wordpress\/wp-content\/uploads\/2024\/01\/img_0858.jpg 1500w\" sizes=\"auto, (max-width: 767px) 89vw, (max-width: 1000px) 54vw, (max-width: 1071px) 543px, 580px\" \/><figcaption class=\"wp-element-caption\">Man arbeitet im Loch<\/figcaption><\/figure>\n\n\n\n<h2 class=\"wp-block-heading\">Das Optimum herausholen: so kompakt wie m\u00f6glich <\/h2>\n\n\n\n<p>Das Dumme ist einfach, dass ich Spanten habe. Aber die brauche ich, weil sonst geht die Statik in den Segmenten nicht mehr auf und das Ding f\u00e4llt zusammen. F\u00fcr die Kabel an sich hat es mehr als genug Platz, einfach der Zugriff ist halt ein bisschen eng. Aber ich kann auch noch die Gleise putzen und Z\u00fcge abberrgen.<br \/>Auch kann ich weichen Antriebe tauschen.. Durch diese L\u00f6cher. Das geht alles.<\/p>\n\n\n\n<figure class=\"wp-block-image size-large\"><img loading=\"lazy\" decoding=\"async\" width=\"1024\" height=\"768\" src=\"https:\/\/www2.waldex.ch\/wordpress\/wp-content\/uploads\/2024\/01\/img_0856-1024x768.jpg\" alt=\"\" class=\"wp-image-15116\" srcset=\"https:\/\/www2.waldex.ch\/wordpress\/wp-content\/uploads\/2024\/01\/img_0856-1024x768.jpg 1024w, https:\/\/www2.waldex.ch\/wordpress\/wp-content\/uploads\/2024\/01\/img_0856-300x225.jpg 300w, https:\/\/www2.waldex.ch\/wordpress\/wp-content\/uploads\/2024\/01\/img_0856-768x576.jpg 768w, https:\/\/www2.waldex.ch\/wordpress\/wp-content\/uploads\/2024\/01\/img_0856-1536x1152.jpg 1536w, https:\/\/www2.waldex.ch\/wordpress\/wp-content\/uploads\/2024\/01\/img_0856.jpg 2000w\" sizes=\"auto, (max-width: 767px) 89vw, (max-width: 1000px) 54vw, (max-width: 1071px) 543px, 580px\" \/><figcaption class=\"wp-element-caption\">Der Arbeitsplatz ist recht eng, aber ich komme \u00fcberall hin (jedenfalls jetzt noch)<\/figcaption><\/figure>\n\n\n\n<figure class=\"wp-block-image size-large is-resized\"><img loading=\"lazy\" decoding=\"async\" width=\"1024\" height=\"768\" src=\"https:\/\/www2.waldex.ch\/wordpress\/wp-content\/uploads\/2024\/01\/img_0867-1024x768.jpg\" alt=\"\" class=\"wp-image-15105\" style=\"width:674px;height:505px\" srcset=\"https:\/\/www2.waldex.ch\/wordpress\/wp-content\/uploads\/2024\/01\/img_0867-1024x768.jpg 1024w, https:\/\/www2.waldex.ch\/wordpress\/wp-content\/uploads\/2024\/01\/img_0867-300x225.jpg 300w, https:\/\/www2.waldex.ch\/wordpress\/wp-content\/uploads\/2024\/01\/img_0867-768x576.jpg 768w, https:\/\/www2.waldex.ch\/wordpress\/wp-content\/uploads\/2024\/01\/img_0867-1536x1152.jpg 1536w, https:\/\/www2.waldex.ch\/wordpress\/wp-content\/uploads\/2024\/01\/img_0867.jpg 2000w\" sizes=\"auto, (max-width: 767px) 89vw, (max-width: 1000px) 54vw, (max-width: 1071px) 543px, 580px\" \/><figcaption class=\"wp-element-caption\">Ohne Spiegel h\u00e4tte ich es glaubs nicht geschaft&#8230;.die Platte oben ist noch nicht angemacht, aber kann ich nicht mehr rausnehmen wegen den Kabeln und Sensoren, die dort h\u00e4ngen.<\/figcaption><\/figure>\n\n\n\n<figure class=\"wp-block-image size-large\"><img loading=\"lazy\" decoding=\"async\" width=\"1024\" height=\"768\" src=\"https:\/\/www2.waldex.ch\/wordpress\/wp-content\/uploads\/2024\/01\/img_0868-1024x768.jpg\" alt=\"\" class=\"wp-image-15106\" srcset=\"https:\/\/www2.waldex.ch\/wordpress\/wp-content\/uploads\/2024\/01\/img_0868-1024x768.jpg 1024w, https:\/\/www2.waldex.ch\/wordpress\/wp-content\/uploads\/2024\/01\/img_0868-300x225.jpg 300w, https:\/\/www2.waldex.ch\/wordpress\/wp-content\/uploads\/2024\/01\/img_0868-768x576.jpg 768w, https:\/\/www2.waldex.ch\/wordpress\/wp-content\/uploads\/2024\/01\/img_0868-1536x1152.jpg 1536w, https:\/\/www2.waldex.ch\/wordpress\/wp-content\/uploads\/2024\/01\/img_0868.jpg 2000w\" sizes=\"auto, (max-width: 767px) 89vw, (max-width: 1000px) 54vw, (max-width: 1071px) 543px, 580px\" \/><figcaption class=\"wp-element-caption\">Da oben gehen alle Kabel dann hin&#8230;!<\/figcaption><\/figure>\n\n\n\n<p>Ja alles ist sehr nahe aneinander, aber bewusst so gewollt dass ich m\u00f6glichst viel Betrieb auf m\u00f6glichst wenig Raum machen kann. Und alles warten muss man auch k\u00f6nnen.<\/p>\n\n\n\n<figure class=\"wp-block-image size-large\"><img loading=\"lazy\" decoding=\"async\" width=\"1024\" height=\"768\" src=\"https:\/\/www2.waldex.ch\/wordpress\/wp-content\/uploads\/2024\/01\/img_0876-1024x768.jpg\" alt=\"\" class=\"wp-image-15097\" srcset=\"https:\/\/www2.waldex.ch\/wordpress\/wp-content\/uploads\/2024\/01\/img_0876-1024x768.jpg 1024w, https:\/\/www2.waldex.ch\/wordpress\/wp-content\/uploads\/2024\/01\/img_0876-300x225.jpg 300w, https:\/\/www2.waldex.ch\/wordpress\/wp-content\/uploads\/2024\/01\/img_0876-768x576.jpg 768w, https:\/\/www2.waldex.ch\/wordpress\/wp-content\/uploads\/2024\/01\/img_0876-1536x1152.jpg 1536w, https:\/\/www2.waldex.ch\/wordpress\/wp-content\/uploads\/2024\/01\/img_0876.jpg 2000w\" sizes=\"auto, (max-width: 767px) 89vw, (max-width: 1000px) 54vw, (max-width: 1071px) 543px, 580px\" \/><figcaption class=\"wp-element-caption\">Blick \u00fcber die leise ins Segment 2..die letzte Parkplatzspule ist gut ersichtlich, dar\u00fcber wurde gebaut. Rechts die Spante l\u00e4lngs dem Gleis, welche die Arbeit schon etwas erschwerte aber nicht wegzudenken ist (Statik!)<\/figcaption><\/figure>\n\n\n\n<p>Eine Reserve habe ich noch: statt den runden L\u00f6cher k\u00f6nnte man zwei auch verbinden, so dass ein Loch oval ist. Sollte von der Statik her gehen, und ich w\u00fcrde noch besser hinkommen. Kann ich aber noch sp\u00e4ter machen mit der Stichs\u00e4ge. Hinten ist nichts, da geht also auch nichts kaputt beim S\u00e4gen.<\/p>\n\n\n\n<figure class=\"wp-block-image size-large\"><img loading=\"lazy\" decoding=\"async\" width=\"768\" height=\"1024\" src=\"https:\/\/www2.waldex.ch\/wordpress\/wp-content\/uploads\/2024\/01\/img_0875-768x1024.jpg\" alt=\"\" class=\"wp-image-15098\" srcset=\"https:\/\/www2.waldex.ch\/wordpress\/wp-content\/uploads\/2024\/01\/img_0875-768x1024.jpg 768w, https:\/\/www2.waldex.ch\/wordpress\/wp-content\/uploads\/2024\/01\/img_0875-225x300.jpg 225w, https:\/\/www2.waldex.ch\/wordpress\/wp-content\/uploads\/2024\/01\/img_0875-1152x1536.jpg 1152w, https:\/\/www2.waldex.ch\/wordpress\/wp-content\/uploads\/2024\/01\/img_0875.jpg 1500w\" sizes=\"auto, (max-width: 767px) 89vw, (max-width: 1000px) 54vw, (max-width: 1071px) 543px, 580px\" \/><figcaption class=\"wp-element-caption\">Von oben gesehen f\u00e4llt nichts auf \ud83d\ude42 die oberen zwei der im Text beschriebenen runden L\u00f6cher sind gut zu erkennen <\/figcaption><\/figure>\n\n\n\n<figure class=\"wp-block-image size-large\"><img loading=\"lazy\" decoding=\"async\" width=\"768\" height=\"1024\" src=\"https:\/\/www2.waldex.ch\/wordpress\/wp-content\/uploads\/2024\/01\/img_0874-768x1024.jpg\" alt=\"\" class=\"wp-image-15099\" srcset=\"https:\/\/www2.waldex.ch\/wordpress\/wp-content\/uploads\/2024\/01\/img_0874-768x1024.jpg 768w, https:\/\/www2.waldex.ch\/wordpress\/wp-content\/uploads\/2024\/01\/img_0874-225x300.jpg 225w, https:\/\/www2.waldex.ch\/wordpress\/wp-content\/uploads\/2024\/01\/img_0874-1152x1536.jpg 1152w, https:\/\/www2.waldex.ch\/wordpress\/wp-content\/uploads\/2024\/01\/img_0874.jpg 1500w\" sizes=\"auto, (max-width: 767px) 89vw, (max-width: 1000px) 54vw, (max-width: 1071px) 543px, 580px\" \/><figcaption class=\"wp-element-caption\">Hier vorne das Segment 1, daran machen wir sp\u00e4ter weiter<\/figcaption><\/figure>\n\n\n\n<figure class=\"wp-block-image size-large\"><img loading=\"lazy\" decoding=\"async\" width=\"1024\" height=\"768\" src=\"https:\/\/www2.waldex.ch\/wordpress\/wp-content\/uploads\/2024\/01\/img_0873-1024x768.jpg\" alt=\"\" class=\"wp-image-15100\" srcset=\"https:\/\/www2.waldex.ch\/wordpress\/wp-content\/uploads\/2024\/01\/img_0873-1024x768.jpg 1024w, https:\/\/www2.waldex.ch\/wordpress\/wp-content\/uploads\/2024\/01\/img_0873-300x225.jpg 300w, https:\/\/www2.waldex.ch\/wordpress\/wp-content\/uploads\/2024\/01\/img_0873-768x576.jpg 768w, https:\/\/www2.waldex.ch\/wordpress\/wp-content\/uploads\/2024\/01\/img_0873-1536x1152.jpg 1536w, https:\/\/www2.waldex.ch\/wordpress\/wp-content\/uploads\/2024\/01\/img_0873.jpg 2000w\" sizes=\"auto, (max-width: 767px) 89vw, (max-width: 1000px) 54vw, (max-width: 1071px) 543px, 580px\" \/><figcaption class=\"wp-element-caption\">&#8230;endlich geschafft&#8230;siet doch wenigstens ein bisschen ordentlich aus (man k\u00f6nnte noch besser&#8230;), was ich da &#8222;\u00fcber Kopf&#8220; gemacht habe? Das Foto stammt vom H\u00e4ndy auf dem Gleis nach oben. Alternativen w\u00e4ren L\u00f6tfahnen gewesen statt Kabel direkt zusammenzul\u00f6ten, aber dann w\u00e4re ich nicht mehr hingekommen&#8230;..<\/figcaption><\/figure>\n","protected":false},"excerpt":{"rendered":"<p>Ziel ist es, die Parkharfe zu bauen. Stoppstellen sind schon da, Abzweigungen kommen noch (erst kurz vor Strassenspachteln, da der Raum recht feucht ist&#8230;.) Am Anfang steht immer ein Plan: Wir bauen heute die gr\u00fcnen Kabel ran, die in der oberen Bildmitte nach unten gehen: &nbsp; Unglaublich aber da hinter der Spante muss ich arbeiten: &hellip; <\/p>\n<p class=\"link-more\"><a href=\"https:\/\/www2.waldex.ch\/wordpress\/?p=15117\" class=\"more-link\"><span class=\"screen-reader-text\">&#8222;Mal nen paar CarSystem-Sensoren auf dem Segment 2 verbaut&#8230;&#8220;<\/span> weiterlesen<\/a><\/p>\n","protected":false},"author":250,"featured_media":15101,"comment_status":"closed","ping_status":"open","sticky":false,"template":"","format":"standard","meta":{"ngg_post_thumbnail":0,"footnotes":""},"categories":[8],"tags":[],"class_list":["post-15117","post","type-post","status-publish","format-standard","has-post-thumbnail","hentry","category-build"],"_links":{"self":[{"href":"https:\/\/www2.waldex.ch\/wordpress\/index.php?rest_route=\/wp\/v2\/posts\/15117","targetHints":{"allow":["GET"]}}],"collection":[{"href":"https:\/\/www2.waldex.ch\/wordpress\/index.php?rest_route=\/wp\/v2\/posts"}],"about":[{"href":"https:\/\/www2.waldex.ch\/wordpress\/index.php?rest_route=\/wp\/v2\/types\/post"}],"author":[{"embeddable":true,"href":"https:\/\/www2.waldex.ch\/wordpress\/index.php?rest_route=\/wp\/v2\/users\/250"}],"replies":[{"embeddable":true,"href":"https:\/\/www2.waldex.ch\/wordpress\/index.php?rest_route=%2Fwp%2Fv2%2Fcomments&post=15117"}],"version-history":[{"count":0,"href":"https:\/\/www2.waldex.ch\/wordpress\/index.php?rest_route=\/wp\/v2\/posts\/15117\/revisions"}],"wp:featuredmedia":[{"embeddable":true,"href":"https:\/\/www2.waldex.ch\/wordpress\/index.php?rest_route=\/wp\/v2\/media\/15101"}],"wp:attachment":[{"href":"https:\/\/www2.waldex.ch\/wordpress\/index.php?rest_route=%2Fwp%2Fv2%2Fmedia&parent=15117"}],"wp:term":[{"taxonomy":"category","embeddable":true,"href":"https:\/\/www2.waldex.ch\/wordpress\/index.php?rest_route=%2Fwp%2Fv2%2Fcategories&post=15117"},{"taxonomy":"post_tag","embeddable":true,"href":"https:\/\/www2.waldex.ch\/wordpress\/index.php?rest_route=%2Fwp%2Fv2%2Ftags&post=15117"}],"curies":[{"name":"wp","href":"https:\/\/api.w.org\/{rel}","templated":true}]}}